{"id":1625,"date":"2025-08-30T11:32:32","date_gmt":"2025-08-30T11:32:32","guid":{"rendered":"https:\/\/pamiec81.pl\/?p=1625"},"modified":"2025-08-30T11:32:32","modified_gmt":"2025-08-30T11:32:32","slug":"zwiazki-zawodowe-w-prl-rola-dzialania-i-znaczenie","status":"publish","type":"post","link":"https:\/\/pamiec81.pl\/index.php\/zwiazki-zawodowe-w-prl-rola-dzialania-i-znaczenie\/","title":{"rendered":"Zwi\u0105zki zawodowe w PRL \u2013 rola, dzia\u0142ania i znaczenie"},"content":{"rendered":"<p><strong>Zwi\u0105zki zawodowe w PRL pe\u0142ni\u0142y wyj\u0105tkow\u0105 rol\u0119 w \u017cyciu spo\u0142ecznym i gospodarczym Polski Ludowej, b\u0119d\u0105c zar\u00f3wno narz\u0119dziem polityki pa\u0144stwa, jak i aren\u0105 walki o prawa pracownicze. Ich dzia\u0142alno\u015b\u0107 odzwierciedla\u0142a napi\u0119cia mi\u0119dzy oficjaln\u0105 ideologi\u0105 a codziennymi realiami \u017cycia w systemie centralnie sterowanym.<\/strong><\/p>\n<h3 id=\"kontekst-historyczny-i-codzienno\u015b\u0107\">Kontekst historyczny i codzienno\u015b\u0107<\/h3>\n<p>Po II wojnie \u015bwiatowej Polska znalaz\u0142a si\u0119 w strefie wp\u0142yw\u00f3w Zwi\u0105zku Radzieckiego, co doprowadzi\u0142o do budowy gospodarki socjalistycznej i g\u0142\u0119bokich zmian spo\u0142ecznych. W tych realiach zwi\u0105zki zawodowe w PRL sta\u0142y si\u0119 jednym z najwa\u017cniejszych element\u00f3w organizacji pracy, maj\u0105c wp\u0142yw na \u017cycie milion\u00f3w obywateli. Dla wielu ludzi przynale\u017cno\u015b\u0107 do zwi\u0105zku by\u0142a naturaln\u0105 cz\u0119\u015bci\u0105 codzienno\u015bci zawodowej i spo\u0142ecznej.<\/p>\n<h3 id=\"t\u0142o-polityczne-i-gospodarcze\">T\u0142o polityczne i gospodarcze<\/h3>\n<p>W\u0142adze komunistyczne po 1948 roku podporz\u0105dkowa\u0142y sobie dzia\u0142alno\u015b\u0107 zwi\u0105zk\u00f3w zawodowych, integruj\u0105c je z systemem politycznym pa\u0144stwa. <strong>G\u0142\u00f3wna centrala \u2013 Centralna Rada Zwi\u0105zk\u00f3w Zawodowych (CRZZ) \u2013 \u015bci\u015ble wsp\u00f3\u0142pracowa\u0142a z Polsk\u0105 Zjednoczon\u0105 Parti\u0105 Robotnicz\u0105, a jej funkcjonowanie regulowa\u0142y szczeg\u00f3\u0142owe przepisy.<\/strong> Centralne planowanie i reglamentacja towar\u00f3w sprawia\u0142y, \u017ce zwi\u0105zkowcy cz\u0119sto po\u015bredniczyli w rozdziale \u015bwiadcze\u0144, przydzia\u0142ach mieszka\u0144 czy talon\u00f3w na deficytowe dobra.<\/p>\n<h3 id=\"najwa\u017cniejsze-elementy-i-praktyki\">Najwa\u017cniejsze elementy i praktyki<\/h3>\n<p><strong>Cho\u0107 zwi\u0105zki zawodowe w PRL deklarowa\u0142y trosk\u0119 o prawa pracownicze, w praktyce ich dzia\u0142alno\u015b\u0107 by\u0142a silnie kontrolowana przez aparat partyjny.<\/strong> Reprezentowa\u0142y pracownik\u00f3w w negocjacjach z dyrekcjami zak\u0142ad\u00f3w, zajmowa\u0142y si\u0119 organizacj\u0105 wczas\u00f3w pracowniczych, prowadzi\u0142y dzia\u0142alno\u015b\u0107 socjaln\u0105 oraz kulturalno-o\u015bwiatow\u0105. W wielu du\u017cych zak\u0142adach by\u0142y odpowiedzialne za prowadzenie sto\u0142\u00f3wek, \u015bwietlic czy przedszkoli zak\u0142adowych. Powszechne by\u0142y \u201ewydzia\u0142y socjalne\u201d, kt\u00f3re pomaga\u0142y pracownikom rozwi\u0105zywa\u0107 problemy mieszkaniowe oraz przydziela\u0142y paczki \u015bwi\u0105teczne.<\/p>\n<h3 id=\"przyk\u0142ady-z-\u017cycia-codziennego\">Przyk\u0142ady z \u017cycia codziennego<\/h3>\n<p>W praktyce codziennej dzia\u0142alno\u015b\u0107 zwi\u0105zkowa przejawia\u0142a si\u0119 m.in. w organizowaniu wycieczek, kolonii dla dzieci czy dofinansowywaniu bilet\u00f3w do kina i teatru. Pracownicy mogli liczy\u0107 na wsparcie w przypadku trudnej sytuacji \u017cyciowej, na przyk\u0142ad przy \u015bmierci cz\u0142onka rodziny lub chorobie. W mie\u015bcie cz\u0142onkostwo w zwi\u0105zku cz\u0119sto wi\u0105za\u0142o si\u0119 z dost\u0119pem do lepszych paczek \u017cywno\u015bciowych czy \u015bwi\u0105tecznych. Na wsi natomiast dzia\u0142alno\u015b\u0107 zwi\u0105zkowa by\u0142a mniej rozbudowana i ogranicza\u0142a si\u0119 g\u0142\u00f3wnie do du\u017cych pa\u0144stwowych gospodarstw rolnych (PGR), gdzie zwi\u0105zki organizowa\u0142y obchody \u015bwi\u0105t pa\u0144stwowych czy festyny.<\/p>\n<h3 id=\"instytucje-przepisy-i-ograniczenia\">Instytucje, przepisy i ograniczenia<\/h3>\n<p><strong>Pa\u0144stwo \u015bci\u015ble okre\u015bla\u0142o zakres dzia\u0142ania zwi\u0105zk\u00f3w zawodowych, a wszelkie inicjatywy oddolne by\u0142y kontrolowane przez cenzur\u0119 i aparat bezpiecze\u0144stwa.<\/strong> Przepisy przewidywa\u0142y obowi\u0105zkow\u0105 przynale\u017cno\u015b\u0107 do zwi\u0105zku w wielu bran\u017cach, co czyni\u0142o z nich narz\u0119dzie mobilizacji spo\u0142ecznej i kontroli politycznej. Konsekwencj\u0105 tego by\u0142y ograniczone mo\u017cliwo\u015bci autentycznej reprezentacji interes\u00f3w pracownik\u00f3w, a pr\u00f3by niezale\u017cnej dzia\u0142alno\u015bci spotyka\u0142y si\u0119 z represjami \u2013 czego przyk\u0142adem by\u0142a likwidacja Wolnych Zwi\u0105zk\u00f3w Zawodowych na \u015al\u0105sku w 1977 roku.<\/p>\n<h3 id=\"wp\u0142yw-na-spo\u0142ecze\u0144stwo\">Wp\u0142yw na spo\u0142ecze\u0144stwo<\/h3>\n<p>Obecno\u015b\u0107 zwi\u0105zk\u00f3w zawodowych w PRL by\u0142a dla wielu Polak\u00f3w oczywisto\u015bci\u0105, ale ich rola wywo\u0142ywa\u0142a zr\u00f3\u017cnicowane reakcje. Z jednej strony dawa\u0142y poczucie wsp\u00f3lnoty i bezpiecze\u0144stwa socjalnego, z drugiej \u2013 cz\u0119sto postrzegane by\u0142y jako przed\u0142u\u017cenie w\u0142adzy pa\u0144stwowej. <strong>Dyskusje na temat praw pracowniczych PRL toczy\u0142y si\u0119 zar\u00f3wno w oficjalnych gremiach, jak i prywatnych rozmowach, wzbudzaj\u0105c emocje zwi\u0105zane z niespe\u0142nionymi obietnicami socjalizmu.<\/strong><\/p>\n<h3 id=\"reakcje-spo\u0142eczne-i-strategie-radzenia-sobie\">Reakcje spo\u0142eczne i strategie radzenia sobie<\/h3>\n<p>W odpowiedzi na ograniczenia formalnej dzia\u0142alno\u015bci zwi\u0105zkowej, pracownicy szukali nieformalnych dr\u00f3g za\u0142atwiania spraw \u2013 przez znajomo\u015bci z dzia\u0142aczami zwi\u0105zkowymi czy udzia\u0142 w drugim obiegu d\u00f3br. W\u015br\u00f3d alternatywnych form aktywno\u015bci mo\u017cna wymieni\u0107 prywatne spotkania, organizowane poza oficjalnymi strukturami, czy udzia\u0142 w nielegalnych strajkach i protestach, kt\u00f3re nasili\u0142y si\u0119 zw\u0142aszcza w latach 70. i 80. Wsp\u00f3lnota zwi\u0105zkowa by\u0142a tak\u017ce wa\u017cnym elementem integruj\u0105cym ludzi wok\u00f3\u0142 wsp\u00f3lnych cel\u00f3w, czego kulminacj\u0105 sta\u0142 si\u0119 ruch \u201eSolidarno\u015bci\u201d w 1980 roku.<\/p>\n<h3 id=\"dziedzictwo-i-pami\u0119\u0107\">Dziedzictwo i pami\u0119\u0107<\/h3>\n<p><strong>Zwi\u0105zki zawodowe w PRL s\u0105 dzi\u015b symbolem zar\u00f3wno skomplikowanych relacji w\u0142adzy i spo\u0142ecze\u0144stwa, jak i narodzin niezale\u017cnego ruchu zwi\u0105zkowego, kt\u00f3ry odegra\u0142 kluczow\u0105 rol\u0119 w przemianach lat 80.<\/strong> W pami\u0119ci zbiorowej temat ten budzi mieszane uczucia \u2013 od nostalgii za bezpiecze\u0144stwem socjalnym, przez ironi\u0119 wobec formalizmu, po uznanie dla prze\u0142omowej roli \u201eSolidarno\u015bci\u201d. Dzia\u0142alno\u015b\u0107 zwi\u0105zkowa tamtego okresu pozostaje wa\u017cnym punktem odniesienia dla wsp\u00f3\u0142czesnych analiz polskiej to\u017csamo\u015bci i historii spo\u0142ecznej.<\/p>\n","protected":false},"excerpt":{"rendered":"<p>Zwi\u0105zki zawodowe w PRL pe\u0142ni\u0142y wyj\u0105tkow\u0105 rol\u0119 w \u017cyciu spo\u0142ecznym i gospodarczym Polski Ludowej, b\u0119d\u0105c zar\u00f3wno narz\u0119dziem polityki pa\u0144stwa, jak i aren\u0105 walki o prawa pracownicze. Ich dzia\u0142alno\u015b\u0107 odzwierciedla\u0142a napi\u0119cia mi\u0119dzy oficjaln\u0105 ideologi\u0105 a codziennymi realiami \u017cycia w systemie centralnie sterowanym. Kontekst historyczny i codzienno\u015b\u0107 Po II wojnie \u015bwiatowej Polska znalaz\u0142a si\u0119 w strefie wp\u0142yw\u00f3w&#8230;<\/p>\n","protected":false},"author":1,"featured_media":1624,"comment_status":"","ping_status":"","sticky":false,"template":"","format":"standard","meta":{"_kadence_starter_templates_imported_post":false,"_kad_post_transparent":"","_kad_post_title":"","_kad_post_layout":"","_kad_post_sidebar_id":"","_kad_post_content_style":"","_kad_post_vertical_padding":"","_kad_post_feature":"","_kad_post_feature_position":"","_kad_post_header":false,"_kad_post_footer":false,"_kad_post_classname":"","footnotes":""},"categories":[14],"tags":[],"class_list":["post-1625","post","type-post","status-publish","format-standard","has-post-thumbnail","hentry","category-historia"],"yoast_head":"<!-- This site is optimized with the Yoast SEO plugin v27.4 - https:\/\/yoast.com\/product\/yoast-seo-wordpress\/ -->\n<title>Zwi\u0105zki zawodowe w PRL \u2013 rola, dzia\u0142ania i znaczenie - Grudzie\u0144 1981: Historia i Pami\u0119\u0107<\/title>\n<meta name=\"robots\" content=\"index, follow, max-snippet:-1, max-image-preview:large, max-video-preview:-1\" \/>\n<link rel=\"canonical\" href=\"https:\/\/pamiec81.pl\/index.php\/zwiazki-zawodowe-w-prl-rola-dzialania-i-znaczenie\/\" \/>\n<meta property=\"og:locale\" content=\"pl_PL\" \/>\n<meta property=\"og:type\" content=\"article\" \/>\n<meta property=\"og:title\" content=\"Zwi\u0105zki zawodowe w PRL \u2013 rola, dzia\u0142ania i znaczenie - Grudzie\u0144 1981: Historia i Pami\u0119\u0107\" \/>\n<meta property=\"og:description\" content=\"Zwi\u0105zki zawodowe w PRL pe\u0142ni\u0142y wyj\u0105tkow\u0105 rol\u0119 w \u017cyciu spo\u0142ecznym i gospodarczym Polski Ludowej, b\u0119d\u0105c zar\u00f3wno narz\u0119dziem polityki pa\u0144stwa, jak i aren\u0105 walki o prawa pracownicze. Ich dzia\u0142alno\u015b\u0107 odzwierciedla\u0142a napi\u0119cia mi\u0119dzy oficjaln\u0105 ideologi\u0105 a codziennymi realiami \u017cycia w systemie centralnie sterowanym. Kontekst historyczny i codzienno\u015b\u0107 Po II wojnie \u015bwiatowej Polska znalaz\u0142a si\u0119 w strefie wp\u0142yw\u00f3w...\" \/>\n<meta property=\"og:url\" content=\"https:\/\/pamiec81.pl\/index.php\/zwiazki-zawodowe-w-prl-rola-dzialania-i-znaczenie\/\" \/>\n<meta property=\"og:site_name\" content=\"Grudzie\u0144 1981: Historia i Pami\u0119\u0107\" \/>\n<meta property=\"article:published_time\" content=\"2025-08-30T11:32:32+00:00\" \/>\n<meta property=\"og:image\" content=\"https:\/\/pamiec81.pl\/wp-content\/uploads\/2025\/08\/Zwiazki-zawodowe-w-PRL-\u2013-rola-dzialania-i-znaczenie.jpg\" \/>\n\t<meta property=\"og:image:width\" content=\"1080\" \/>\n\t<meta property=\"og:image:height\" content=\"810\" \/>\n\t<meta property=\"og:image:type\" content=\"image\/jpeg\" \/>\n<meta name=\"author\" content=\"pamiec81\" \/>\n<meta name=\"twitter:card\" content=\"summary_large_image\" \/>\n<meta name=\"twitter:label1\" content=\"Napisane przez\" \/>\n\t<meta name=\"twitter:data1\" content=\"pamiec81\" \/>\n\t<meta name=\"twitter:label2\" content=\"Szacowany czas czytania\" \/>\n\t<meta name=\"twitter:data2\" content=\"4 minuty\" \/>\n<script type=\"application\/ld+json\" class=\"yoast-schema-graph\">{\"@context\":\"https:\\\/\\\/schema.org\",\"@graph\":[{\"@type\":\"Article\",\"@id\":\"https:\\\/\\\/pamiec81.pl\\\/index.php\\\/zwiazki-zawodowe-w-prl-rola-dzialania-i-znaczenie\\\/#article\",\"isPartOf\":{\"@id\":\"https:\\\/\\\/pamiec81.pl\\\/index.php\\\/zwiazki-zawodowe-w-prl-rola-dzialania-i-znaczenie\\\/\"},\"author\":{\"name\":\"pamiec81\",\"@id\":\"https:\\\/\\\/pamiec81.pl\\\/#\\\/schema\\\/person\\\/47024abcf028b8fcf0ddfcf373c4c57e\"},\"headline\":\"Zwi\u0105zki zawodowe w PRL \u2013 rola, dzia\u0142ania i znaczenie\",\"datePublished\":\"2025-08-30T11:32:32+00:00\",\"mainEntityOfPage\":{\"@id\":\"https:\\\/\\\/pamiec81.pl\\\/index.php\\\/zwiazki-zawodowe-w-prl-rola-dzialania-i-znaczenie\\\/\"},\"wordCount\":809,\"publisher\":{\"@id\":\"https:\\\/\\\/pamiec81.pl\\\/#organization\"},\"image\":{\"@id\":\"https:\\\/\\\/pamiec81.pl\\\/index.php\\\/zwiazki-zawodowe-w-prl-rola-dzialania-i-znaczenie\\\/#primaryimage\"},\"thumbnailUrl\":\"https:\\\/\\\/pamiec81.pl\\\/wp-content\\\/uploads\\\/2025\\\/08\\\/Zwiazki-zawodowe-w-PRL-\u2013-rola-dzialania-i-znaczenie.jpg\",\"articleSection\":[\"HISTORIA\"],\"inLanguage\":\"pl-PL\"},{\"@type\":\"WebPage\",\"@id\":\"https:\\\/\\\/pamiec81.pl\\\/index.php\\\/zwiazki-zawodowe-w-prl-rola-dzialania-i-znaczenie\\\/\",\"url\":\"https:\\\/\\\/pamiec81.pl\\\/index.php\\\/zwiazki-zawodowe-w-prl-rola-dzialania-i-znaczenie\\\/\",\"name\":\"Zwi\u0105zki zawodowe w PRL \u2013 rola, dzia\u0142ania i znaczenie - Grudzie\u0144 1981: Historia i Pami\u0119\u0107\",\"isPartOf\":{\"@id\":\"https:\\\/\\\/pamiec81.pl\\\/#website\"},\"primaryImageOfPage\":{\"@id\":\"https:\\\/\\\/pamiec81.pl\\\/index.php\\\/zwiazki-zawodowe-w-prl-rola-dzialania-i-znaczenie\\\/#primaryimage\"},\"image\":{\"@id\":\"https:\\\/\\\/pamiec81.pl\\\/index.php\\\/zwiazki-zawodowe-w-prl-rola-dzialania-i-znaczenie\\\/#primaryimage\"},\"thumbnailUrl\":\"https:\\\/\\\/pamiec81.pl\\\/wp-content\\\/uploads\\\/2025\\\/08\\\/Zwiazki-zawodowe-w-PRL-\u2013-rola-dzialania-i-znaczenie.jpg\",\"datePublished\":\"2025-08-30T11:32:32+00:00\",\"breadcrumb\":{\"@id\":\"https:\\\/\\\/pamiec81.pl\\\/index.php\\\/zwiazki-zawodowe-w-prl-rola-dzialania-i-znaczenie\\\/#breadcrumb\"},\"inLanguage\":\"pl-PL\",\"potentialAction\":[{\"@type\":\"ReadAction\",\"target\":[\"https:\\\/\\\/pamiec81.pl\\\/index.php\\\/zwiazki-zawodowe-w-prl-rola-dzialania-i-znaczenie\\\/\"]}]},{\"@type\":\"ImageObject\",\"inLanguage\":\"pl-PL\",\"@id\":\"https:\\\/\\\/pamiec81.pl\\\/index.php\\\/zwiazki-zawodowe-w-prl-rola-dzialania-i-znaczenie\\\/#primaryimage\",\"url\":\"https:\\\/\\\/pamiec81.pl\\\/wp-content\\\/uploads\\\/2025\\\/08\\\/Zwiazki-zawodowe-w-PRL-\u2013-rola-dzialania-i-znaczenie.jpg\",\"contentUrl\":\"https:\\\/\\\/pamiec81.pl\\\/wp-content\\\/uploads\\\/2025\\\/08\\\/Zwiazki-zawodowe-w-PRL-\u2013-rola-dzialania-i-znaczenie.jpg\",\"width\":1080,\"height\":810,\"caption\":\"Zwi\u0105zki zawodowe w PRL \u2013 rola, dzia\u0142ania i znaczenie\"},{\"@type\":\"BreadcrumbList\",\"@id\":\"https:\\\/\\\/pamiec81.pl\\\/index.php\\\/zwiazki-zawodowe-w-prl-rola-dzialania-i-znaczenie\\\/#breadcrumb\",\"itemListElement\":[{\"@type\":\"ListItem\",\"position\":1,\"name\":\"Strona g\u0142\u00f3wna\",\"item\":\"https:\\\/\\\/pamiec81.pl\\\/\"},{\"@type\":\"ListItem\",\"position\":2,\"name\":\"Zwi\u0105zki zawodowe w PRL \u2013 rola, dzia\u0142ania i znaczenie\"}]},{\"@type\":\"WebSite\",\"@id\":\"https:\\\/\\\/pamiec81.pl\\\/#website\",\"url\":\"https:\\\/\\\/pamiec81.pl\\\/\",\"name\":\"Grudzie\u0144 1981: Historia i Pami\u0119\u0107\",\"description\":\"Upami\u0119tnijmy stan wojenny grudnia 1981. Razem odkrywajmy histori\u0119, dzielmy si\u0119 wspomnieniami i refleksjami o walce o wolno\u015b\u0107 i prawd\u0119.\",\"publisher\":{\"@id\":\"https:\\\/\\\/pamiec81.pl\\\/#organization\"},\"potentialAction\":[{\"@type\":\"SearchAction\",\"target\":{\"@type\":\"EntryPoint\",\"urlTemplate\":\"https:\\\/\\\/pamiec81.pl\\\/?s={search_term_string}\"},\"query-input\":{\"@type\":\"PropertyValueSpecification\",\"valueRequired\":true,\"valueName\":\"search_term_string\"}}],\"inLanguage\":\"pl-PL\"},{\"@type\":\"Organization\",\"@id\":\"https:\\\/\\\/pamiec81.pl\\\/#organization\",\"name\":\"Grudzie\u0144 1981: Historia i Pami\u0119\u0107\",\"url\":\"https:\\\/\\\/pamiec81.pl\\\/\",\"logo\":{\"@type\":\"ImageObject\",\"inLanguage\":\"pl-PL\",\"@id\":\"https:\\\/\\\/pamiec81.pl\\\/#\\\/schema\\\/logo\\\/image\\\/\",\"url\":\"https:\\\/\\\/pamiec81.pl\\\/wp-content\\\/uploads\\\/2024\\\/10\\\/polskiemorsy.net__3_-removebg-preview.png\",\"contentUrl\":\"https:\\\/\\\/pamiec81.pl\\\/wp-content\\\/uploads\\\/2024\\\/10\\\/polskiemorsy.net__3_-removebg-preview.png\",\"width\":300,\"height\":100,\"caption\":\"Grudzie\u0144 1981: Historia i Pami\u0119\u0107\"},\"image\":{\"@id\":\"https:\\\/\\\/pamiec81.pl\\\/#\\\/schema\\\/logo\\\/image\\\/\"}},{\"@type\":\"Person\",\"@id\":\"https:\\\/\\\/pamiec81.pl\\\/#\\\/schema\\\/person\\\/47024abcf028b8fcf0ddfcf373c4c57e\",\"name\":\"pamiec81\",\"image\":{\"@type\":\"ImageObject\",\"inLanguage\":\"pl-PL\",\"@id\":\"https:\\\/\\\/secure.gravatar.com\\\/avatar\\\/8c6c8a6ddc98c0d8c18a4a687166a69e5fdbc0475752245205a512500cb18d08?s=96&d=mm&r=g\",\"url\":\"https:\\\/\\\/secure.gravatar.com\\\/avatar\\\/8c6c8a6ddc98c0d8c18a4a687166a69e5fdbc0475752245205a512500cb18d08?s=96&d=mm&r=g\",\"contentUrl\":\"https:\\\/\\\/secure.gravatar.com\\\/avatar\\\/8c6c8a6ddc98c0d8c18a4a687166a69e5fdbc0475752245205a512500cb18d08?s=96&d=mm&r=g\",\"caption\":\"pamiec81\"},\"sameAs\":[\"https:\\\/\\\/pamiec81.pl\"],\"url\":\"https:\\\/\\\/pamiec81.pl\\\/index.php\\\/author\\\/pamiec\\\/\"}]}<\/script>\n<!-- \/ Yoast SEO plugin. -->","yoast_head_json":{"title":"Zwi\u0105zki zawodowe w PRL \u2013 rola, dzia\u0142ania i znaczenie - Grudzie\u0144 1981: Historia i Pami\u0119\u0107","robots":{"index":"index","follow":"follow","max-snippet":"max-snippet:-1","max-image-preview":"max-image-preview:large","max-video-preview":"max-video-preview:-1"},"canonical":"https:\/\/pamiec81.pl\/index.php\/zwiazki-zawodowe-w-prl-rola-dzialania-i-znaczenie\/","og_locale":"pl_PL","og_type":"article","og_title":"Zwi\u0105zki zawodowe w PRL \u2013 rola, dzia\u0142ania i znaczenie - Grudzie\u0144 1981: Historia i Pami\u0119\u0107","og_description":"Zwi\u0105zki zawodowe w PRL pe\u0142ni\u0142y wyj\u0105tkow\u0105 rol\u0119 w \u017cyciu spo\u0142ecznym i gospodarczym Polski Ludowej, b\u0119d\u0105c zar\u00f3wno narz\u0119dziem polityki pa\u0144stwa, jak i aren\u0105 walki o prawa pracownicze. Ich dzia\u0142alno\u015b\u0107 odzwierciedla\u0142a napi\u0119cia mi\u0119dzy oficjaln\u0105 ideologi\u0105 a codziennymi realiami \u017cycia w systemie centralnie sterowanym. Kontekst historyczny i codzienno\u015b\u0107 Po II wojnie \u015bwiatowej Polska znalaz\u0142a si\u0119 w strefie wp\u0142yw\u00f3w...","og_url":"https:\/\/pamiec81.pl\/index.php\/zwiazki-zawodowe-w-prl-rola-dzialania-i-znaczenie\/","og_site_name":"Grudzie\u0144 1981: Historia i Pami\u0119\u0107","article_published_time":"2025-08-30T11:32:32+00:00","og_image":[{"width":1080,"height":810,"url":"https:\/\/pamiec81.pl\/wp-content\/uploads\/2025\/08\/Zwiazki-zawodowe-w-PRL-\u2013-rola-dzialania-i-znaczenie.jpg","type":"image\/jpeg"}],"author":"pamiec81","twitter_card":"summary_large_image","twitter_misc":{"Napisane przez":"pamiec81","Szacowany czas czytania":"4 minuty"},"schema":{"@context":"https:\/\/schema.org","@graph":[{"@type":"Article","@id":"https:\/\/pamiec81.pl\/index.php\/zwiazki-zawodowe-w-prl-rola-dzialania-i-znaczenie\/#article","isPartOf":{"@id":"https:\/\/pamiec81.pl\/index.php\/zwiazki-zawodowe-w-prl-rola-dzialania-i-znaczenie\/"},"author":{"name":"pamiec81","@id":"https:\/\/pamiec81.pl\/#\/schema\/person\/47024abcf028b8fcf0ddfcf373c4c57e"},"headline":"Zwi\u0105zki zawodowe w PRL \u2013 rola, dzia\u0142ania i znaczenie","datePublished":"2025-08-30T11:32:32+00:00","mainEntityOfPage":{"@id":"https:\/\/pamiec81.pl\/index.php\/zwiazki-zawodowe-w-prl-rola-dzialania-i-znaczenie\/"},"wordCount":809,"publisher":{"@id":"https:\/\/pamiec81.pl\/#organization"},"image":{"@id":"https:\/\/pamiec81.pl\/index.php\/zwiazki-zawodowe-w-prl-rola-dzialania-i-znaczenie\/#primaryimage"},"thumbnailUrl":"https:\/\/pamiec81.pl\/wp-content\/uploads\/2025\/08\/Zwiazki-zawodowe-w-PRL-\u2013-rola-dzialania-i-znaczenie.jpg","articleSection":["HISTORIA"],"inLanguage":"pl-PL"},{"@type":"WebPage","@id":"https:\/\/pamiec81.pl\/index.php\/zwiazki-zawodowe-w-prl-rola-dzialania-i-znaczenie\/","url":"https:\/\/pamiec81.pl\/index.php\/zwiazki-zawodowe-w-prl-rola-dzialania-i-znaczenie\/","name":"Zwi\u0105zki zawodowe w PRL \u2013 rola, dzia\u0142ania i znaczenie - Grudzie\u0144 1981: Historia i Pami\u0119\u0107","isPartOf":{"@id":"https:\/\/pamiec81.pl\/#website"},"primaryImageOfPage":{"@id":"https:\/\/pamiec81.pl\/index.php\/zwiazki-zawodowe-w-prl-rola-dzialania-i-znaczenie\/#primaryimage"},"image":{"@id":"https:\/\/pamiec81.pl\/index.php\/zwiazki-zawodowe-w-prl-rola-dzialania-i-znaczenie\/#primaryimage"},"thumbnailUrl":"https:\/\/pamiec81.pl\/wp-content\/uploads\/2025\/08\/Zwiazki-zawodowe-w-PRL-\u2013-rola-dzialania-i-znaczenie.jpg","datePublished":"2025-08-30T11:32:32+00:00","breadcrumb":{"@id":"https:\/\/pamiec81.pl\/index.php\/zwiazki-zawodowe-w-prl-rola-dzialania-i-znaczenie\/#breadcrumb"},"inLanguage":"pl-PL","potentialAction":[{"@type":"ReadAction","target":["https:\/\/pamiec81.pl\/index.php\/zwiazki-zawodowe-w-prl-rola-dzialania-i-znaczenie\/"]}]},{"@type":"ImageObject","inLanguage":"pl-PL","@id":"https:\/\/pamiec81.pl\/index.php\/zwiazki-zawodowe-w-prl-rola-dzialania-i-znaczenie\/#primaryimage","url":"https:\/\/pamiec81.pl\/wp-content\/uploads\/2025\/08\/Zwiazki-zawodowe-w-PRL-\u2013-rola-dzialania-i-znaczenie.jpg","contentUrl":"https:\/\/pamiec81.pl\/wp-content\/uploads\/2025\/08\/Zwiazki-zawodowe-w-PRL-\u2013-rola-dzialania-i-znaczenie.jpg","width":1080,"height":810,"caption":"Zwi\u0105zki zawodowe w PRL \u2013 rola, dzia\u0142ania i znaczenie"},{"@type":"BreadcrumbList","@id":"https:\/\/pamiec81.pl\/index.php\/zwiazki-zawodowe-w-prl-rola-dzialania-i-znaczenie\/#breadcrumb","itemListElement":[{"@type":"ListItem","position":1,"name":"Strona g\u0142\u00f3wna","item":"https:\/\/pamiec81.pl\/"},{"@type":"ListItem","position":2,"name":"Zwi\u0105zki zawodowe w PRL \u2013 rola, dzia\u0142ania i znaczenie"}]},{"@type":"WebSite","@id":"https:\/\/pamiec81.pl\/#website","url":"https:\/\/pamiec81.pl\/","name":"Grudzie\u0144 1981: Historia i Pami\u0119\u0107","description":"Upami\u0119tnijmy stan wojenny grudnia 1981. Razem odkrywajmy histori\u0119, dzielmy si\u0119 wspomnieniami i refleksjami o walce o wolno\u015b\u0107 i prawd\u0119.","publisher":{"@id":"https:\/\/pamiec81.pl\/#organization"},"potentialAction":[{"@type":"SearchAction","target":{"@type":"EntryPoint","urlTemplate":"https:\/\/pamiec81.pl\/?s={search_term_string}"},"query-input":{"@type":"PropertyValueSpecification","valueRequired":true,"valueName":"search_term_string"}}],"inLanguage":"pl-PL"},{"@type":"Organization","@id":"https:\/\/pamiec81.pl\/#organization","name":"Grudzie\u0144 1981: Historia i Pami\u0119\u0107","url":"https:\/\/pamiec81.pl\/","logo":{"@type":"ImageObject","inLanguage":"pl-PL","@id":"https:\/\/pamiec81.pl\/#\/schema\/logo\/image\/","url":"https:\/\/pamiec81.pl\/wp-content\/uploads\/2024\/10\/polskiemorsy.net__3_-removebg-preview.png","contentUrl":"https:\/\/pamiec81.pl\/wp-content\/uploads\/2024\/10\/polskiemorsy.net__3_-removebg-preview.png","width":300,"height":100,"caption":"Grudzie\u0144 1981: Historia i Pami\u0119\u0107"},"image":{"@id":"https:\/\/pamiec81.pl\/#\/schema\/logo\/image\/"}},{"@type":"Person","@id":"https:\/\/pamiec81.pl\/#\/schema\/person\/47024abcf028b8fcf0ddfcf373c4c57e","name":"pamiec81","image":{"@type":"ImageObject","inLanguage":"pl-PL","@id":"https:\/\/secure.gravatar.com\/avatar\/8c6c8a6ddc98c0d8c18a4a687166a69e5fdbc0475752245205a512500cb18d08?s=96&d=mm&r=g","url":"https:\/\/secure.gravatar.com\/avatar\/8c6c8a6ddc98c0d8c18a4a687166a69e5fdbc0475752245205a512500cb18d08?s=96&d=mm&r=g","contentUrl":"https:\/\/secure.gravatar.com\/avatar\/8c6c8a6ddc98c0d8c18a4a687166a69e5fdbc0475752245205a512500cb18d08?s=96&d=mm&r=g","caption":"pamiec81"},"sameAs":["https:\/\/pamiec81.pl"],"url":"https:\/\/pamiec81.pl\/index.php\/author\/pamiec\/"}]}},"_links":{"self":[{"href":"https:\/\/pamiec81.pl\/index.php\/wp-json\/wp\/v2\/posts\/1625","targetHints":{"allow":["GET"]}}],"collection":[{"href":"https:\/\/pamiec81.pl\/index.php\/wp-json\/wp\/v2\/posts"}],"about":[{"href":"https:\/\/pamiec81.pl\/index.php\/wp-json\/wp\/v2\/types\/post"}],"author":[{"embeddable":true,"href":"https:\/\/pamiec81.pl\/index.php\/wp-json\/wp\/v2\/users\/1"}],"replies":[{"embeddable":true,"href":"https:\/\/pamiec81.pl\/index.php\/wp-json\/wp\/v2\/comments?post=1625"}],"version-history":[{"count":1,"href":"https:\/\/pamiec81.pl\/index.php\/wp-json\/wp\/v2\/posts\/1625\/revisions"}],"predecessor-version":[{"id":1665,"href":"https:\/\/pamiec81.pl\/index.php\/wp-json\/wp\/v2\/posts\/1625\/revisions\/1665"}],"wp:featuredmedia":[{"embeddable":true,"href":"https:\/\/pamiec81.pl\/index.php\/wp-json\/wp\/v2\/media\/1624"}],"wp:attachment":[{"href":"https:\/\/pamiec81.pl\/index.php\/wp-json\/wp\/v2\/media?parent=1625"}],"wp:term":[{"taxonomy":"category","embeddable":true,"href":"https:\/\/pamiec81.pl\/index.php\/wp-json\/wp\/v2\/categories?post=1625"},{"taxonomy":"post_tag","embeddable":true,"href":"https:\/\/pamiec81.pl\/index.php\/wp-json\/wp\/v2\/tags?post=1625"}],"curies":[{"name":"wp","href":"https:\/\/api.w.org\/{rel}","templated":true}]}}