{"id":1621,"date":"2025-08-30T07:30:30","date_gmt":"2025-08-30T07:30:30","guid":{"rendered":"https:\/\/pamiec81.pl\/?p=1621"},"modified":"2025-08-30T07:30:30","modified_gmt":"2025-08-30T07:30:30","slug":"prywatny-biznes-w-prl-prywaciarze-sukcesy-i-bariery","status":"publish","type":"post","link":"https:\/\/pamiec81.pl\/index.php\/prywatny-biznes-w-prl-prywaciarze-sukcesy-i-bariery\/","title":{"rendered":"Prywatny biznes w PRL \u2013 prywaciarze, sukcesy i bariery"},"content":{"rendered":"<p><strong>Prywatny biznes PRL by\u0142 zjawiskiem wyj\u0105tkowym w scentralizowanej i reglamentowanej gospodarce Polski Ludowej. Prywaciarze PRL, prowadz\u0105c w\u0142asn\u0105 dzia\u0142alno\u015b\u0107, mierzyli si\u0119 z barierami administracyjnymi i spo\u0142ecznymi, ale te\u017c odgrywali istotn\u0105 rol\u0119 w codziennym \u017cyciu spo\u0142ecze\u0144stwa. Ich obecno\u015b\u0107 by\u0142a zar\u00f3wno przejawem przedsi\u0119biorczo\u015bci, jak i \u015bwiadectwem niedostatk\u00f3w gospodarki planowej.<\/strong><\/p>\n<h3 id=\"kontekst-historyczny-i-codzienno\u015b\u0107\">Kontekst historyczny i codzienno\u015b\u0107<\/h3>\n<p>W powojennej Polsce, szczeg\u00f3lnie od lat 50., gospodarka by\u0142a kszta\u0142towana przez centralne planowanie i pa\u0144stwow\u0105 w\u0142asno\u015b\u0107 \u015brodk\u00f3w produkcji. Pomimo tego, prywatne inicjatywy przetrwa\u0142y, zw\u0142aszcza w sektorze us\u0142ug i drobnej wytw\u00f3rczo\u015bci, odpowiadaj\u0105c na potrzeby, kt\u00f3rych nie zaspokaja\u0142 oficjalny rynek. Ma\u0142e przedsi\u0119biorstwa PRL, mimo licznych przeszk\u00f3d, dostarcza\u0142y towar\u00f3w i us\u0142ug nieosi\u0105galnych w pa\u0144stwowych sklepach.<\/p>\n<h3 id=\"t\u0142o-polityczne-i-gospodarcze\">T\u0142o polityczne i gospodarcze<\/h3>\n<p>Decyzje w\u0142adz komunistycznych mia\u0142y bezpo\u015bredni wp\u0142yw na funkcjonowanie prywatnych firm. Po nacjonalizacji przemys\u0142u w 1946 roku, pole dzia\u0142ania przedsi\u0119biorc\u00f3w prywatnych zosta\u0142o drastycznie ograniczone do rzemios\u0142a, drobnych us\u0142ug czy gastronomii. Wprowadzenie tzw. \u201ebitwy o handel\u201d w latach 1947\u20131949 skutkowa\u0142o likwidacj\u0105 wielu sklep\u00f3w i warsztat\u00f3w prywatnych. W kolejnych dekadach pa\u0144stwo narzuca\u0142o wysokie podatki, obowi\u0105zkowe dostawy oraz szczeg\u00f3\u0142owe kontrole, a reglamentacja towar\u00f3w (np. kartki na mi\u0119so wprowadzone w 1981 roku) zmusza\u0142a do kreatywnego radzenia sobie z zaopatrzeniem.<\/p>\n<h3 id=\"najwa\u017cniejsze-elementy-i-praktyki\">Najwa\u017cniejsze elementy i praktyki<\/h3>\n<p>Prowadzenie prywatnego biznesu PRL wymaga\u0142o nie tylko znajomo\u015bci bran\u017cy, ale tak\u017ce zr\u0119cznego poruszania si\u0119 w g\u0105szczu przepis\u00f3w. Przyk\u0142adem mog\u0105 by\u0107 warsztaty szewskie, pralnie czy zak\u0142ady fryzjerskie \u2013 cz\u0119sto rodzinne, prowadzone przez pokolenia. W du\u017cych miastach prywaciarze PRL prowadzili bary mleczne, sklepy spo\u017cywcze czy zak\u0142ady naprawy sprz\u0119tu AGD, oferuj\u0105c produkty i us\u0142ugi, kt\u00f3rych brakowa\u0142o w sektorze pa\u0144stwowym. Popularne by\u0142y tak\u017ce tzw. \u201eus\u0142ugi cha\u0142upnicze\u201d, jak szycie na zam\u00f3wienie czy drobne naprawy w domach klient\u00f3w.<\/p>\n<h3 id=\"przyk\u0142ady-z-\u017cycia-codziennego\">Przyk\u0142ady z \u017cycia codziennego<\/h3>\n<p>Codzienno\u015b\u0107 prywaciarzy PRL ilustruj\u0105 obrazy d\u0142ugich kolejek przed prywatnymi piekarniami, gdzie jako\u015b\u0107 chleba by\u0142a wy\u017csza ni\u017c w sp\u00f3\u0142dzielniach, czy zak\u0142ad\u00f3w fotograficznych, oferuj\u0105cych zdj\u0119cia \u201eod r\u0119ki\u201d. Na wsi aktywno\u015b\u0107 prywatna przejawia\u0142a si\u0119 w prowadzeniu ma\u0142ych warsztat\u00f3w kowalskich lub naprawy maszyn rolniczych. W miastach, poza oficjalnymi us\u0142ugami, istnia\u0142 te\u017c drugi obieg \u2013 np. sprzeda\u017c kawy, czekolady czy alkoholu \u201espod lady\u201d w prywatnych mieszkaniach. Wyj\u0105tkowym przyk\u0142adem by\u0142y rodzinne sklepy jubilerskie w Krakowie czy warszawskie pracownie krawieckie, kt\u00f3re przetrwa\u0142y dekady dzi\u0119ki renomie i lojalno\u015bci klient\u00f3w.<\/p>\n<h3 id=\"instytucje-przepisy-i-ograniczenia\">Instytucje, przepisy i ograniczenia<\/h3>\n<p>Pa\u0144stwo prowadzi\u0142o szczeg\u00f3\u0142owy nadz\u00f3r nad sektorem prywatnym. Inspekcja Handlowa, Urz\u0105d Kontroli Cen, a tak\u017ce Milicja Obywatelska regularnie kontrolowa\u0142y dzia\u0142alno\u015b\u0107 ma\u0142ych przedsi\u0119biorstw PRL. Utrudnieniem by\u0142y wysokie podatki obrotowe, obowi\u0105zek prowadzenia szczeg\u00f3\u0142owej dokumentacji oraz limity na surowce i materia\u0142y. Dodatkowo, media pa\u0144stwowe cz\u0119sto przedstawia\u0142y prywaciarzy PRL w negatywnym \u015bwietle, oskar\u017caj\u0105c o \u201ed\u0105\u017cenie do zysku kosztem spo\u0142ecze\u0144stwa\u201d.<\/p>\n<h3 id=\"wp\u0142yw-na-spo\u0142ecze\u0144stwo\">Wp\u0142yw na spo\u0142ecze\u0144stwo<\/h3>\n<p>Prywatny biznes PRL budzi\u0142 mieszane uczucia \u2013 z jednej strony by\u0142 przedmiotem zazdro\u015bci i podejrze\u0144 o nieuczciwo\u015b\u0107, z drugiej zapewnia\u0142 dost\u0119p do towar\u00f3w i us\u0142ug, kt\u00f3rych nie oferowa\u0142 sektor pa\u0144stwowy. Dzia\u0142alno\u015b\u0107 prywaciarzy PRL cz\u0119sto kojarzono z zaradno\u015bci\u0105 i przedsi\u0119biorczo\u015bci\u0105, ale te\u017c z ryzykiem i konieczno\u015bci\u0105 radzenia sobie w warunkach nieprzychylnych regulacji. Ma\u0142e przedsi\u0119biorstwa PRL by\u0142y wa\u017cnym elementem kultury codzienno\u015bci, a ich w\u0142a\u015bciciele stali si\u0119 nieformalnymi liderami lokalnych spo\u0142eczno\u015bci.<\/p>\n<h3 id=\"reakcje-spo\u0142eczne-i-strategie-radzenia-sobie\">Reakcje spo\u0142eczne i strategie radzenia sobie<\/h3>\n<p>W odpowiedzi na restrykcje, przedsi\u0119biorcy stosowali rozmaite strategie: wymiana towarowa, nieoficjalny handel czy tzw. \u201eza\u0142atwianie spraw\u201d przez znajomo\u015bci. Popularny by\u0142 tak\u017ce drugi obieg \u2013 sprzeda\u017c importowanych produkt\u00f3w bez paragonu lub \u015bwiadczenie us\u0142ug poza oficjaln\u0105 ewidencj\u0105. Wsp\u00f3lnotowo\u015b\u0107 objawia\u0142a si\u0119 m.in. wzajemn\u0105 pomoc\u0105 w zdobywaniu towar\u00f3w czy wymianie informacji o \u201ezaufanych\u201d prywaciarzach. Takie praktyki zacie\u015bnia\u0142y wi\u0119zi spo\u0142eczne i budowa\u0142y poczucie solidarno\u015bci w obliczu niedobor\u00f3w.<\/p>\n<h3 id=\"dziedzictwo-i-pami\u0119\u0107\">Dziedzictwo i pami\u0119\u0107<\/h3>\n<p>Dzi\u015b prywatny biznes PRL jest obecny w zbiorowej pami\u0119ci jako symbol zaradno\u015bci, ale te\u017c trudno\u015bci codzienno\u015bci w gospodarce niedoboru. Posta\u0107 prywaciarza PRL powraca w filmach, publikacjach i anegdotach, nierzadko wzbudzaj\u0105c nostalgi\u0119 lub u\u015bmiech, ale tak\u017ce refleksj\u0119 nad realiami gospodarki centralnie planowanej. Ma\u0142e przedsi\u0119biorstwa PRL s\u0105 wspominane jako miejsca spotka\u0144, wymiany i codziennych \u201ema\u0142ych zwyci\u0119stw\u201d w walce z systemem.<\/p>\n<p>Prywatny biznes PRL, mimo licznych barier, odegra\u0142 istotn\u0105 rol\u0119 w kszta\u0142towaniu rzeczywisto\u015bci spo\u0142ecznej i gospodarczej Polski Ludowej, pozostaj\u0105c wa\u017cnym elementem jej dziedzictwa kulturowego.<\/p>\n","protected":false},"excerpt":{"rendered":"<p>Prywatny biznes PRL by\u0142 zjawiskiem wyj\u0105tkowym w scentralizowanej i reglamentowanej gospodarce Polski Ludowej. Prywaciarze PRL, prowadz\u0105c w\u0142asn\u0105 dzia\u0142alno\u015b\u0107, mierzyli si\u0119 z barierami administracyjnymi i spo\u0142ecznymi, ale te\u017c odgrywali istotn\u0105 rol\u0119 w codziennym \u017cyciu spo\u0142ecze\u0144stwa. Ich obecno\u015b\u0107 by\u0142a zar\u00f3wno przejawem przedsi\u0119biorczo\u015bci, jak i \u015bwiadectwem niedostatk\u00f3w gospodarki planowej. Kontekst historyczny i codzienno\u015b\u0107 W powojennej Polsce, szczeg\u00f3lnie od&#8230;<\/p>\n","protected":false},"author":1,"featured_media":1620,"comment_status":"","ping_status":"","sticky":false,"template":"","format":"standard","meta":{"_kadence_starter_templates_imported_post":false,"_kad_post_transparent":"","_kad_post_title":"","_kad_post_layout":"","_kad_post_sidebar_id":"","_kad_post_content_style":"","_kad_post_vertical_padding":"","_kad_post_feature":"","_kad_post_feature_position":"","_kad_post_header":false,"_kad_post_footer":false,"_kad_post_classname":"","footnotes":""},"categories":[15],"tags":[],"class_list":["post-1621","post","type-post","status-publish","format-standard","has-post-thumbnail","hentry","category-zycie-codzienne"],"yoast_head":"<!-- This site is optimized with the Yoast SEO plugin v27.5 - https:\/\/yoast.com\/product\/yoast-seo-wordpress\/ -->\n<title>Prywatny biznes w PRL \u2013 prywaciarze, sukcesy i bariery - Grudzie\u0144 1981: Historia i Pami\u0119\u0107<\/title>\n<meta name=\"robots\" content=\"index, follow, max-snippet:-1, max-image-preview:large, max-video-preview:-1\" \/>\n<link rel=\"canonical\" href=\"https:\/\/pamiec81.pl\/index.php\/prywatny-biznes-w-prl-prywaciarze-sukcesy-i-bariery\/\" \/>\n<meta property=\"og:locale\" content=\"pl_PL\" \/>\n<meta property=\"og:type\" content=\"article\" \/>\n<meta property=\"og:title\" content=\"Prywatny biznes w PRL \u2013 prywaciarze, sukcesy i bariery - Grudzie\u0144 1981: Historia i Pami\u0119\u0107\" \/>\n<meta property=\"og:description\" content=\"Prywatny biznes PRL by\u0142 zjawiskiem wyj\u0105tkowym w scentralizowanej i reglamentowanej gospodarce Polski Ludowej. Prywaciarze PRL, prowadz\u0105c w\u0142asn\u0105 dzia\u0142alno\u015b\u0107, mierzyli si\u0119 z barierami administracyjnymi i spo\u0142ecznymi, ale te\u017c odgrywali istotn\u0105 rol\u0119 w codziennym \u017cyciu spo\u0142ecze\u0144stwa. Ich obecno\u015b\u0107 by\u0142a zar\u00f3wno przejawem przedsi\u0119biorczo\u015bci, jak i \u015bwiadectwem niedostatk\u00f3w gospodarki planowej. Kontekst historyczny i codzienno\u015b\u0107 W powojennej Polsce, szczeg\u00f3lnie od...\" \/>\n<meta property=\"og:url\" content=\"https:\/\/pamiec81.pl\/index.php\/prywatny-biznes-w-prl-prywaciarze-sukcesy-i-bariery\/\" \/>\n<meta property=\"og:site_name\" content=\"Grudzie\u0144 1981: Historia i Pami\u0119\u0107\" \/>\n<meta property=\"article:published_time\" content=\"2025-08-30T07:30:30+00:00\" \/>\n<meta property=\"og:image\" content=\"https:\/\/pamiec81.pl\/wp-content\/uploads\/2025\/08\/Prywatny-biznes-w-PRL-\u2013-prywaciarze-sukcesy-i-bariery.jpg\" \/>\n\t<meta property=\"og:image:width\" content=\"1080\" \/>\n\t<meta property=\"og:image:height\" content=\"720\" \/>\n\t<meta property=\"og:image:type\" content=\"image\/jpeg\" \/>\n<meta name=\"author\" content=\"pamiec81\" \/>\n<meta name=\"twitter:card\" content=\"summary_large_image\" \/>\n<meta name=\"twitter:label1\" content=\"Napisane przez\" \/>\n\t<meta name=\"twitter:data1\" content=\"pamiec81\" \/>\n\t<meta name=\"twitter:label2\" content=\"Szacowany czas czytania\" \/>\n\t<meta name=\"twitter:data2\" content=\"4 minuty\" \/>\n<script type=\"application\/ld+json\" class=\"yoast-schema-graph\">{\"@context\":\"https:\\\/\\\/schema.org\",\"@graph\":[{\"@type\":\"Article\",\"@id\":\"https:\\\/\\\/pamiec81.pl\\\/index.php\\\/prywatny-biznes-w-prl-prywaciarze-sukcesy-i-bariery\\\/#article\",\"isPartOf\":{\"@id\":\"https:\\\/\\\/pamiec81.pl\\\/index.php\\\/prywatny-biznes-w-prl-prywaciarze-sukcesy-i-bariery\\\/\"},\"author\":{\"name\":\"pamiec81\",\"@id\":\"https:\\\/\\\/pamiec81.pl\\\/#\\\/schema\\\/person\\\/47024abcf028b8fcf0ddfcf373c4c57e\"},\"headline\":\"Prywatny biznes w PRL \u2013 prywaciarze, sukcesy i bariery\",\"datePublished\":\"2025-08-30T07:30:30+00:00\",\"mainEntityOfPage\":{\"@id\":\"https:\\\/\\\/pamiec81.pl\\\/index.php\\\/prywatny-biznes-w-prl-prywaciarze-sukcesy-i-bariery\\\/\"},\"wordCount\":805,\"publisher\":{\"@id\":\"https:\\\/\\\/pamiec81.pl\\\/#organization\"},\"image\":{\"@id\":\"https:\\\/\\\/pamiec81.pl\\\/index.php\\\/prywatny-biznes-w-prl-prywaciarze-sukcesy-i-bariery\\\/#primaryimage\"},\"thumbnailUrl\":\"https:\\\/\\\/pamiec81.pl\\\/wp-content\\\/uploads\\\/2025\\\/08\\\/Prywatny-biznes-w-PRL-\u2013-prywaciarze-sukcesy-i-bariery.jpg\",\"articleSection\":[\"\u017bYCIE CODZIENNE\"],\"inLanguage\":\"pl-PL\"},{\"@type\":\"WebPage\",\"@id\":\"https:\\\/\\\/pamiec81.pl\\\/index.php\\\/prywatny-biznes-w-prl-prywaciarze-sukcesy-i-bariery\\\/\",\"url\":\"https:\\\/\\\/pamiec81.pl\\\/index.php\\\/prywatny-biznes-w-prl-prywaciarze-sukcesy-i-bariery\\\/\",\"name\":\"Prywatny biznes w PRL \u2013 prywaciarze, sukcesy i bariery - Grudzie\u0144 1981: Historia i Pami\u0119\u0107\",\"isPartOf\":{\"@id\":\"https:\\\/\\\/pamiec81.pl\\\/#website\"},\"primaryImageOfPage\":{\"@id\":\"https:\\\/\\\/pamiec81.pl\\\/index.php\\\/prywatny-biznes-w-prl-prywaciarze-sukcesy-i-bariery\\\/#primaryimage\"},\"image\":{\"@id\":\"https:\\\/\\\/pamiec81.pl\\\/index.php\\\/prywatny-biznes-w-prl-prywaciarze-sukcesy-i-bariery\\\/#primaryimage\"},\"thumbnailUrl\":\"https:\\\/\\\/pamiec81.pl\\\/wp-content\\\/uploads\\\/2025\\\/08\\\/Prywatny-biznes-w-PRL-\u2013-prywaciarze-sukcesy-i-bariery.jpg\",\"datePublished\":\"2025-08-30T07:30:30+00:00\",\"breadcrumb\":{\"@id\":\"https:\\\/\\\/pamiec81.pl\\\/index.php\\\/prywatny-biznes-w-prl-prywaciarze-sukcesy-i-bariery\\\/#breadcrumb\"},\"inLanguage\":\"pl-PL\",\"potentialAction\":[{\"@type\":\"ReadAction\",\"target\":[\"https:\\\/\\\/pamiec81.pl\\\/index.php\\\/prywatny-biznes-w-prl-prywaciarze-sukcesy-i-bariery\\\/\"]}]},{\"@type\":\"ImageObject\",\"inLanguage\":\"pl-PL\",\"@id\":\"https:\\\/\\\/pamiec81.pl\\\/index.php\\\/prywatny-biznes-w-prl-prywaciarze-sukcesy-i-bariery\\\/#primaryimage\",\"url\":\"https:\\\/\\\/pamiec81.pl\\\/wp-content\\\/uploads\\\/2025\\\/08\\\/Prywatny-biznes-w-PRL-\u2013-prywaciarze-sukcesy-i-bariery.jpg\",\"contentUrl\":\"https:\\\/\\\/pamiec81.pl\\\/wp-content\\\/uploads\\\/2025\\\/08\\\/Prywatny-biznes-w-PRL-\u2013-prywaciarze-sukcesy-i-bariery.jpg\",\"width\":1080,\"height\":720,\"caption\":\"Prywatny biznes w PRL \u2013 prywaciarze, sukcesy i bariery\"},{\"@type\":\"BreadcrumbList\",\"@id\":\"https:\\\/\\\/pamiec81.pl\\\/index.php\\\/prywatny-biznes-w-prl-prywaciarze-sukcesy-i-bariery\\\/#breadcrumb\",\"itemListElement\":[{\"@type\":\"ListItem\",\"position\":1,\"name\":\"Strona g\u0142\u00f3wna\",\"item\":\"https:\\\/\\\/pamiec81.pl\\\/\"},{\"@type\":\"ListItem\",\"position\":2,\"name\":\"Prywatny biznes w PRL \u2013 prywaciarze, sukcesy i bariery\"}]},{\"@type\":\"WebSite\",\"@id\":\"https:\\\/\\\/pamiec81.pl\\\/#website\",\"url\":\"https:\\\/\\\/pamiec81.pl\\\/\",\"name\":\"Grudzie\u0144 1981: Historia i Pami\u0119\u0107\",\"description\":\"Upami\u0119tnijmy stan wojenny grudnia 1981. Razem odkrywajmy histori\u0119, dzielmy si\u0119 wspomnieniami i refleksjami o walce o wolno\u015b\u0107 i prawd\u0119.\",\"publisher\":{\"@id\":\"https:\\\/\\\/pamiec81.pl\\\/#organization\"},\"potentialAction\":[{\"@type\":\"SearchAction\",\"target\":{\"@type\":\"EntryPoint\",\"urlTemplate\":\"https:\\\/\\\/pamiec81.pl\\\/?s={search_term_string}\"},\"query-input\":{\"@type\":\"PropertyValueSpecification\",\"valueRequired\":true,\"valueName\":\"search_term_string\"}}],\"inLanguage\":\"pl-PL\"},{\"@type\":\"Organization\",\"@id\":\"https:\\\/\\\/pamiec81.pl\\\/#organization\",\"name\":\"Grudzie\u0144 1981: Historia i Pami\u0119\u0107\",\"url\":\"https:\\\/\\\/pamiec81.pl\\\/\",\"logo\":{\"@type\":\"ImageObject\",\"inLanguage\":\"pl-PL\",\"@id\":\"https:\\\/\\\/pamiec81.pl\\\/#\\\/schema\\\/logo\\\/image\\\/\",\"url\":\"https:\\\/\\\/pamiec81.pl\\\/wp-content\\\/uploads\\\/2024\\\/10\\\/polskiemorsy.net__3_-removebg-preview.png\",\"contentUrl\":\"https:\\\/\\\/pamiec81.pl\\\/wp-content\\\/uploads\\\/2024\\\/10\\\/polskiemorsy.net__3_-removebg-preview.png\",\"width\":300,\"height\":100,\"caption\":\"Grudzie\u0144 1981: Historia i Pami\u0119\u0107\"},\"image\":{\"@id\":\"https:\\\/\\\/pamiec81.pl\\\/#\\\/schema\\\/logo\\\/image\\\/\"}},{\"@type\":\"Person\",\"@id\":\"https:\\\/\\\/pamiec81.pl\\\/#\\\/schema\\\/person\\\/47024abcf028b8fcf0ddfcf373c4c57e\",\"name\":\"pamiec81\",\"image\":{\"@type\":\"ImageObject\",\"inLanguage\":\"pl-PL\",\"@id\":\"https:\\\/\\\/secure.gravatar.com\\\/avatar\\\/8c6c8a6ddc98c0d8c18a4a687166a69e5fdbc0475752245205a512500cb18d08?s=96&d=mm&r=g\",\"url\":\"https:\\\/\\\/secure.gravatar.com\\\/avatar\\\/8c6c8a6ddc98c0d8c18a4a687166a69e5fdbc0475752245205a512500cb18d08?s=96&d=mm&r=g\",\"contentUrl\":\"https:\\\/\\\/secure.gravatar.com\\\/avatar\\\/8c6c8a6ddc98c0d8c18a4a687166a69e5fdbc0475752245205a512500cb18d08?s=96&d=mm&r=g\",\"caption\":\"pamiec81\"},\"sameAs\":[\"https:\\\/\\\/pamiec81.pl\"],\"url\":\"https:\\\/\\\/pamiec81.pl\\\/index.php\\\/author\\\/pamiec\\\/\"}]}<\/script>\n<!-- \/ Yoast SEO plugin. -->","yoast_head_json":{"title":"Prywatny biznes w PRL \u2013 prywaciarze, sukcesy i bariery - Grudzie\u0144 1981: Historia i Pami\u0119\u0107","robots":{"index":"index","follow":"follow","max-snippet":"max-snippet:-1","max-image-preview":"max-image-preview:large","max-video-preview":"max-video-preview:-1"},"canonical":"https:\/\/pamiec81.pl\/index.php\/prywatny-biznes-w-prl-prywaciarze-sukcesy-i-bariery\/","og_locale":"pl_PL","og_type":"article","og_title":"Prywatny biznes w PRL \u2013 prywaciarze, sukcesy i bariery - Grudzie\u0144 1981: Historia i Pami\u0119\u0107","og_description":"Prywatny biznes PRL by\u0142 zjawiskiem wyj\u0105tkowym w scentralizowanej i reglamentowanej gospodarce Polski Ludowej. Prywaciarze PRL, prowadz\u0105c w\u0142asn\u0105 dzia\u0142alno\u015b\u0107, mierzyli si\u0119 z barierami administracyjnymi i spo\u0142ecznymi, ale te\u017c odgrywali istotn\u0105 rol\u0119 w codziennym \u017cyciu spo\u0142ecze\u0144stwa. Ich obecno\u015b\u0107 by\u0142a zar\u00f3wno przejawem przedsi\u0119biorczo\u015bci, jak i \u015bwiadectwem niedostatk\u00f3w gospodarki planowej. Kontekst historyczny i codzienno\u015b\u0107 W powojennej Polsce, szczeg\u00f3lnie od...","og_url":"https:\/\/pamiec81.pl\/index.php\/prywatny-biznes-w-prl-prywaciarze-sukcesy-i-bariery\/","og_site_name":"Grudzie\u0144 1981: Historia i Pami\u0119\u0107","article_published_time":"2025-08-30T07:30:30+00:00","og_image":[{"width":1080,"height":720,"url":"https:\/\/pamiec81.pl\/wp-content\/uploads\/2025\/08\/Prywatny-biznes-w-PRL-\u2013-prywaciarze-sukcesy-i-bariery.jpg","type":"image\/jpeg"}],"author":"pamiec81","twitter_card":"summary_large_image","twitter_misc":{"Napisane przez":"pamiec81","Szacowany czas czytania":"4 minuty"},"schema":{"@context":"https:\/\/schema.org","@graph":[{"@type":"Article","@id":"https:\/\/pamiec81.pl\/index.php\/prywatny-biznes-w-prl-prywaciarze-sukcesy-i-bariery\/#article","isPartOf":{"@id":"https:\/\/pamiec81.pl\/index.php\/prywatny-biznes-w-prl-prywaciarze-sukcesy-i-bariery\/"},"author":{"name":"pamiec81","@id":"https:\/\/pamiec81.pl\/#\/schema\/person\/47024abcf028b8fcf0ddfcf373c4c57e"},"headline":"Prywatny biznes w PRL \u2013 prywaciarze, sukcesy i bariery","datePublished":"2025-08-30T07:30:30+00:00","mainEntityOfPage":{"@id":"https:\/\/pamiec81.pl\/index.php\/prywatny-biznes-w-prl-prywaciarze-sukcesy-i-bariery\/"},"wordCount":805,"publisher":{"@id":"https:\/\/pamiec81.pl\/#organization"},"image":{"@id":"https:\/\/pamiec81.pl\/index.php\/prywatny-biznes-w-prl-prywaciarze-sukcesy-i-bariery\/#primaryimage"},"thumbnailUrl":"https:\/\/pamiec81.pl\/wp-content\/uploads\/2025\/08\/Prywatny-biznes-w-PRL-\u2013-prywaciarze-sukcesy-i-bariery.jpg","articleSection":["\u017bYCIE CODZIENNE"],"inLanguage":"pl-PL"},{"@type":"WebPage","@id":"https:\/\/pamiec81.pl\/index.php\/prywatny-biznes-w-prl-prywaciarze-sukcesy-i-bariery\/","url":"https:\/\/pamiec81.pl\/index.php\/prywatny-biznes-w-prl-prywaciarze-sukcesy-i-bariery\/","name":"Prywatny biznes w PRL \u2013 prywaciarze, sukcesy i bariery - Grudzie\u0144 1981: Historia i Pami\u0119\u0107","isPartOf":{"@id":"https:\/\/pamiec81.pl\/#website"},"primaryImageOfPage":{"@id":"https:\/\/pamiec81.pl\/index.php\/prywatny-biznes-w-prl-prywaciarze-sukcesy-i-bariery\/#primaryimage"},"image":{"@id":"https:\/\/pamiec81.pl\/index.php\/prywatny-biznes-w-prl-prywaciarze-sukcesy-i-bariery\/#primaryimage"},"thumbnailUrl":"https:\/\/pamiec81.pl\/wp-content\/uploads\/2025\/08\/Prywatny-biznes-w-PRL-\u2013-prywaciarze-sukcesy-i-bariery.jpg","datePublished":"2025-08-30T07:30:30+00:00","breadcrumb":{"@id":"https:\/\/pamiec81.pl\/index.php\/prywatny-biznes-w-prl-prywaciarze-sukcesy-i-bariery\/#breadcrumb"},"inLanguage":"pl-PL","potentialAction":[{"@type":"ReadAction","target":["https:\/\/pamiec81.pl\/index.php\/prywatny-biznes-w-prl-prywaciarze-sukcesy-i-bariery\/"]}]},{"@type":"ImageObject","inLanguage":"pl-PL","@id":"https:\/\/pamiec81.pl\/index.php\/prywatny-biznes-w-prl-prywaciarze-sukcesy-i-bariery\/#primaryimage","url":"https:\/\/pamiec81.pl\/wp-content\/uploads\/2025\/08\/Prywatny-biznes-w-PRL-\u2013-prywaciarze-sukcesy-i-bariery.jpg","contentUrl":"https:\/\/pamiec81.pl\/wp-content\/uploads\/2025\/08\/Prywatny-biznes-w-PRL-\u2013-prywaciarze-sukcesy-i-bariery.jpg","width":1080,"height":720,"caption":"Prywatny biznes w PRL \u2013 prywaciarze, sukcesy i bariery"},{"@type":"BreadcrumbList","@id":"https:\/\/pamiec81.pl\/index.php\/prywatny-biznes-w-prl-prywaciarze-sukcesy-i-bariery\/#breadcrumb","itemListElement":[{"@type":"ListItem","position":1,"name":"Strona g\u0142\u00f3wna","item":"https:\/\/pamiec81.pl\/"},{"@type":"ListItem","position":2,"name":"Prywatny biznes w PRL \u2013 prywaciarze, sukcesy i bariery"}]},{"@type":"WebSite","@id":"https:\/\/pamiec81.pl\/#website","url":"https:\/\/pamiec81.pl\/","name":"Grudzie\u0144 1981: Historia i Pami\u0119\u0107","description":"Upami\u0119tnijmy stan wojenny grudnia 1981. Razem odkrywajmy histori\u0119, dzielmy si\u0119 wspomnieniami i refleksjami o walce o wolno\u015b\u0107 i prawd\u0119.","publisher":{"@id":"https:\/\/pamiec81.pl\/#organization"},"potentialAction":[{"@type":"SearchAction","target":{"@type":"EntryPoint","urlTemplate":"https:\/\/pamiec81.pl\/?s={search_term_string}"},"query-input":{"@type":"PropertyValueSpecification","valueRequired":true,"valueName":"search_term_string"}}],"inLanguage":"pl-PL"},{"@type":"Organization","@id":"https:\/\/pamiec81.pl\/#organization","name":"Grudzie\u0144 1981: Historia i Pami\u0119\u0107","url":"https:\/\/pamiec81.pl\/","logo":{"@type":"ImageObject","inLanguage":"pl-PL","@id":"https:\/\/pamiec81.pl\/#\/schema\/logo\/image\/","url":"https:\/\/pamiec81.pl\/wp-content\/uploads\/2024\/10\/polskiemorsy.net__3_-removebg-preview.png","contentUrl":"https:\/\/pamiec81.pl\/wp-content\/uploads\/2024\/10\/polskiemorsy.net__3_-removebg-preview.png","width":300,"height":100,"caption":"Grudzie\u0144 1981: Historia i Pami\u0119\u0107"},"image":{"@id":"https:\/\/pamiec81.pl\/#\/schema\/logo\/image\/"}},{"@type":"Person","@id":"https:\/\/pamiec81.pl\/#\/schema\/person\/47024abcf028b8fcf0ddfcf373c4c57e","name":"pamiec81","image":{"@type":"ImageObject","inLanguage":"pl-PL","@id":"https:\/\/secure.gravatar.com\/avatar\/8c6c8a6ddc98c0d8c18a4a687166a69e5fdbc0475752245205a512500cb18d08?s=96&d=mm&r=g","url":"https:\/\/secure.gravatar.com\/avatar\/8c6c8a6ddc98c0d8c18a4a687166a69e5fdbc0475752245205a512500cb18d08?s=96&d=mm&r=g","contentUrl":"https:\/\/secure.gravatar.com\/avatar\/8c6c8a6ddc98c0d8c18a4a687166a69e5fdbc0475752245205a512500cb18d08?s=96&d=mm&r=g","caption":"pamiec81"},"sameAs":["https:\/\/pamiec81.pl"],"url":"https:\/\/pamiec81.pl\/index.php\/author\/pamiec\/"}]}},"_links":{"self":[{"href":"https:\/\/pamiec81.pl\/index.php\/wp-json\/wp\/v2\/posts\/1621","targetHints":{"allow":["GET"]}}],"collection":[{"href":"https:\/\/pamiec81.pl\/index.php\/wp-json\/wp\/v2\/posts"}],"about":[{"href":"https:\/\/pamiec81.pl\/index.php\/wp-json\/wp\/v2\/types\/post"}],"author":[{"embeddable":true,"href":"https:\/\/pamiec81.pl\/index.php\/wp-json\/wp\/v2\/users\/1"}],"replies":[{"embeddable":true,"href":"https:\/\/pamiec81.pl\/index.php\/wp-json\/wp\/v2\/comments?post=1621"}],"version-history":[{"count":1,"href":"https:\/\/pamiec81.pl\/index.php\/wp-json\/wp\/v2\/posts\/1621\/revisions"}],"predecessor-version":[{"id":1663,"href":"https:\/\/pamiec81.pl\/index.php\/wp-json\/wp\/v2\/posts\/1621\/revisions\/1663"}],"wp:featuredmedia":[{"embeddable":true,"href":"https:\/\/pamiec81.pl\/index.php\/wp-json\/wp\/v2\/media\/1620"}],"wp:attachment":[{"href":"https:\/\/pamiec81.pl\/index.php\/wp-json\/wp\/v2\/media?parent=1621"}],"wp:term":[{"taxonomy":"category","embeddable":true,"href":"https:\/\/pamiec81.pl\/index.php\/wp-json\/wp\/v2\/categories?post=1621"},{"taxonomy":"post_tag","embeddable":true,"href":"https:\/\/pamiec81.pl\/index.php\/wp-json\/wp\/v2\/tags?post=1621"}],"curies":[{"name":"wp","href":"https:\/\/api.w.org\/{rel}","templated":true}]}}