{"id":1619,"date":"2025-08-30T05:29:29","date_gmt":"2025-08-30T05:29:29","guid":{"rendered":"https:\/\/pamiec81.pl\/?p=1619"},"modified":"2025-08-30T05:29:29","modified_gmt":"2025-08-30T05:29:29","slug":"wladza-ludowa-w-prl-mechanizmy-kontroli-i-codziennosc","status":"publish","type":"post","link":"https:\/\/pamiec81.pl\/index.php\/wladza-ludowa-w-prl-mechanizmy-kontroli-i-codziennosc\/","title":{"rendered":"W\u0142adza ludowa w PRL \u2013 mechanizmy kontroli i codzienno\u015b\u0107"},"content":{"rendered":"<p><strong>W\u0142adza ludowa PRL stanowi\u0142a fundament funkcjonowania pa\u0144stwa w Polsce w latach 1944\u20131989, kszta\u0142tuj\u0105c nie tylko ustr\u00f3j polityczny, ale i ka\u017cdy aspekt \u017cycia codziennego obywateli. Mechanizmy kontroli i sposoby zarz\u0105dzania spo\u0142ecze\u0144stwem przez aparat pa\u0144stwowy wp\u0142ywa\u0142y na relacje spo\u0142eczne, gospodark\u0119 oraz kultur\u0119, pozostawiaj\u0105c trwa\u0142e \u015blady w zbiorowej pami\u0119ci Polak\u00f3w.<\/strong><\/p>\n<h3 id=\"kontekst-historyczny-i-codzienno\u015b\u0107\">Kontekst historyczny i codzienno\u015b\u0107<\/h3>\n<p>Po II wojnie \u015bwiatowej Polska znalaz\u0142a si\u0119 w strefie wp\u0142yw\u00f3w ZSRR, a nowo utworzona w\u0142adza ludowa PRL d\u0105\u017cy\u0142a do przeobra\u017cenia spo\u0142ecze\u0144stwa wed\u0142ug wzorc\u00f3w socjalistycznych. Obywatele codziennie do\u015bwiadczali konsekwencji centralnego zarz\u0105dzania: od planowania produkcji i dystrybucji d\u00f3br, po regulacj\u0119 zachowa\u0144 spo\u0142ecznych i kontrol\u0119 informacji. Temat ten by\u0142 kluczowy, poniewa\u017c realia dnia codziennego by\u0142y kszta\u0142towane przez decyzje zapadaj\u0105ce w gabinetach politycznych, a nie oddolne potrzeby spo\u0142ecze\u0144stwa.<\/p>\n<h3 id=\"t\u0142o-polityczne-i-gospodarcze\">T\u0142o polityczne i gospodarcze<\/h3>\n<p>System polityczny PRL opiera\u0142 si\u0119 na monopolu Polskiej Zjednoczonej Partii Robotniczej oraz \u015bcis\u0142ej kontroli pa\u0144stwa nad gospodark\u0105. Centralne planowanie, wprowadzone w ramach kolejnych plan\u00f3w gospodarczych (np. Plan Sze\u015bcioletni 1950\u20131955), skutkowa\u0142o niedoborami towar\u00f3w i powszechn\u0105 reglamentacj\u0105. Przepisy okre\u015bla\u0142y zasady przydzia\u0142u mieszka\u0144, dost\u0119p do edukacji czy mo\u017cliwo\u015bci wyjazdu za granic\u0119. Polityka PRL prowadzi\u0142a do rozbudowy urz\u0119d\u00f3w w PRL, kt\u00f3re zarz\u0105dza\u0142y dystrybucj\u0105 kartkow\u0105, przydzia\u0142ami i kontrol\u0105 rynku pracy.<\/p>\n<h3 id=\"najwa\u017cniejsze-elementy-i-praktyki\">Najwa\u017cniejsze elementy i praktyki<\/h3>\n<p>Codzienno\u015b\u0107 w PRL by\u0142a zdominowana przez szereg mechanizm\u00f3w kontroli spo\u0142ecznej. <strong>Cenzura prewencyjna, formalnie ustanowiona w 1946 roku, kontrolowa\u0142a wszelkie publikacje, media i sztuk\u0119.<\/strong> System kartkowy, na przyk\u0142ad wprowadzony w sierpniu 1981 roku dla mi\u0119sa, a p\u00f3\u017aniej rozszerzany na kolejne produkty, ogranicza\u0142 swobod\u0119 konsumpcji. W praktyce funkcjonowa\u0142y liczne kontrole urz\u0119dnik\u00f3w, a tak\u017ce obowi\u0105zek meldunkowy, kt\u00f3ry utrudnia\u0142 swobodn\u0105 migracj\u0119.<\/p>\n<h3 id=\"przyk\u0142ady-z-\u017cycia-codziennego\">Przyk\u0142ady z \u017cycia codziennego<\/h3>\n<p>Typow\u0105 sytuacj\u0105 dnia codziennego by\u0142y d\u0142ugie kolejki po podstawowe produkty \u017cywno\u015bciowe, takie jak mas\u0142o, mi\u0119so czy papier toaletowy. Na wsi problemem by\u0142a centralna skup produkcji rolnej i ograniczony dost\u0119p do nowoczesnych technologii, podczas gdy w miastach dominowa\u0142y sp\u00f3\u0142dzielcze bloki i ograniczone mo\u017cliwo\u015bci nabycia w\u0142asnego mieszkania. W\u015br\u00f3d dzieci popularno\u015bci\u0105 cieszy\u0142y si\u0119 zabawki takie jak \u201eRadosna G\u0105sienica\u201d czy gry planszowe \u201eGrzybobranie\u201d, a do rozrywek doros\u0142ych nale\u017ca\u0142y prywatki, cz\u0119sto organizowane w domach ze wzgl\u0119du na brak publicznych lokali. \u015awi\u0119ta pa\u0144stwowe, np. 1 maja, by\u0142y obchodzone obowi\u0105zkowo, z udzia\u0142em zak\u0142ad\u00f3w pracy i szk\u00f3\u0142.<\/p>\n<h3 id=\"instytucje-przepisy-i-ograniczenia\">Instytucje, przepisy i ograniczenia<\/h3>\n<p><strong>Pa\u0144stwo sprawowa\u0142o kontrol\u0119 nad niemal ka\u017cdym aspektem \u017cycia poprzez rozbudowan\u0105 sie\u0107 instytucji, takich jak Komitet Centralny PZPR, G\u0142\u00f3wny Urz\u0105d Kontroli Prasy, Publikacji i Widowisk, czy urz\u0119dy w PRL odpowiedzialne za dystrybucj\u0119 kartkow\u0105 i ewidencj\u0119 ludno\u015bci.<\/strong> Wprowadzenie cenzury, obowi\u0105zek meldunkowy, reglamentacja oraz zakaz dzia\u0142alno\u015bci niezale\u017cnych zwi\u0105zk\u00f3w zawodowych stanowi\u0142y podstawowe narz\u0119dzia kontroli spo\u0142ecznej. Administracja pa\u0144stwowa mia\u0142a uprawnienia do kontrolowania tre\u015bci kultury, wyznaczania limit\u00f3w produkcji i decydowania o przydzia\u0142ach r\u00f3\u017cnych d\u00f3br.<\/p>\n<h3 id=\"wp\u0142yw-na-spo\u0142ecze\u0144stwo\">Wp\u0142yw na spo\u0142ecze\u0144stwo<\/h3>\n<p><strong>Mechanizmy kontroli i ograniczenia narzucane przez w\u0142adze wp\u0142ywa\u0142y na codzienne zachowania, powoduj\u0105c frustracj\u0119, poczucie niesprawiedliwo\u015bci, ale te\u017c rodz\u0105c specyficzne formy solidarno\u015bci i kreatywno\u015bci spo\u0142ecznej.<\/strong> Ograniczony dost\u0119p do d\u00f3br konsumpcyjnych oraz sta\u0142a obecno\u015b\u0107 kontroli pa\u0144stwowej determinowa\u0142y styl \u017cycia, spos\u00f3b sp\u0119dzania wolnego czasu i relacje mi\u0119dzyludzkie. Temat ten mia\u0142 tak\u017ce wymiar kulturowy, kszta\u0142tuj\u0105c spos\u00f3b my\u015blenia o pa\u0144stwie, w\u0142asnej roli i mo\u017cliwo\u015bciach dzia\u0142ania.<\/p>\n<h3 id=\"reakcje-spo\u0142eczne-i-strategie-radzenia-sobie\">Reakcje spo\u0142eczne i strategie radzenia sobie<\/h3>\n<p>Odpowiedzi\u0105 spo\u0142ecze\u0144stwa na ograniczenia by\u0142y r\u00f3\u017cne strategie przetrwania. Powszechny by\u0142 handel \u201espod lady\u201d \u2013 nieoficjalny obr\u00f3t towarami po wy\u017cszych cenach, a tak\u017ce rozw\u00f3j tzw. drugiego obiegu wydawniczego, szczeg\u00f3lnie w latach 70. i 80., gdzie publikowano niezale\u017cne ksi\u0105\u017cki, czasopisma i ulotki. Alternatyw\u0105 dla oficjalnej kultury sta\u0142y si\u0119 prywatki, msze w intencji ojczyzny czy koncerty organizowane poza oficjalnym obiegiem. <strong>Wsp\u00f3lnota s\u0105siedzka i rodzinne wi\u0119zi mia\u0142y ogromne znaczenie \u2013 dzi\u0119ki nim \u0142atwiej by\u0142o zdoby\u0107 deficytowe produkty lub uzyska\u0107 wsparcie w codziennych sprawach.<\/strong><\/p>\n<h3 id=\"dziedzictwo-i-pami\u0119\u0107\">Dziedzictwo i pami\u0119\u0107<\/h3>\n<p>Wspomnienie o mechanizmach w\u0142adzy ludowej PRL jest obecne w polskiej pami\u0119ci zbiorowej zar\u00f3wno jako \u017ar\u00f3d\u0142o nostalgii za m\u0142odo\u015bci\u0105 czy prostot\u0105 \u017cycia, jak i krytycznej refleksji nad ograniczeniami wolno\u015bci. <strong>Obrazy d\u0142ugich kolejek, kartek na \u017cywno\u015b\u0107 czy cenzurowanych medi\u00f3w sta\u0142y si\u0119 trwa\u0142ym elementem kultury popularnej i debaty publicznej o przesz\u0142o\u015bci.<\/strong> Dzisiejsze oceny tego okresu s\u0105 zr\u00f3\u017cnicowane, a dziedzictwo tamtych lat pozostaje przedmiotem bada\u0144 i dyskusji historycznych, spo\u0142ecznych oraz kulturowych.<\/p>\n","protected":false},"excerpt":{"rendered":"<p>W\u0142adza ludowa PRL stanowi\u0142a fundament funkcjonowania pa\u0144stwa w Polsce w latach 1944\u20131989, kszta\u0142tuj\u0105c nie tylko ustr\u00f3j polityczny, ale i ka\u017cdy aspekt \u017cycia codziennego obywateli. Mechanizmy kontroli i sposoby zarz\u0105dzania spo\u0142ecze\u0144stwem przez aparat pa\u0144stwowy wp\u0142ywa\u0142y na relacje spo\u0142eczne, gospodark\u0119 oraz kultur\u0119, pozostawiaj\u0105c trwa\u0142e \u015blady w zbiorowej pami\u0119ci Polak\u00f3w. Kontekst historyczny i codzienno\u015b\u0107 Po II wojnie \u015bwiatowej&#8230;<\/p>\n","protected":false},"author":1,"featured_media":1618,"comment_status":"","ping_status":"","sticky":false,"template":"","format":"standard","meta":{"_kadence_starter_templates_imported_post":false,"_kad_post_transparent":"","_kad_post_title":"","_kad_post_layout":"","_kad_post_sidebar_id":"","_kad_post_content_style":"","_kad_post_vertical_padding":"","_kad_post_feature":"","_kad_post_feature_position":"","_kad_post_header":false,"_kad_post_footer":false,"_kad_post_classname":"","footnotes":""},"categories":[14],"tags":[],"class_list":["post-1619","post","type-post","status-publish","format-standard","has-post-thumbnail","hentry","category-historia"],"yoast_head":"<!-- This site is optimized with the Yoast SEO plugin v27.5 - https:\/\/yoast.com\/product\/yoast-seo-wordpress\/ -->\n<title>W\u0142adza ludowa w PRL \u2013 mechanizmy kontroli i codzienno\u015b\u0107 - Grudzie\u0144 1981: Historia i Pami\u0119\u0107<\/title>\n<meta name=\"robots\" content=\"index, follow, max-snippet:-1, max-image-preview:large, max-video-preview:-1\" \/>\n<link rel=\"canonical\" href=\"https:\/\/pamiec81.pl\/index.php\/wladza-ludowa-w-prl-mechanizmy-kontroli-i-codziennosc\/\" \/>\n<meta property=\"og:locale\" content=\"pl_PL\" \/>\n<meta property=\"og:type\" content=\"article\" \/>\n<meta property=\"og:title\" content=\"W\u0142adza ludowa w PRL \u2013 mechanizmy kontroli i codzienno\u015b\u0107 - Grudzie\u0144 1981: Historia i Pami\u0119\u0107\" \/>\n<meta property=\"og:description\" content=\"W\u0142adza ludowa PRL stanowi\u0142a fundament funkcjonowania pa\u0144stwa w Polsce w latach 1944\u20131989, kszta\u0142tuj\u0105c nie tylko ustr\u00f3j polityczny, ale i ka\u017cdy aspekt \u017cycia codziennego obywateli. Mechanizmy kontroli i sposoby zarz\u0105dzania spo\u0142ecze\u0144stwem przez aparat pa\u0144stwowy wp\u0142ywa\u0142y na relacje spo\u0142eczne, gospodark\u0119 oraz kultur\u0119, pozostawiaj\u0105c trwa\u0142e \u015blady w zbiorowej pami\u0119ci Polak\u00f3w. Kontekst historyczny i codzienno\u015b\u0107 Po II wojnie \u015bwiatowej...\" \/>\n<meta property=\"og:url\" content=\"https:\/\/pamiec81.pl\/index.php\/wladza-ludowa-w-prl-mechanizmy-kontroli-i-codziennosc\/\" \/>\n<meta property=\"og:site_name\" content=\"Grudzie\u0144 1981: Historia i Pami\u0119\u0107\" \/>\n<meta property=\"article:published_time\" content=\"2025-08-30T05:29:29+00:00\" \/>\n<meta property=\"og:image\" content=\"https:\/\/pamiec81.pl\/wp-content\/uploads\/2025\/08\/Wladza-ludowa-w-PRL-\u2013-mechanizmy-kontroli-i-codziennosc.jpg\" \/>\n\t<meta property=\"og:image:width\" content=\"1080\" \/>\n\t<meta property=\"og:image:height\" content=\"773\" \/>\n\t<meta property=\"og:image:type\" content=\"image\/jpeg\" \/>\n<meta name=\"author\" content=\"pamiec81\" \/>\n<meta name=\"twitter:card\" content=\"summary_large_image\" \/>\n<meta name=\"twitter:label1\" content=\"Napisane przez\" \/>\n\t<meta name=\"twitter:data1\" content=\"pamiec81\" \/>\n\t<meta name=\"twitter:label2\" content=\"Szacowany czas czytania\" \/>\n\t<meta name=\"twitter:data2\" content=\"4 minuty\" \/>\n<script type=\"application\/ld+json\" class=\"yoast-schema-graph\">{\"@context\":\"https:\\\/\\\/schema.org\",\"@graph\":[{\"@type\":\"Article\",\"@id\":\"https:\\\/\\\/pamiec81.pl\\\/index.php\\\/wladza-ludowa-w-prl-mechanizmy-kontroli-i-codziennosc\\\/#article\",\"isPartOf\":{\"@id\":\"https:\\\/\\\/pamiec81.pl\\\/index.php\\\/wladza-ludowa-w-prl-mechanizmy-kontroli-i-codziennosc\\\/\"},\"author\":{\"name\":\"pamiec81\",\"@id\":\"https:\\\/\\\/pamiec81.pl\\\/#\\\/schema\\\/person\\\/47024abcf028b8fcf0ddfcf373c4c57e\"},\"headline\":\"W\u0142adza ludowa w PRL \u2013 mechanizmy kontroli i codzienno\u015b\u0107\",\"datePublished\":\"2025-08-30T05:29:29+00:00\",\"mainEntityOfPage\":{\"@id\":\"https:\\\/\\\/pamiec81.pl\\\/index.php\\\/wladza-ludowa-w-prl-mechanizmy-kontroli-i-codziennosc\\\/\"},\"wordCount\":818,\"publisher\":{\"@id\":\"https:\\\/\\\/pamiec81.pl\\\/#organization\"},\"image\":{\"@id\":\"https:\\\/\\\/pamiec81.pl\\\/index.php\\\/wladza-ludowa-w-prl-mechanizmy-kontroli-i-codziennosc\\\/#primaryimage\"},\"thumbnailUrl\":\"https:\\\/\\\/pamiec81.pl\\\/wp-content\\\/uploads\\\/2025\\\/08\\\/Wladza-ludowa-w-PRL-\u2013-mechanizmy-kontroli-i-codziennosc.jpg\",\"articleSection\":[\"HISTORIA\"],\"inLanguage\":\"pl-PL\"},{\"@type\":\"WebPage\",\"@id\":\"https:\\\/\\\/pamiec81.pl\\\/index.php\\\/wladza-ludowa-w-prl-mechanizmy-kontroli-i-codziennosc\\\/\",\"url\":\"https:\\\/\\\/pamiec81.pl\\\/index.php\\\/wladza-ludowa-w-prl-mechanizmy-kontroli-i-codziennosc\\\/\",\"name\":\"W\u0142adza ludowa w PRL \u2013 mechanizmy kontroli i codzienno\u015b\u0107 - Grudzie\u0144 1981: Historia i Pami\u0119\u0107\",\"isPartOf\":{\"@id\":\"https:\\\/\\\/pamiec81.pl\\\/#website\"},\"primaryImageOfPage\":{\"@id\":\"https:\\\/\\\/pamiec81.pl\\\/index.php\\\/wladza-ludowa-w-prl-mechanizmy-kontroli-i-codziennosc\\\/#primaryimage\"},\"image\":{\"@id\":\"https:\\\/\\\/pamiec81.pl\\\/index.php\\\/wladza-ludowa-w-prl-mechanizmy-kontroli-i-codziennosc\\\/#primaryimage\"},\"thumbnailUrl\":\"https:\\\/\\\/pamiec81.pl\\\/wp-content\\\/uploads\\\/2025\\\/08\\\/Wladza-ludowa-w-PRL-\u2013-mechanizmy-kontroli-i-codziennosc.jpg\",\"datePublished\":\"2025-08-30T05:29:29+00:00\",\"breadcrumb\":{\"@id\":\"https:\\\/\\\/pamiec81.pl\\\/index.php\\\/wladza-ludowa-w-prl-mechanizmy-kontroli-i-codziennosc\\\/#breadcrumb\"},\"inLanguage\":\"pl-PL\",\"potentialAction\":[{\"@type\":\"ReadAction\",\"target\":[\"https:\\\/\\\/pamiec81.pl\\\/index.php\\\/wladza-ludowa-w-prl-mechanizmy-kontroli-i-codziennosc\\\/\"]}]},{\"@type\":\"ImageObject\",\"inLanguage\":\"pl-PL\",\"@id\":\"https:\\\/\\\/pamiec81.pl\\\/index.php\\\/wladza-ludowa-w-prl-mechanizmy-kontroli-i-codziennosc\\\/#primaryimage\",\"url\":\"https:\\\/\\\/pamiec81.pl\\\/wp-content\\\/uploads\\\/2025\\\/08\\\/Wladza-ludowa-w-PRL-\u2013-mechanizmy-kontroli-i-codziennosc.jpg\",\"contentUrl\":\"https:\\\/\\\/pamiec81.pl\\\/wp-content\\\/uploads\\\/2025\\\/08\\\/Wladza-ludowa-w-PRL-\u2013-mechanizmy-kontroli-i-codziennosc.jpg\",\"width\":1080,\"height\":773,\"caption\":\"W\u0142adza ludowa w PRL \u2013 mechanizmy kontroli i codzienno\u015b\u0107\"},{\"@type\":\"BreadcrumbList\",\"@id\":\"https:\\\/\\\/pamiec81.pl\\\/index.php\\\/wladza-ludowa-w-prl-mechanizmy-kontroli-i-codziennosc\\\/#breadcrumb\",\"itemListElement\":[{\"@type\":\"ListItem\",\"position\":1,\"name\":\"Strona g\u0142\u00f3wna\",\"item\":\"https:\\\/\\\/pamiec81.pl\\\/\"},{\"@type\":\"ListItem\",\"position\":2,\"name\":\"W\u0142adza ludowa w PRL \u2013 mechanizmy kontroli i codzienno\u015b\u0107\"}]},{\"@type\":\"WebSite\",\"@id\":\"https:\\\/\\\/pamiec81.pl\\\/#website\",\"url\":\"https:\\\/\\\/pamiec81.pl\\\/\",\"name\":\"Grudzie\u0144 1981: Historia i Pami\u0119\u0107\",\"description\":\"Upami\u0119tnijmy stan wojenny grudnia 1981. Razem odkrywajmy histori\u0119, dzielmy si\u0119 wspomnieniami i refleksjami o walce o wolno\u015b\u0107 i prawd\u0119.\",\"publisher\":{\"@id\":\"https:\\\/\\\/pamiec81.pl\\\/#organization\"},\"potentialAction\":[{\"@type\":\"SearchAction\",\"target\":{\"@type\":\"EntryPoint\",\"urlTemplate\":\"https:\\\/\\\/pamiec81.pl\\\/?s={search_term_string}\"},\"query-input\":{\"@type\":\"PropertyValueSpecification\",\"valueRequired\":true,\"valueName\":\"search_term_string\"}}],\"inLanguage\":\"pl-PL\"},{\"@type\":\"Organization\",\"@id\":\"https:\\\/\\\/pamiec81.pl\\\/#organization\",\"name\":\"Grudzie\u0144 1981: Historia i Pami\u0119\u0107\",\"url\":\"https:\\\/\\\/pamiec81.pl\\\/\",\"logo\":{\"@type\":\"ImageObject\",\"inLanguage\":\"pl-PL\",\"@id\":\"https:\\\/\\\/pamiec81.pl\\\/#\\\/schema\\\/logo\\\/image\\\/\",\"url\":\"https:\\\/\\\/pamiec81.pl\\\/wp-content\\\/uploads\\\/2024\\\/10\\\/polskiemorsy.net__3_-removebg-preview.png\",\"contentUrl\":\"https:\\\/\\\/pamiec81.pl\\\/wp-content\\\/uploads\\\/2024\\\/10\\\/polskiemorsy.net__3_-removebg-preview.png\",\"width\":300,\"height\":100,\"caption\":\"Grudzie\u0144 1981: Historia i Pami\u0119\u0107\"},\"image\":{\"@id\":\"https:\\\/\\\/pamiec81.pl\\\/#\\\/schema\\\/logo\\\/image\\\/\"}},{\"@type\":\"Person\",\"@id\":\"https:\\\/\\\/pamiec81.pl\\\/#\\\/schema\\\/person\\\/47024abcf028b8fcf0ddfcf373c4c57e\",\"name\":\"pamiec81\",\"image\":{\"@type\":\"ImageObject\",\"inLanguage\":\"pl-PL\",\"@id\":\"https:\\\/\\\/secure.gravatar.com\\\/avatar\\\/8c6c8a6ddc98c0d8c18a4a687166a69e5fdbc0475752245205a512500cb18d08?s=96&d=mm&r=g\",\"url\":\"https:\\\/\\\/secure.gravatar.com\\\/avatar\\\/8c6c8a6ddc98c0d8c18a4a687166a69e5fdbc0475752245205a512500cb18d08?s=96&d=mm&r=g\",\"contentUrl\":\"https:\\\/\\\/secure.gravatar.com\\\/avatar\\\/8c6c8a6ddc98c0d8c18a4a687166a69e5fdbc0475752245205a512500cb18d08?s=96&d=mm&r=g\",\"caption\":\"pamiec81\"},\"sameAs\":[\"https:\\\/\\\/pamiec81.pl\"],\"url\":\"https:\\\/\\\/pamiec81.pl\\\/index.php\\\/author\\\/pamiec\\\/\"}]}<\/script>\n<!-- \/ Yoast SEO plugin. -->","yoast_head_json":{"title":"W\u0142adza ludowa w PRL \u2013 mechanizmy kontroli i codzienno\u015b\u0107 - Grudzie\u0144 1981: Historia i Pami\u0119\u0107","robots":{"index":"index","follow":"follow","max-snippet":"max-snippet:-1","max-image-preview":"max-image-preview:large","max-video-preview":"max-video-preview:-1"},"canonical":"https:\/\/pamiec81.pl\/index.php\/wladza-ludowa-w-prl-mechanizmy-kontroli-i-codziennosc\/","og_locale":"pl_PL","og_type":"article","og_title":"W\u0142adza ludowa w PRL \u2013 mechanizmy kontroli i codzienno\u015b\u0107 - Grudzie\u0144 1981: Historia i Pami\u0119\u0107","og_description":"W\u0142adza ludowa PRL stanowi\u0142a fundament funkcjonowania pa\u0144stwa w Polsce w latach 1944\u20131989, kszta\u0142tuj\u0105c nie tylko ustr\u00f3j polityczny, ale i ka\u017cdy aspekt \u017cycia codziennego obywateli. Mechanizmy kontroli i sposoby zarz\u0105dzania spo\u0142ecze\u0144stwem przez aparat pa\u0144stwowy wp\u0142ywa\u0142y na relacje spo\u0142eczne, gospodark\u0119 oraz kultur\u0119, pozostawiaj\u0105c trwa\u0142e \u015blady w zbiorowej pami\u0119ci Polak\u00f3w. Kontekst historyczny i codzienno\u015b\u0107 Po II wojnie \u015bwiatowej...","og_url":"https:\/\/pamiec81.pl\/index.php\/wladza-ludowa-w-prl-mechanizmy-kontroli-i-codziennosc\/","og_site_name":"Grudzie\u0144 1981: Historia i Pami\u0119\u0107","article_published_time":"2025-08-30T05:29:29+00:00","og_image":[{"width":1080,"height":773,"url":"https:\/\/pamiec81.pl\/wp-content\/uploads\/2025\/08\/Wladza-ludowa-w-PRL-\u2013-mechanizmy-kontroli-i-codziennosc.jpg","type":"image\/jpeg"}],"author":"pamiec81","twitter_card":"summary_large_image","twitter_misc":{"Napisane przez":"pamiec81","Szacowany czas czytania":"4 minuty"},"schema":{"@context":"https:\/\/schema.org","@graph":[{"@type":"Article","@id":"https:\/\/pamiec81.pl\/index.php\/wladza-ludowa-w-prl-mechanizmy-kontroli-i-codziennosc\/#article","isPartOf":{"@id":"https:\/\/pamiec81.pl\/index.php\/wladza-ludowa-w-prl-mechanizmy-kontroli-i-codziennosc\/"},"author":{"name":"pamiec81","@id":"https:\/\/pamiec81.pl\/#\/schema\/person\/47024abcf028b8fcf0ddfcf373c4c57e"},"headline":"W\u0142adza ludowa w PRL \u2013 mechanizmy kontroli i codzienno\u015b\u0107","datePublished":"2025-08-30T05:29:29+00:00","mainEntityOfPage":{"@id":"https:\/\/pamiec81.pl\/index.php\/wladza-ludowa-w-prl-mechanizmy-kontroli-i-codziennosc\/"},"wordCount":818,"publisher":{"@id":"https:\/\/pamiec81.pl\/#organization"},"image":{"@id":"https:\/\/pamiec81.pl\/index.php\/wladza-ludowa-w-prl-mechanizmy-kontroli-i-codziennosc\/#primaryimage"},"thumbnailUrl":"https:\/\/pamiec81.pl\/wp-content\/uploads\/2025\/08\/Wladza-ludowa-w-PRL-\u2013-mechanizmy-kontroli-i-codziennosc.jpg","articleSection":["HISTORIA"],"inLanguage":"pl-PL"},{"@type":"WebPage","@id":"https:\/\/pamiec81.pl\/index.php\/wladza-ludowa-w-prl-mechanizmy-kontroli-i-codziennosc\/","url":"https:\/\/pamiec81.pl\/index.php\/wladza-ludowa-w-prl-mechanizmy-kontroli-i-codziennosc\/","name":"W\u0142adza ludowa w PRL \u2013 mechanizmy kontroli i codzienno\u015b\u0107 - Grudzie\u0144 1981: Historia i Pami\u0119\u0107","isPartOf":{"@id":"https:\/\/pamiec81.pl\/#website"},"primaryImageOfPage":{"@id":"https:\/\/pamiec81.pl\/index.php\/wladza-ludowa-w-prl-mechanizmy-kontroli-i-codziennosc\/#primaryimage"},"image":{"@id":"https:\/\/pamiec81.pl\/index.php\/wladza-ludowa-w-prl-mechanizmy-kontroli-i-codziennosc\/#primaryimage"},"thumbnailUrl":"https:\/\/pamiec81.pl\/wp-content\/uploads\/2025\/08\/Wladza-ludowa-w-PRL-\u2013-mechanizmy-kontroli-i-codziennosc.jpg","datePublished":"2025-08-30T05:29:29+00:00","breadcrumb":{"@id":"https:\/\/pamiec81.pl\/index.php\/wladza-ludowa-w-prl-mechanizmy-kontroli-i-codziennosc\/#breadcrumb"},"inLanguage":"pl-PL","potentialAction":[{"@type":"ReadAction","target":["https:\/\/pamiec81.pl\/index.php\/wladza-ludowa-w-prl-mechanizmy-kontroli-i-codziennosc\/"]}]},{"@type":"ImageObject","inLanguage":"pl-PL","@id":"https:\/\/pamiec81.pl\/index.php\/wladza-ludowa-w-prl-mechanizmy-kontroli-i-codziennosc\/#primaryimage","url":"https:\/\/pamiec81.pl\/wp-content\/uploads\/2025\/08\/Wladza-ludowa-w-PRL-\u2013-mechanizmy-kontroli-i-codziennosc.jpg","contentUrl":"https:\/\/pamiec81.pl\/wp-content\/uploads\/2025\/08\/Wladza-ludowa-w-PRL-\u2013-mechanizmy-kontroli-i-codziennosc.jpg","width":1080,"height":773,"caption":"W\u0142adza ludowa w PRL \u2013 mechanizmy kontroli i codzienno\u015b\u0107"},{"@type":"BreadcrumbList","@id":"https:\/\/pamiec81.pl\/index.php\/wladza-ludowa-w-prl-mechanizmy-kontroli-i-codziennosc\/#breadcrumb","itemListElement":[{"@type":"ListItem","position":1,"name":"Strona g\u0142\u00f3wna","item":"https:\/\/pamiec81.pl\/"},{"@type":"ListItem","position":2,"name":"W\u0142adza ludowa w PRL \u2013 mechanizmy kontroli i codzienno\u015b\u0107"}]},{"@type":"WebSite","@id":"https:\/\/pamiec81.pl\/#website","url":"https:\/\/pamiec81.pl\/","name":"Grudzie\u0144 1981: Historia i Pami\u0119\u0107","description":"Upami\u0119tnijmy stan wojenny grudnia 1981. Razem odkrywajmy histori\u0119, dzielmy si\u0119 wspomnieniami i refleksjami o walce o wolno\u015b\u0107 i prawd\u0119.","publisher":{"@id":"https:\/\/pamiec81.pl\/#organization"},"potentialAction":[{"@type":"SearchAction","target":{"@type":"EntryPoint","urlTemplate":"https:\/\/pamiec81.pl\/?s={search_term_string}"},"query-input":{"@type":"PropertyValueSpecification","valueRequired":true,"valueName":"search_term_string"}}],"inLanguage":"pl-PL"},{"@type":"Organization","@id":"https:\/\/pamiec81.pl\/#organization","name":"Grudzie\u0144 1981: Historia i Pami\u0119\u0107","url":"https:\/\/pamiec81.pl\/","logo":{"@type":"ImageObject","inLanguage":"pl-PL","@id":"https:\/\/pamiec81.pl\/#\/schema\/logo\/image\/","url":"https:\/\/pamiec81.pl\/wp-content\/uploads\/2024\/10\/polskiemorsy.net__3_-removebg-preview.png","contentUrl":"https:\/\/pamiec81.pl\/wp-content\/uploads\/2024\/10\/polskiemorsy.net__3_-removebg-preview.png","width":300,"height":100,"caption":"Grudzie\u0144 1981: Historia i Pami\u0119\u0107"},"image":{"@id":"https:\/\/pamiec81.pl\/#\/schema\/logo\/image\/"}},{"@type":"Person","@id":"https:\/\/pamiec81.pl\/#\/schema\/person\/47024abcf028b8fcf0ddfcf373c4c57e","name":"pamiec81","image":{"@type":"ImageObject","inLanguage":"pl-PL","@id":"https:\/\/secure.gravatar.com\/avatar\/8c6c8a6ddc98c0d8c18a4a687166a69e5fdbc0475752245205a512500cb18d08?s=96&d=mm&r=g","url":"https:\/\/secure.gravatar.com\/avatar\/8c6c8a6ddc98c0d8c18a4a687166a69e5fdbc0475752245205a512500cb18d08?s=96&d=mm&r=g","contentUrl":"https:\/\/secure.gravatar.com\/avatar\/8c6c8a6ddc98c0d8c18a4a687166a69e5fdbc0475752245205a512500cb18d08?s=96&d=mm&r=g","caption":"pamiec81"},"sameAs":["https:\/\/pamiec81.pl"],"url":"https:\/\/pamiec81.pl\/index.php\/author\/pamiec\/"}]}},"_links":{"self":[{"href":"https:\/\/pamiec81.pl\/index.php\/wp-json\/wp\/v2\/posts\/1619","targetHints":{"allow":["GET"]}}],"collection":[{"href":"https:\/\/pamiec81.pl\/index.php\/wp-json\/wp\/v2\/posts"}],"about":[{"href":"https:\/\/pamiec81.pl\/index.php\/wp-json\/wp\/v2\/types\/post"}],"author":[{"embeddable":true,"href":"https:\/\/pamiec81.pl\/index.php\/wp-json\/wp\/v2\/users\/1"}],"replies":[{"embeddable":true,"href":"https:\/\/pamiec81.pl\/index.php\/wp-json\/wp\/v2\/comments?post=1619"}],"version-history":[{"count":1,"href":"https:\/\/pamiec81.pl\/index.php\/wp-json\/wp\/v2\/posts\/1619\/revisions"}],"predecessor-version":[{"id":1661,"href":"https:\/\/pamiec81.pl\/index.php\/wp-json\/wp\/v2\/posts\/1619\/revisions\/1661"}],"wp:featuredmedia":[{"embeddable":true,"href":"https:\/\/pamiec81.pl\/index.php\/wp-json\/wp\/v2\/media\/1618"}],"wp:attachment":[{"href":"https:\/\/pamiec81.pl\/index.php\/wp-json\/wp\/v2\/media?parent=1619"}],"wp:term":[{"taxonomy":"category","embeddable":true,"href":"https:\/\/pamiec81.pl\/index.php\/wp-json\/wp\/v2\/categories?post=1619"},{"taxonomy":"post_tag","embeddable":true,"href":"https:\/\/pamiec81.pl\/index.php\/wp-json\/wp\/v2\/tags?post=1619"}],"curies":[{"name":"wp","href":"https:\/\/api.w.org\/{rel}","templated":true}]}}