{"id":1617,"date":"2025-08-30T03:28:28","date_gmt":"2025-08-30T03:28:28","guid":{"rendered":"https:\/\/pamiec81.pl\/?p=1617"},"modified":"2025-08-30T03:28:28","modified_gmt":"2025-08-30T03:28:28","slug":"przemiany-gospodarcze-w-schylkowym-prl-droga-do-wolnosci","status":"publish","type":"post","link":"https:\/\/pamiec81.pl\/index.php\/przemiany-gospodarcze-w-schylkowym-prl-droga-do-wolnosci\/","title":{"rendered":"Przemiany gospodarcze w schy\u0142kowym PRL \u2013 droga do wolno\u015bci"},"content":{"rendered":"<p><strong>Przemiany gospodarcze PRL w latach 80. by\u0142y jednym z kluczowych czynnik\u00f3w prowadz\u0105cych do upadku systemu komunistycznego i odzyskania wolno\u015bci przez Polak\u00f3w. Kryzys ekonomiczny, niedobory towarowe oraz pr\u00f3by reform wprowadzi\u0142y spo\u0142ecze\u0144stwo w okres intensywnych zmian, kt\u00f3re kszta\u0142towa\u0142y codzienne \u017cycie milion\u00f3w ludzi.<\/strong><\/p>\n<h3 id=\"kontekst-historyczny-i-codzienno\u015b\u0107\">Kontekst historyczny i codzienno\u015b\u0107<\/h3>\n<p>Lata 80. XX wieku by\u0142y w Polsce czasem g\u0142\u0119bokiego kryzysu ekonomicznego i spo\u0142ecznego, kt\u00f3ry dotkn\u0105\u0142 niemal ka\u017cd\u0105 rodzin\u0119. Problemy z zaopatrzeniem, inflacja oraz nieustanny brak podstawowych produkt\u00f3w sprawia\u0142y, \u017ce codzienno\u015b\u0107 w du\u017cych miastach i na wsiach wygl\u0105da\u0142a zupe\u0142nie inaczej ni\u017c dekad\u0119 wcze\u015bniej. Temat przemian gospodarczych zyska\u0142 na znaczeniu, poniewa\u017c bezpo\u015brednio wp\u0142ywa\u0142 na poziom \u017cycia, prac\u0119 oraz relacje spo\u0142eczne.<\/p>\n<h3 id=\"t\u0142o-polityczne-i-gospodarcze\">T\u0142o polityczne i gospodarcze<\/h3>\n<p>Decyzje w\u0142adz komunistycznych, takie jak centralne planowanie, wprowadzenie systemu kartkowego w 1981 roku czy reglamentacja towar\u00f3w, determinowa\u0142y funkcjonowanie gospodarki schy\u0142ku PRL. Pa\u0144stwo kontrolowa\u0142o dystrybucj\u0119 wi\u0119kszo\u015bci produkt\u00f3w, a dost\u0119p do wielu artyku\u0142\u00f3w codziennego u\u017cytku by\u0142 ograniczony przepisami. Gospodarka centralnie sterowana nie by\u0142a w stanie sprosta\u0107 rosn\u0105cym potrzebom spo\u0142ecze\u0144stwa, co prowadzi\u0142o do narastaj\u0105cej frustracji i wzrostu szarej strefy.<\/p>\n<h3 id=\"najwa\u017cniejsze-elementy-i-praktyki\">Najwa\u017cniejsze elementy i praktyki<\/h3>\n<p>Przemiany gospodarcze PRL w praktyce oznacza\u0142y ci\u0105g\u0142e dostosowywanie si\u0119 do zmieniaj\u0105cych si\u0119 zasad gry. Wprowadzenie kartek na \u017cywno\u015b\u0107 obj\u0119\u0142o najpierw mi\u0119so, a nast\u0119pnie inne produkty, w tym cukier i alkohol. Sklepy cz\u0119sto \u015bwieci\u0142y pustkami, a kolejki ustawia\u0142y si\u0119 ju\u017c od wczesnych godzin porannych. System centralnego planowania wymusza\u0142 na ludziach wypracowanie alternatywnych sposob\u00f3w zdobywania niezb\u0119dnych towar\u00f3w, takich jak handel wymienny czy zakupy \u201espod lady\u201d.<\/p>\n<h3 id=\"przyk\u0142ady-z-\u017cycia-codziennego\">Przyk\u0142ady z \u017cycia codziennego<\/h3>\n<p>Dla wi\u0119kszo\u015bci rodzin codzienno\u015b\u0107 oznacza\u0142a wielogodzinne stanie w kolejkach po podstawowe produkty \u2013 chleb, mas\u0142o, mi\u0119so czy papier toaletowy. Na wsi sytuacja by\u0142a nieco inna: rolnicy cz\u0119sto mieli dost\u0119p do w\u0142asnych upraw i hodowli, ale brakowa\u0142o im narz\u0119dzi, nawoz\u00f3w czy maszyn. W miastach du\u017cym problemem by\u0142a reglamentacja artyku\u0142\u00f3w przemys\u0142owych, takich jak pralki, lod\u00f3wki czy samochody marki Fiat 126p, na kt\u00f3re trzeba by\u0142o czeka\u0107 miesi\u0105cami, a nawet latami. Typowym zjawiskiem sta\u0142y si\u0119 tzw. \u201eimprezy kartkowe\u201d, podczas kt\u00f3rych dzielono si\u0119 zdobytymi produktami, a \u015bwi\u0119ta i uroczysto\u015bci rodzinne wymaga\u0142y d\u0142ugotrwa\u0142ych przygotowa\u0144 i wymiany kontakt\u00f3w.<\/p>\n<h3 id=\"instytucje-przepisy-i-ograniczenia\">Instytucje, przepisy i ograniczenia<\/h3>\n<p>Pa\u0144stwo odgrywa\u0142o kluczow\u0105 rol\u0119 w zarz\u0105dzaniu gospodark\u0105 schy\u0142ku PRL poprzez instytucje takie jak G\u0142\u00f3wny Urz\u0105d Statystyczny, Ministerstwo Handlu Wewn\u0119trznego czy lokalne komitety PZPR. Cenzura gospodarcza uniemo\u017cliwia\u0142a publikowanie informacji o rzeczywistym stanie gospodarki, a administracja wprowadza\u0142a regulacje ograniczaj\u0105ce dost\u0119p do towar\u00f3w. Organizacje spo\u0142eczne, jak Spo\u0142em czy Zwi\u0105zek Sp\u00f3\u0142dzielni Rolniczych, odpowiada\u0142y za dystrybucj\u0119 produkt\u00f3w, jednak ich dzia\u0142alno\u015b\u0107 cz\u0119sto nie wystarcza\u0142a, by zaspokoi\u0107 potrzeby ludno\u015bci.<\/p>\n<h3 id=\"wp\u0142yw-na-spo\u0142ecze\u0144stwo\">Wp\u0142yw na spo\u0142ecze\u0144stwo<\/h3>\n<p>D\u0142ugotrwa\u0142e niedobory i ograniczenia wywo\u0142ywa\u0142y frustracj\u0119, poczucie bezsilno\u015bci, ale tak\u017ce integracj\u0119 spo\u0142eczn\u0105. Przemiany gospodarcze PRL sta\u0142y si\u0119 jednym z g\u0142\u00f3wnych temat\u00f3w rozm\u00f3w, a zdobywanie towar\u00f3w codziennego u\u017cytku wymaga\u0142o pomys\u0142owo\u015bci i wsp\u00f3\u0142pracy. Wsp\u00f3lne stanie w kolejkach sprzyja\u0142o nawi\u0105zywaniu kontakt\u00f3w s\u0105siedzkich, a wymiana informacji o dostawach towar\u00f3w by\u0142a cenniejsza ni\u017c oficjalne komunikaty.<\/p>\n<h3 id=\"reakcje-spo\u0142eczne-i-strategie-radzenia-sobie\">Reakcje spo\u0142eczne i strategie radzenia sobie<\/h3>\n<p>W odpowiedzi na ograniczenia gospodarki schy\u0142ku PRL spo\u0142ecze\u0144stwo wykszta\u0142ci\u0142o r\u00f3\u017cnorodne strategie przetrwania. Powszechny sta\u0142 si\u0119 handel \u201espod lady\u201d, czyli sprzeda\u017c towar\u00f3w z pomini\u0119ciem oficjalnych kana\u0142\u00f3w dystrybucji. Drugi obieg zapewnia\u0142 dost\u0119p do zagranicznych kosmetyk\u00f3w, ubra\u0144 czy elektroniki. Popularno\u015bci\u0105 cieszy\u0142y si\u0119 prywatki, domowe koncerty i msze, kt\u00f3re zast\u0119powa\u0142y oficjaln\u0105 ofert\u0119 kulturaln\u0105. Wsp\u00f3lnota i solidarno\u015b\u0107 mi\u0119dzyludzka mia\u0142y ogromne znaczenie w codziennym radzeniu sobie z trudno\u015bciami.<\/p>\n<h3 id=\"dziedzictwo-i-pami\u0119\u0107\">Dziedzictwo i pami\u0119\u0107<\/h3>\n<p>Dzi\u015b przemiany gospodarcze PRL oraz zwi\u0105zane z nimi praktyki funkcjonuj\u0105 w pami\u0119ci zbiorowej zar\u00f3wno jako \u017ar\u00f3d\u0142o krytycznej refleksji, jak i nostalgicznych wspomnie\u0144. Kolejki, kartki, zdobywanie towar\u00f3w i wsp\u00f3lne prze\u0142amywanie barier systemowych sta\u0142y si\u0119 motywami film\u00f3w, ksi\u0105\u017cek i opowie\u015bci rodzinnych. Dziedzictwo tego okresu przypomina o sile spo\u0142ecznych wi\u0119zi oraz znaczeniu reform PRL, kt\u00f3re ostatecznie otworzy\u0142y drog\u0119 do transformacji i wolno\u015bci.<\/p>\n","protected":false},"excerpt":{"rendered":"<p>Przemiany gospodarcze PRL w latach 80. by\u0142y jednym z kluczowych czynnik\u00f3w prowadz\u0105cych do upadku systemu komunistycznego i odzyskania wolno\u015bci przez Polak\u00f3w. Kryzys ekonomiczny, niedobory towarowe oraz pr\u00f3by reform wprowadzi\u0142y spo\u0142ecze\u0144stwo w okres intensywnych zmian, kt\u00f3re kszta\u0142towa\u0142y codzienne \u017cycie milion\u00f3w ludzi. Kontekst historyczny i codzienno\u015b\u0107 Lata 80. XX wieku by\u0142y w Polsce czasem g\u0142\u0119bokiego kryzysu ekonomicznego&#8230;<\/p>\n","protected":false},"author":1,"featured_media":1616,"comment_status":"","ping_status":"","sticky":false,"template":"","format":"standard","meta":{"_kadence_starter_templates_imported_post":false,"_kad_post_transparent":"","_kad_post_title":"","_kad_post_layout":"","_kad_post_sidebar_id":"","_kad_post_content_style":"","_kad_post_vertical_padding":"","_kad_post_feature":"","_kad_post_feature_position":"","_kad_post_header":false,"_kad_post_footer":false,"_kad_post_classname":"","footnotes":""},"categories":[14],"tags":[],"class_list":["post-1617","post","type-post","status-publish","format-standard","has-post-thumbnail","hentry","category-historia"],"yoast_head":"<!-- This site is optimized with the Yoast SEO plugin v27.5 - https:\/\/yoast.com\/product\/yoast-seo-wordpress\/ -->\n<title>Przemiany gospodarcze w schy\u0142kowym PRL \u2013 droga do wolno\u015bci - Grudzie\u0144 1981: Historia i Pami\u0119\u0107<\/title>\n<meta name=\"robots\" content=\"index, follow, max-snippet:-1, max-image-preview:large, max-video-preview:-1\" \/>\n<link rel=\"canonical\" href=\"https:\/\/pamiec81.pl\/index.php\/przemiany-gospodarcze-w-schylkowym-prl-droga-do-wolnosci\/\" \/>\n<meta property=\"og:locale\" content=\"pl_PL\" \/>\n<meta property=\"og:type\" content=\"article\" \/>\n<meta property=\"og:title\" content=\"Przemiany gospodarcze w schy\u0142kowym PRL \u2013 droga do wolno\u015bci - Grudzie\u0144 1981: Historia i Pami\u0119\u0107\" \/>\n<meta property=\"og:description\" content=\"Przemiany gospodarcze PRL w latach 80. by\u0142y jednym z kluczowych czynnik\u00f3w prowadz\u0105cych do upadku systemu komunistycznego i odzyskania wolno\u015bci przez Polak\u00f3w. Kryzys ekonomiczny, niedobory towarowe oraz pr\u00f3by reform wprowadzi\u0142y spo\u0142ecze\u0144stwo w okres intensywnych zmian, kt\u00f3re kszta\u0142towa\u0142y codzienne \u017cycie milion\u00f3w ludzi. Kontekst historyczny i codzienno\u015b\u0107 Lata 80. XX wieku by\u0142y w Polsce czasem g\u0142\u0119bokiego kryzysu ekonomicznego...\" \/>\n<meta property=\"og:url\" content=\"https:\/\/pamiec81.pl\/index.php\/przemiany-gospodarcze-w-schylkowym-prl-droga-do-wolnosci\/\" \/>\n<meta property=\"og:site_name\" content=\"Grudzie\u0144 1981: Historia i Pami\u0119\u0107\" \/>\n<meta property=\"article:published_time\" content=\"2025-08-30T03:28:28+00:00\" \/>\n<meta property=\"og:image\" content=\"https:\/\/pamiec81.pl\/wp-content\/uploads\/2025\/08\/Przemiany-gospodarcze-w-schylkowym-PRL-\u2013-droga-do-wolnosci.jpg\" \/>\n\t<meta property=\"og:image:width\" content=\"1080\" \/>\n\t<meta property=\"og:image:height\" content=\"720\" \/>\n\t<meta property=\"og:image:type\" content=\"image\/jpeg\" \/>\n<meta name=\"author\" content=\"pamiec81\" \/>\n<meta name=\"twitter:card\" content=\"summary_large_image\" \/>\n<meta name=\"twitter:label1\" content=\"Napisane przez\" \/>\n\t<meta name=\"twitter:data1\" content=\"pamiec81\" \/>\n\t<meta name=\"twitter:label2\" content=\"Szacowany czas czytania\" \/>\n\t<meta name=\"twitter:data2\" content=\"4 minuty\" \/>\n<script type=\"application\/ld+json\" class=\"yoast-schema-graph\">{\"@context\":\"https:\\\/\\\/schema.org\",\"@graph\":[{\"@type\":\"Article\",\"@id\":\"https:\\\/\\\/pamiec81.pl\\\/index.php\\\/przemiany-gospodarcze-w-schylkowym-prl-droga-do-wolnosci\\\/#article\",\"isPartOf\":{\"@id\":\"https:\\\/\\\/pamiec81.pl\\\/index.php\\\/przemiany-gospodarcze-w-schylkowym-prl-droga-do-wolnosci\\\/\"},\"author\":{\"name\":\"pamiec81\",\"@id\":\"https:\\\/\\\/pamiec81.pl\\\/#\\\/schema\\\/person\\\/47024abcf028b8fcf0ddfcf373c4c57e\"},\"headline\":\"Przemiany gospodarcze w schy\u0142kowym PRL \u2013 droga do wolno\u015bci\",\"datePublished\":\"2025-08-30T03:28:28+00:00\",\"mainEntityOfPage\":{\"@id\":\"https:\\\/\\\/pamiec81.pl\\\/index.php\\\/przemiany-gospodarcze-w-schylkowym-prl-droga-do-wolnosci\\\/\"},\"wordCount\":757,\"publisher\":{\"@id\":\"https:\\\/\\\/pamiec81.pl\\\/#organization\"},\"image\":{\"@id\":\"https:\\\/\\\/pamiec81.pl\\\/index.php\\\/przemiany-gospodarcze-w-schylkowym-prl-droga-do-wolnosci\\\/#primaryimage\"},\"thumbnailUrl\":\"https:\\\/\\\/pamiec81.pl\\\/wp-content\\\/uploads\\\/2025\\\/08\\\/Przemiany-gospodarcze-w-schylkowym-PRL-\u2013-droga-do-wolnosci.jpg\",\"articleSection\":[\"HISTORIA\"],\"inLanguage\":\"pl-PL\"},{\"@type\":\"WebPage\",\"@id\":\"https:\\\/\\\/pamiec81.pl\\\/index.php\\\/przemiany-gospodarcze-w-schylkowym-prl-droga-do-wolnosci\\\/\",\"url\":\"https:\\\/\\\/pamiec81.pl\\\/index.php\\\/przemiany-gospodarcze-w-schylkowym-prl-droga-do-wolnosci\\\/\",\"name\":\"Przemiany gospodarcze w schy\u0142kowym PRL \u2013 droga do wolno\u015bci - Grudzie\u0144 1981: Historia i Pami\u0119\u0107\",\"isPartOf\":{\"@id\":\"https:\\\/\\\/pamiec81.pl\\\/#website\"},\"primaryImageOfPage\":{\"@id\":\"https:\\\/\\\/pamiec81.pl\\\/index.php\\\/przemiany-gospodarcze-w-schylkowym-prl-droga-do-wolnosci\\\/#primaryimage\"},\"image\":{\"@id\":\"https:\\\/\\\/pamiec81.pl\\\/index.php\\\/przemiany-gospodarcze-w-schylkowym-prl-droga-do-wolnosci\\\/#primaryimage\"},\"thumbnailUrl\":\"https:\\\/\\\/pamiec81.pl\\\/wp-content\\\/uploads\\\/2025\\\/08\\\/Przemiany-gospodarcze-w-schylkowym-PRL-\u2013-droga-do-wolnosci.jpg\",\"datePublished\":\"2025-08-30T03:28:28+00:00\",\"breadcrumb\":{\"@id\":\"https:\\\/\\\/pamiec81.pl\\\/index.php\\\/przemiany-gospodarcze-w-schylkowym-prl-droga-do-wolnosci\\\/#breadcrumb\"},\"inLanguage\":\"pl-PL\",\"potentialAction\":[{\"@type\":\"ReadAction\",\"target\":[\"https:\\\/\\\/pamiec81.pl\\\/index.php\\\/przemiany-gospodarcze-w-schylkowym-prl-droga-do-wolnosci\\\/\"]}]},{\"@type\":\"ImageObject\",\"inLanguage\":\"pl-PL\",\"@id\":\"https:\\\/\\\/pamiec81.pl\\\/index.php\\\/przemiany-gospodarcze-w-schylkowym-prl-droga-do-wolnosci\\\/#primaryimage\",\"url\":\"https:\\\/\\\/pamiec81.pl\\\/wp-content\\\/uploads\\\/2025\\\/08\\\/Przemiany-gospodarcze-w-schylkowym-PRL-\u2013-droga-do-wolnosci.jpg\",\"contentUrl\":\"https:\\\/\\\/pamiec81.pl\\\/wp-content\\\/uploads\\\/2025\\\/08\\\/Przemiany-gospodarcze-w-schylkowym-PRL-\u2013-droga-do-wolnosci.jpg\",\"width\":1080,\"height\":720,\"caption\":\"Przemiany gospodarcze w schy\u0142kowym PRL \u2013 droga do wolno\u015bci\"},{\"@type\":\"BreadcrumbList\",\"@id\":\"https:\\\/\\\/pamiec81.pl\\\/index.php\\\/przemiany-gospodarcze-w-schylkowym-prl-droga-do-wolnosci\\\/#breadcrumb\",\"itemListElement\":[{\"@type\":\"ListItem\",\"position\":1,\"name\":\"Strona g\u0142\u00f3wna\",\"item\":\"https:\\\/\\\/pamiec81.pl\\\/\"},{\"@type\":\"ListItem\",\"position\":2,\"name\":\"Przemiany gospodarcze w schy\u0142kowym PRL \u2013 droga do wolno\u015bci\"}]},{\"@type\":\"WebSite\",\"@id\":\"https:\\\/\\\/pamiec81.pl\\\/#website\",\"url\":\"https:\\\/\\\/pamiec81.pl\\\/\",\"name\":\"Grudzie\u0144 1981: Historia i Pami\u0119\u0107\",\"description\":\"Upami\u0119tnijmy stan wojenny grudnia 1981. Razem odkrywajmy histori\u0119, dzielmy si\u0119 wspomnieniami i refleksjami o walce o wolno\u015b\u0107 i prawd\u0119.\",\"publisher\":{\"@id\":\"https:\\\/\\\/pamiec81.pl\\\/#organization\"},\"potentialAction\":[{\"@type\":\"SearchAction\",\"target\":{\"@type\":\"EntryPoint\",\"urlTemplate\":\"https:\\\/\\\/pamiec81.pl\\\/?s={search_term_string}\"},\"query-input\":{\"@type\":\"PropertyValueSpecification\",\"valueRequired\":true,\"valueName\":\"search_term_string\"}}],\"inLanguage\":\"pl-PL\"},{\"@type\":\"Organization\",\"@id\":\"https:\\\/\\\/pamiec81.pl\\\/#organization\",\"name\":\"Grudzie\u0144 1981: Historia i Pami\u0119\u0107\",\"url\":\"https:\\\/\\\/pamiec81.pl\\\/\",\"logo\":{\"@type\":\"ImageObject\",\"inLanguage\":\"pl-PL\",\"@id\":\"https:\\\/\\\/pamiec81.pl\\\/#\\\/schema\\\/logo\\\/image\\\/\",\"url\":\"https:\\\/\\\/pamiec81.pl\\\/wp-content\\\/uploads\\\/2024\\\/10\\\/polskiemorsy.net__3_-removebg-preview.png\",\"contentUrl\":\"https:\\\/\\\/pamiec81.pl\\\/wp-content\\\/uploads\\\/2024\\\/10\\\/polskiemorsy.net__3_-removebg-preview.png\",\"width\":300,\"height\":100,\"caption\":\"Grudzie\u0144 1981: Historia i Pami\u0119\u0107\"},\"image\":{\"@id\":\"https:\\\/\\\/pamiec81.pl\\\/#\\\/schema\\\/logo\\\/image\\\/\"}},{\"@type\":\"Person\",\"@id\":\"https:\\\/\\\/pamiec81.pl\\\/#\\\/schema\\\/person\\\/47024abcf028b8fcf0ddfcf373c4c57e\",\"name\":\"pamiec81\",\"image\":{\"@type\":\"ImageObject\",\"inLanguage\":\"pl-PL\",\"@id\":\"https:\\\/\\\/secure.gravatar.com\\\/avatar\\\/8c6c8a6ddc98c0d8c18a4a687166a69e5fdbc0475752245205a512500cb18d08?s=96&d=mm&r=g\",\"url\":\"https:\\\/\\\/secure.gravatar.com\\\/avatar\\\/8c6c8a6ddc98c0d8c18a4a687166a69e5fdbc0475752245205a512500cb18d08?s=96&d=mm&r=g\",\"contentUrl\":\"https:\\\/\\\/secure.gravatar.com\\\/avatar\\\/8c6c8a6ddc98c0d8c18a4a687166a69e5fdbc0475752245205a512500cb18d08?s=96&d=mm&r=g\",\"caption\":\"pamiec81\"},\"sameAs\":[\"https:\\\/\\\/pamiec81.pl\"],\"url\":\"https:\\\/\\\/pamiec81.pl\\\/index.php\\\/author\\\/pamiec\\\/\"}]}<\/script>\n<!-- \/ Yoast SEO plugin. -->","yoast_head_json":{"title":"Przemiany gospodarcze w schy\u0142kowym PRL \u2013 droga do wolno\u015bci - Grudzie\u0144 1981: Historia i Pami\u0119\u0107","robots":{"index":"index","follow":"follow","max-snippet":"max-snippet:-1","max-image-preview":"max-image-preview:large","max-video-preview":"max-video-preview:-1"},"canonical":"https:\/\/pamiec81.pl\/index.php\/przemiany-gospodarcze-w-schylkowym-prl-droga-do-wolnosci\/","og_locale":"pl_PL","og_type":"article","og_title":"Przemiany gospodarcze w schy\u0142kowym PRL \u2013 droga do wolno\u015bci - Grudzie\u0144 1981: Historia i Pami\u0119\u0107","og_description":"Przemiany gospodarcze PRL w latach 80. by\u0142y jednym z kluczowych czynnik\u00f3w prowadz\u0105cych do upadku systemu komunistycznego i odzyskania wolno\u015bci przez Polak\u00f3w. Kryzys ekonomiczny, niedobory towarowe oraz pr\u00f3by reform wprowadzi\u0142y spo\u0142ecze\u0144stwo w okres intensywnych zmian, kt\u00f3re kszta\u0142towa\u0142y codzienne \u017cycie milion\u00f3w ludzi. Kontekst historyczny i codzienno\u015b\u0107 Lata 80. XX wieku by\u0142y w Polsce czasem g\u0142\u0119bokiego kryzysu ekonomicznego...","og_url":"https:\/\/pamiec81.pl\/index.php\/przemiany-gospodarcze-w-schylkowym-prl-droga-do-wolnosci\/","og_site_name":"Grudzie\u0144 1981: Historia i Pami\u0119\u0107","article_published_time":"2025-08-30T03:28:28+00:00","og_image":[{"width":1080,"height":720,"url":"https:\/\/pamiec81.pl\/wp-content\/uploads\/2025\/08\/Przemiany-gospodarcze-w-schylkowym-PRL-\u2013-droga-do-wolnosci.jpg","type":"image\/jpeg"}],"author":"pamiec81","twitter_card":"summary_large_image","twitter_misc":{"Napisane przez":"pamiec81","Szacowany czas czytania":"4 minuty"},"schema":{"@context":"https:\/\/schema.org","@graph":[{"@type":"Article","@id":"https:\/\/pamiec81.pl\/index.php\/przemiany-gospodarcze-w-schylkowym-prl-droga-do-wolnosci\/#article","isPartOf":{"@id":"https:\/\/pamiec81.pl\/index.php\/przemiany-gospodarcze-w-schylkowym-prl-droga-do-wolnosci\/"},"author":{"name":"pamiec81","@id":"https:\/\/pamiec81.pl\/#\/schema\/person\/47024abcf028b8fcf0ddfcf373c4c57e"},"headline":"Przemiany gospodarcze w schy\u0142kowym PRL \u2013 droga do wolno\u015bci","datePublished":"2025-08-30T03:28:28+00:00","mainEntityOfPage":{"@id":"https:\/\/pamiec81.pl\/index.php\/przemiany-gospodarcze-w-schylkowym-prl-droga-do-wolnosci\/"},"wordCount":757,"publisher":{"@id":"https:\/\/pamiec81.pl\/#organization"},"image":{"@id":"https:\/\/pamiec81.pl\/index.php\/przemiany-gospodarcze-w-schylkowym-prl-droga-do-wolnosci\/#primaryimage"},"thumbnailUrl":"https:\/\/pamiec81.pl\/wp-content\/uploads\/2025\/08\/Przemiany-gospodarcze-w-schylkowym-PRL-\u2013-droga-do-wolnosci.jpg","articleSection":["HISTORIA"],"inLanguage":"pl-PL"},{"@type":"WebPage","@id":"https:\/\/pamiec81.pl\/index.php\/przemiany-gospodarcze-w-schylkowym-prl-droga-do-wolnosci\/","url":"https:\/\/pamiec81.pl\/index.php\/przemiany-gospodarcze-w-schylkowym-prl-droga-do-wolnosci\/","name":"Przemiany gospodarcze w schy\u0142kowym PRL \u2013 droga do wolno\u015bci - Grudzie\u0144 1981: Historia i Pami\u0119\u0107","isPartOf":{"@id":"https:\/\/pamiec81.pl\/#website"},"primaryImageOfPage":{"@id":"https:\/\/pamiec81.pl\/index.php\/przemiany-gospodarcze-w-schylkowym-prl-droga-do-wolnosci\/#primaryimage"},"image":{"@id":"https:\/\/pamiec81.pl\/index.php\/przemiany-gospodarcze-w-schylkowym-prl-droga-do-wolnosci\/#primaryimage"},"thumbnailUrl":"https:\/\/pamiec81.pl\/wp-content\/uploads\/2025\/08\/Przemiany-gospodarcze-w-schylkowym-PRL-\u2013-droga-do-wolnosci.jpg","datePublished":"2025-08-30T03:28:28+00:00","breadcrumb":{"@id":"https:\/\/pamiec81.pl\/index.php\/przemiany-gospodarcze-w-schylkowym-prl-droga-do-wolnosci\/#breadcrumb"},"inLanguage":"pl-PL","potentialAction":[{"@type":"ReadAction","target":["https:\/\/pamiec81.pl\/index.php\/przemiany-gospodarcze-w-schylkowym-prl-droga-do-wolnosci\/"]}]},{"@type":"ImageObject","inLanguage":"pl-PL","@id":"https:\/\/pamiec81.pl\/index.php\/przemiany-gospodarcze-w-schylkowym-prl-droga-do-wolnosci\/#primaryimage","url":"https:\/\/pamiec81.pl\/wp-content\/uploads\/2025\/08\/Przemiany-gospodarcze-w-schylkowym-PRL-\u2013-droga-do-wolnosci.jpg","contentUrl":"https:\/\/pamiec81.pl\/wp-content\/uploads\/2025\/08\/Przemiany-gospodarcze-w-schylkowym-PRL-\u2013-droga-do-wolnosci.jpg","width":1080,"height":720,"caption":"Przemiany gospodarcze w schy\u0142kowym PRL \u2013 droga do wolno\u015bci"},{"@type":"BreadcrumbList","@id":"https:\/\/pamiec81.pl\/index.php\/przemiany-gospodarcze-w-schylkowym-prl-droga-do-wolnosci\/#breadcrumb","itemListElement":[{"@type":"ListItem","position":1,"name":"Strona g\u0142\u00f3wna","item":"https:\/\/pamiec81.pl\/"},{"@type":"ListItem","position":2,"name":"Przemiany gospodarcze w schy\u0142kowym PRL \u2013 droga do wolno\u015bci"}]},{"@type":"WebSite","@id":"https:\/\/pamiec81.pl\/#website","url":"https:\/\/pamiec81.pl\/","name":"Grudzie\u0144 1981: Historia i Pami\u0119\u0107","description":"Upami\u0119tnijmy stan wojenny grudnia 1981. Razem odkrywajmy histori\u0119, dzielmy si\u0119 wspomnieniami i refleksjami o walce o wolno\u015b\u0107 i prawd\u0119.","publisher":{"@id":"https:\/\/pamiec81.pl\/#organization"},"potentialAction":[{"@type":"SearchAction","target":{"@type":"EntryPoint","urlTemplate":"https:\/\/pamiec81.pl\/?s={search_term_string}"},"query-input":{"@type":"PropertyValueSpecification","valueRequired":true,"valueName":"search_term_string"}}],"inLanguage":"pl-PL"},{"@type":"Organization","@id":"https:\/\/pamiec81.pl\/#organization","name":"Grudzie\u0144 1981: Historia i Pami\u0119\u0107","url":"https:\/\/pamiec81.pl\/","logo":{"@type":"ImageObject","inLanguage":"pl-PL","@id":"https:\/\/pamiec81.pl\/#\/schema\/logo\/image\/","url":"https:\/\/pamiec81.pl\/wp-content\/uploads\/2024\/10\/polskiemorsy.net__3_-removebg-preview.png","contentUrl":"https:\/\/pamiec81.pl\/wp-content\/uploads\/2024\/10\/polskiemorsy.net__3_-removebg-preview.png","width":300,"height":100,"caption":"Grudzie\u0144 1981: Historia i Pami\u0119\u0107"},"image":{"@id":"https:\/\/pamiec81.pl\/#\/schema\/logo\/image\/"}},{"@type":"Person","@id":"https:\/\/pamiec81.pl\/#\/schema\/person\/47024abcf028b8fcf0ddfcf373c4c57e","name":"pamiec81","image":{"@type":"ImageObject","inLanguage":"pl-PL","@id":"https:\/\/secure.gravatar.com\/avatar\/8c6c8a6ddc98c0d8c18a4a687166a69e5fdbc0475752245205a512500cb18d08?s=96&d=mm&r=g","url":"https:\/\/secure.gravatar.com\/avatar\/8c6c8a6ddc98c0d8c18a4a687166a69e5fdbc0475752245205a512500cb18d08?s=96&d=mm&r=g","contentUrl":"https:\/\/secure.gravatar.com\/avatar\/8c6c8a6ddc98c0d8c18a4a687166a69e5fdbc0475752245205a512500cb18d08?s=96&d=mm&r=g","caption":"pamiec81"},"sameAs":["https:\/\/pamiec81.pl"],"url":"https:\/\/pamiec81.pl\/index.php\/author\/pamiec\/"}]}},"_links":{"self":[{"href":"https:\/\/pamiec81.pl\/index.php\/wp-json\/wp\/v2\/posts\/1617","targetHints":{"allow":["GET"]}}],"collection":[{"href":"https:\/\/pamiec81.pl\/index.php\/wp-json\/wp\/v2\/posts"}],"about":[{"href":"https:\/\/pamiec81.pl\/index.php\/wp-json\/wp\/v2\/types\/post"}],"author":[{"embeddable":true,"href":"https:\/\/pamiec81.pl\/index.php\/wp-json\/wp\/v2\/users\/1"}],"replies":[{"embeddable":true,"href":"https:\/\/pamiec81.pl\/index.php\/wp-json\/wp\/v2\/comments?post=1617"}],"version-history":[{"count":1,"href":"https:\/\/pamiec81.pl\/index.php\/wp-json\/wp\/v2\/posts\/1617\/revisions"}],"predecessor-version":[{"id":1659,"href":"https:\/\/pamiec81.pl\/index.php\/wp-json\/wp\/v2\/posts\/1617\/revisions\/1659"}],"wp:featuredmedia":[{"embeddable":true,"href":"https:\/\/pamiec81.pl\/index.php\/wp-json\/wp\/v2\/media\/1616"}],"wp:attachment":[{"href":"https:\/\/pamiec81.pl\/index.php\/wp-json\/wp\/v2\/media?parent=1617"}],"wp:term":[{"taxonomy":"category","embeddable":true,"href":"https:\/\/pamiec81.pl\/index.php\/wp-json\/wp\/v2\/categories?post=1617"},{"taxonomy":"post_tag","embeddable":true,"href":"https:\/\/pamiec81.pl\/index.php\/wp-json\/wp\/v2\/tags?post=1617"}],"curies":[{"name":"wp","href":"https:\/\/api.w.org\/{rel}","templated":true}]}}