{"id":1595,"date":"2025-08-29T01:27:27","date_gmt":"2025-08-29T01:27:27","guid":{"rendered":"https:\/\/pamiec81.pl\/?p=1595"},"modified":"2025-08-29T01:27:27","modified_gmt":"2025-08-29T01:27:27","slug":"mieszkania-spoldzielcze-w-prl-marzenie-o-wlasnym-m","status":"publish","type":"post","link":"https:\/\/pamiec81.pl\/index.php\/mieszkania-spoldzielcze-w-prl-marzenie-o-wlasnym-m\/","title":{"rendered":"Mieszkania sp\u00f3\u0142dzielcze w PRL \u2013 marzenie o w\u0142asnym M"},"content":{"rendered":"<p><strong>Mieszkania sp\u00f3\u0142dzielcze PRL to jeden z najbardziej charakterystycznych symboli \u017cycia codziennego w Polsce Ludowej. Marzenie o w\u0142asnym \u201eM\u201d kszta\u0142towa\u0142o aspiracje milion\u00f3w obywateli, wyznaczaj\u0105c rytm rodzinnych plan\u00f3w, decyzji zawodowych i spo\u0142ecznych relacji. Zjawisko to stanowi\u0142o odpowied\u017a na chroniczny niedob\u00f3r mieszka\u0144, a zarazem odzwierciedla\u0142o realia polityki mieszkaniowej pa\u0144stwa socjalistycznego.<\/strong><\/p>\n<h3 id=\"kontekst-historyczny-i-codzienno\u015b\u0107\">Kontekst historyczny i codzienno\u015b\u0107<\/h3>\n<p>W powojennej Polsce, zniszczonej przez dzia\u0142ania wojenne i gwa\u0142townie urbanizuj\u0105cej si\u0119, brak mieszka\u0144 by\u0142 jednym z najpowa\u017cniejszych problem\u00f3w spo\u0142ecznych. <strong>Konieczno\u015b\u0107 odbudowy i zapewnienia dachu nad g\u0142ow\u0105 szybko rosn\u0105cej populacji miast sprawi\u0142a, \u017ce kwestie mieszkaniowe sta\u0142y si\u0119 priorytetem dla w\u0142adz.<\/strong> Dla przeci\u0119tnego obywatela mieszkania sp\u00f3\u0142dzielcze PRL by\u0142y cz\u0119sto jedyn\u0105 realn\u0105 szans\u0105 na popraw\u0119 warunk\u00f3w bytowych.<\/p>\n<h3 id=\"t\u0142o-polityczne-i-gospodarcze\">T\u0142o polityczne i gospodarcze<\/h3>\n<p>Polityka mieszkaniowa opiera\u0142a si\u0119 na centralnym planowaniu i reglamentacji zasob\u00f3w. <strong>Pa\u0144stwo przej\u0119\u0142o kontrol\u0119 nad budownictwem mieszkaniowym, a kluczow\u0105 rol\u0119 zacz\u0119\u0142y odgrywa\u0107 sp\u00f3\u0142dzielnie mieszkaniowe PRL, dzia\u0142aj\u0105ce w ramach odg\u00f3rnie wyznaczanych plan\u00f3w gospodarczych.<\/strong> Przydzia\u0142 mieszka\u0144 by\u0142 uzale\u017cniony od decyzji administracyjnych, a listy oczekuj\u0105cych liczy\u0142y cz\u0119sto dziesi\u0105tki tysi\u0119cy os\u00f3b. Przyk\u0142adowo, w latach 70. czas oczekiwania na mieszkanie w du\u017cych miastach m\u00f3g\u0142 wynosi\u0107 nawet kilkana\u015bcie lat.<\/p>\n<h3 id=\"najwa\u017cniejsze-elementy-i-praktyki\">Najwa\u017cniejsze elementy i praktyki<\/h3>\n<p>W praktyce zdobycie mieszkania sp\u00f3\u0142dzielczego wymaga\u0142o spe\u0142nienia szeregu formalno\u015bci i cierpliwego czekania na przydzia\u0142 mieszka\u0144. <strong>Podstaw\u0105 by\u0142a rejestracja w sp\u00f3\u0142dzielni i regularne op\u0142acanie wk\u0142ad\u00f3w mieszkaniowych, kt\u00f3re cz\u0119sto pochodzi\u0142y z oszcz\u0119dno\u015bci ca\u0142ych rodzin.<\/strong> Wiele os\u00f3b anga\u017cowa\u0142o si\u0119 w tzw. czyny spo\u0142eczne, pomagaj\u0105c przy budowie osiedli, by poprawi\u0107 swoj\u0105 pozycj\u0119 na li\u015bcie oczekuj\u0105cych. Wysoki popyt i ograniczona poda\u017c sprawia\u0142y, \u017ce mieszkania sp\u00f3\u0142dzielcze PRL stawa\u0142y si\u0119 przedmiotem nieformalnych negocjacji, a czasem tak\u017ce \u0142ap\u00f3wek.<\/p>\n<h3 id=\"przyk\u0142ady-z-\u017cycia-codziennego\">Przyk\u0142ady z \u017cycia codziennego<\/h3>\n<p>Otrzymanie kluczy do w\u0142asnego \u201eM\u201d wi\u0105za\u0142o si\u0119 z licznymi rytua\u0142ami. <strong>Nowi lokatorzy cz\u0119sto urz\u0105dzali parapet\u00f3wki, gromadz\u0105c s\u0105siad\u00f3w i rodzin\u0119 przy skromnych pocz\u0119stunkach \u2013 w czasach reglamentacji nawet zdobycie mebli czy sprz\u0119tu AGD by\u0142o wyzwaniem.<\/strong> W miastach popularne by\u0142y kolejki do sklep\u00f3w meblowych i do punkt\u00f3w przydzielaj\u0105cych talony na dywany czy lod\u00f3wki. Na wsiach dost\u0119p do mieszka\u0144 sp\u00f3\u0142dzielczych by\u0142 znacznie trudniejszy \u2013 dominowa\u0142y tam domy prywatne lub kwaterunki w gospodarstwach rodzinnych. Przyk\u0142adem typowego obyczaju by\u0142o dzielenie si\u0119 informacjami o wolnych lokalach w\u015br\u00f3d znajomych czy wymiana mieszka\u0144 w ramach lokalnych spo\u0142eczno\u015bci.<\/p>\n<h3 id=\"instytucje-przepisy-i-ograniczenia\">Instytucje, przepisy i ograniczenia<\/h3>\n<p>Za organizacj\u0119 i zarz\u0105dzanie zasobami mieszkaniowymi odpowiada\u0142y sp\u00f3\u0142dzielnie mieszkaniowe PRL, podlegaj\u0105ce \u015bcis\u0142ej kontroli pa\u0144stwa. <strong>W\u0142adze ustala\u0142y limity budowlane, powierzchni\u0119 przypadaj\u0105c\u0105 na osob\u0119 oraz standardy wyko\u0144czenia \u2013 st\u0105d popularno\u015b\u0107 tzw. \u201ewielkiej p\u0142yty\u201d i jednolitych blokowisk.<\/strong> Przydzia\u0142 mieszka\u0144 by\u0142 regulowany przez specjalne komisje, a wszelkie odst\u0119pstwa od oficjalnych procedur by\u0142y surowo kontrolowane. Przepisy ogranicza\u0142y mo\u017cliwo\u015b\u0107 swobodnego dysponowania lokalem \u2013 sprzeda\u017c czy zamiana wymaga\u0142y zgody w\u0142adz.<\/p>\n<h3 id=\"wp\u0142yw-na-spo\u0142ecze\u0144stwo\">Wp\u0142yw na spo\u0142ecze\u0144stwo<\/h3>\n<p>Problem mieszkaniowy by\u0142 jednym z najwa\u017cniejszych temat\u00f3w spo\u0142ecznych, wywo\u0142uj\u0105c silne emocje i cz\u0119sto poczucie niesprawiedliwo\u015bci. <strong>Oczekiwanie na w\u0142asne mieszkanie wi\u0105za\u0142o si\u0119 z frustracj\u0105, niepewno\u015bci\u0105 i konieczno\u015bci\u0105 \u017cycia w przepe\u0142nionych lokalach czy na tzw. stancjach.<\/strong> Zdobycie mieszkania sp\u00f3\u0142dzielczego PRL stawa\u0142o si\u0119 momentem prze\u0142omowym, pozwalaj\u0105cym na za\u0142o\u017cenie rodziny i realizacj\u0119 aspiracji \u017cyciowych. Osiedla sp\u00f3\u0142dzielcze z czasem tworzy\u0142y zwarte wsp\u00f3lnoty, w kt\u00f3rych rodzi\u0142y si\u0119 nowe formy s\u0105siedzkiej solidarno\u015bci.<\/p>\n<h3 id=\"reakcje-spo\u0142eczne-i-strategie-radzenia-sobie\">Reakcje spo\u0142eczne i strategie radzenia sobie<\/h3>\n<p>W obliczu ogranicze\u0144 i d\u0142ugiego oczekiwania na przydzia\u0142 mieszka\u0144, Polacy stosowali r\u00f3\u017cne strategie. <strong>Handel mieszkaniami \u201espod lady\u201d, zamiany pomi\u0119dzy rodzinami oraz poszukiwanie znajomo\u015bci w\u015br\u00f3d cz\u0142onk\u00f3w komisji by\u0142y powszechnymi sposobami na przyspieszenie uzyskania lokalu.<\/strong> Wsp\u00f3lne dzia\u0142ania, takie jak organizacja czyn\u00f3w spo\u0142ecznych czy wzajemna pomoc przy wyka\u0144czaniu mieszka\u0144, wzmacnia\u0142y wi\u0119zi s\u0105siedzkie. W trudnych warunkach codzienno\u015bci osiedla sp\u00f3\u0142dzielcze stawa\u0142y si\u0119 miejscem towarzyskich spotka\u0144, wsp\u00f3lnych zabaw dzieci czy organizacji prywatnych uroczysto\u015bci.<\/p>\n<h3 id=\"dziedzictwo-i-pami\u0119\u0107\">Dziedzictwo i pami\u0119\u0107<\/h3>\n<p>Mieszkania sp\u00f3\u0142dzielcze PRL zajmuj\u0105 dzi\u015b szczeg\u00f3lne miejsce w pami\u0119ci zbiorowej. Dla wielu os\u00f3b s\u0105 synonimem trud\u00f3w, kompromis\u00f3w i ogranicze\u0144, ale te\u017c symbolem awansu spo\u0142ecznego i spe\u0142nienia marze\u0144 o w\u0142asnym k\u0105cie. Wspomnienia z \u017cycia na blokowiskach, kolejki po meble czy wsp\u00f3lne inicjatywy mieszka\u0144c\u00f3w sta\u0142y si\u0119 cz\u0119\u015bci\u0105 kultury popularnej i tematem licznych film\u00f3w, ksi\u0105\u017cek i wspomnie\u0144.<\/p>\n<p>Zjawisko to do dzi\u015b budzi mieszane uczucia, \u0142\u0105cz\u0105c nostalgi\u0119 z krytyczn\u0105 refleksj\u0105 nad realiami \u017cycia w pa\u0144stwie socjalistycznym.<\/p>\n","protected":false},"excerpt":{"rendered":"<p>Mieszkania sp\u00f3\u0142dzielcze PRL to jeden z najbardziej charakterystycznych symboli \u017cycia codziennego w Polsce Ludowej. Marzenie o w\u0142asnym \u201eM\u201d kszta\u0142towa\u0142o aspiracje milion\u00f3w obywateli, wyznaczaj\u0105c rytm rodzinnych plan\u00f3w, decyzji zawodowych i spo\u0142ecznych relacji. Zjawisko to stanowi\u0142o odpowied\u017a na chroniczny niedob\u00f3r mieszka\u0144, a zarazem odzwierciedla\u0142o realia polityki mieszkaniowej pa\u0144stwa socjalistycznego. Kontekst historyczny i codzienno\u015b\u0107 W powojennej Polsce, zniszczonej&#8230;<\/p>\n","protected":false},"author":1,"featured_media":1594,"comment_status":"","ping_status":"","sticky":false,"template":"","format":"standard","meta":{"_kadence_starter_templates_imported_post":false,"_kad_post_transparent":"","_kad_post_title":"","_kad_post_layout":"","_kad_post_sidebar_id":"","_kad_post_content_style":"","_kad_post_vertical_padding":"","_kad_post_feature":"","_kad_post_feature_position":"","_kad_post_header":false,"_kad_post_footer":false,"_kad_post_classname":"","footnotes":""},"categories":[15],"tags":[],"class_list":["post-1595","post","type-post","status-publish","format-standard","has-post-thumbnail","hentry","category-zycie-codzienne"],"yoast_head":"<!-- This site is optimized with the Yoast SEO plugin v27.5 - https:\/\/yoast.com\/product\/yoast-seo-wordpress\/ -->\n<title>Mieszkania sp\u00f3\u0142dzielcze w PRL \u2013 marzenie o w\u0142asnym M - Grudzie\u0144 1981: Historia i Pami\u0119\u0107<\/title>\n<meta name=\"robots\" content=\"index, follow, max-snippet:-1, max-image-preview:large, max-video-preview:-1\" \/>\n<link rel=\"canonical\" href=\"https:\/\/pamiec81.pl\/index.php\/mieszkania-spoldzielcze-w-prl-marzenie-o-wlasnym-m\/\" \/>\n<meta property=\"og:locale\" content=\"pl_PL\" \/>\n<meta property=\"og:type\" content=\"article\" \/>\n<meta property=\"og:title\" content=\"Mieszkania sp\u00f3\u0142dzielcze w PRL \u2013 marzenie o w\u0142asnym M - Grudzie\u0144 1981: Historia i Pami\u0119\u0107\" \/>\n<meta property=\"og:description\" content=\"Mieszkania sp\u00f3\u0142dzielcze PRL to jeden z najbardziej charakterystycznych symboli \u017cycia codziennego w Polsce Ludowej. Marzenie o w\u0142asnym \u201eM\u201d kszta\u0142towa\u0142o aspiracje milion\u00f3w obywateli, wyznaczaj\u0105c rytm rodzinnych plan\u00f3w, decyzji zawodowych i spo\u0142ecznych relacji. Zjawisko to stanowi\u0142o odpowied\u017a na chroniczny niedob\u00f3r mieszka\u0144, a zarazem odzwierciedla\u0142o realia polityki mieszkaniowej pa\u0144stwa socjalistycznego. Kontekst historyczny i codzienno\u015b\u0107 W powojennej Polsce, zniszczonej...\" \/>\n<meta property=\"og:url\" content=\"https:\/\/pamiec81.pl\/index.php\/mieszkania-spoldzielcze-w-prl-marzenie-o-wlasnym-m\/\" \/>\n<meta property=\"og:site_name\" content=\"Grudzie\u0144 1981: Historia i Pami\u0119\u0107\" \/>\n<meta property=\"article:published_time\" content=\"2025-08-29T01:27:27+00:00\" \/>\n<meta property=\"og:image\" content=\"https:\/\/pamiec81.pl\/wp-content\/uploads\/2025\/08\/Mieszkania-spoldzielcze-w-PRL-\u2013-marzenie-o-wlasnym-M.jpg\" \/>\n\t<meta property=\"og:image:width\" content=\"1080\" \/>\n\t<meta property=\"og:image:height\" content=\"720\" \/>\n\t<meta property=\"og:image:type\" content=\"image\/jpeg\" \/>\n<meta name=\"author\" content=\"pamiec81\" \/>\n<meta name=\"twitter:card\" content=\"summary_large_image\" \/>\n<meta name=\"twitter:label1\" content=\"Napisane przez\" \/>\n\t<meta name=\"twitter:data1\" content=\"pamiec81\" \/>\n\t<meta name=\"twitter:label2\" content=\"Szacowany czas czytania\" \/>\n\t<meta name=\"twitter:data2\" content=\"4 minuty\" \/>\n<script type=\"application\/ld+json\" class=\"yoast-schema-graph\">{\"@context\":\"https:\\\/\\\/schema.org\",\"@graph\":[{\"@type\":\"Article\",\"@id\":\"https:\\\/\\\/pamiec81.pl\\\/index.php\\\/mieszkania-spoldzielcze-w-prl-marzenie-o-wlasnym-m\\\/#article\",\"isPartOf\":{\"@id\":\"https:\\\/\\\/pamiec81.pl\\\/index.php\\\/mieszkania-spoldzielcze-w-prl-marzenie-o-wlasnym-m\\\/\"},\"author\":{\"name\":\"pamiec81\",\"@id\":\"https:\\\/\\\/pamiec81.pl\\\/#\\\/schema\\\/person\\\/47024abcf028b8fcf0ddfcf373c4c57e\"},\"headline\":\"Mieszkania sp\u00f3\u0142dzielcze w PRL \u2013 marzenie o w\u0142asnym M\",\"datePublished\":\"2025-08-29T01:27:27+00:00\",\"mainEntityOfPage\":{\"@id\":\"https:\\\/\\\/pamiec81.pl\\\/index.php\\\/mieszkania-spoldzielcze-w-prl-marzenie-o-wlasnym-m\\\/\"},\"wordCount\":821,\"publisher\":{\"@id\":\"https:\\\/\\\/pamiec81.pl\\\/#organization\"},\"image\":{\"@id\":\"https:\\\/\\\/pamiec81.pl\\\/index.php\\\/mieszkania-spoldzielcze-w-prl-marzenie-o-wlasnym-m\\\/#primaryimage\"},\"thumbnailUrl\":\"https:\\\/\\\/pamiec81.pl\\\/wp-content\\\/uploads\\\/2025\\\/08\\\/Mieszkania-spoldzielcze-w-PRL-\u2013-marzenie-o-wlasnym-M.jpg\",\"articleSection\":[\"\u017bYCIE CODZIENNE\"],\"inLanguage\":\"pl-PL\"},{\"@type\":\"WebPage\",\"@id\":\"https:\\\/\\\/pamiec81.pl\\\/index.php\\\/mieszkania-spoldzielcze-w-prl-marzenie-o-wlasnym-m\\\/\",\"url\":\"https:\\\/\\\/pamiec81.pl\\\/index.php\\\/mieszkania-spoldzielcze-w-prl-marzenie-o-wlasnym-m\\\/\",\"name\":\"Mieszkania sp\u00f3\u0142dzielcze w PRL \u2013 marzenie o w\u0142asnym M - Grudzie\u0144 1981: Historia i Pami\u0119\u0107\",\"isPartOf\":{\"@id\":\"https:\\\/\\\/pamiec81.pl\\\/#website\"},\"primaryImageOfPage\":{\"@id\":\"https:\\\/\\\/pamiec81.pl\\\/index.php\\\/mieszkania-spoldzielcze-w-prl-marzenie-o-wlasnym-m\\\/#primaryimage\"},\"image\":{\"@id\":\"https:\\\/\\\/pamiec81.pl\\\/index.php\\\/mieszkania-spoldzielcze-w-prl-marzenie-o-wlasnym-m\\\/#primaryimage\"},\"thumbnailUrl\":\"https:\\\/\\\/pamiec81.pl\\\/wp-content\\\/uploads\\\/2025\\\/08\\\/Mieszkania-spoldzielcze-w-PRL-\u2013-marzenie-o-wlasnym-M.jpg\",\"datePublished\":\"2025-08-29T01:27:27+00:00\",\"breadcrumb\":{\"@id\":\"https:\\\/\\\/pamiec81.pl\\\/index.php\\\/mieszkania-spoldzielcze-w-prl-marzenie-o-wlasnym-m\\\/#breadcrumb\"},\"inLanguage\":\"pl-PL\",\"potentialAction\":[{\"@type\":\"ReadAction\",\"target\":[\"https:\\\/\\\/pamiec81.pl\\\/index.php\\\/mieszkania-spoldzielcze-w-prl-marzenie-o-wlasnym-m\\\/\"]}]},{\"@type\":\"ImageObject\",\"inLanguage\":\"pl-PL\",\"@id\":\"https:\\\/\\\/pamiec81.pl\\\/index.php\\\/mieszkania-spoldzielcze-w-prl-marzenie-o-wlasnym-m\\\/#primaryimage\",\"url\":\"https:\\\/\\\/pamiec81.pl\\\/wp-content\\\/uploads\\\/2025\\\/08\\\/Mieszkania-spoldzielcze-w-PRL-\u2013-marzenie-o-wlasnym-M.jpg\",\"contentUrl\":\"https:\\\/\\\/pamiec81.pl\\\/wp-content\\\/uploads\\\/2025\\\/08\\\/Mieszkania-spoldzielcze-w-PRL-\u2013-marzenie-o-wlasnym-M.jpg\",\"width\":1080,\"height\":720,\"caption\":\"Mieszkania sp\u00f3\u0142dzielcze w PRL \u2013 marzenie o w\u0142asnym M\"},{\"@type\":\"BreadcrumbList\",\"@id\":\"https:\\\/\\\/pamiec81.pl\\\/index.php\\\/mieszkania-spoldzielcze-w-prl-marzenie-o-wlasnym-m\\\/#breadcrumb\",\"itemListElement\":[{\"@type\":\"ListItem\",\"position\":1,\"name\":\"Strona g\u0142\u00f3wna\",\"item\":\"https:\\\/\\\/pamiec81.pl\\\/\"},{\"@type\":\"ListItem\",\"position\":2,\"name\":\"Mieszkania sp\u00f3\u0142dzielcze w PRL \u2013 marzenie o w\u0142asnym M\"}]},{\"@type\":\"WebSite\",\"@id\":\"https:\\\/\\\/pamiec81.pl\\\/#website\",\"url\":\"https:\\\/\\\/pamiec81.pl\\\/\",\"name\":\"Grudzie\u0144 1981: Historia i Pami\u0119\u0107\",\"description\":\"Upami\u0119tnijmy stan wojenny grudnia 1981. Razem odkrywajmy histori\u0119, dzielmy si\u0119 wspomnieniami i refleksjami o walce o wolno\u015b\u0107 i prawd\u0119.\",\"publisher\":{\"@id\":\"https:\\\/\\\/pamiec81.pl\\\/#organization\"},\"potentialAction\":[{\"@type\":\"SearchAction\",\"target\":{\"@type\":\"EntryPoint\",\"urlTemplate\":\"https:\\\/\\\/pamiec81.pl\\\/?s={search_term_string}\"},\"query-input\":{\"@type\":\"PropertyValueSpecification\",\"valueRequired\":true,\"valueName\":\"search_term_string\"}}],\"inLanguage\":\"pl-PL\"},{\"@type\":\"Organization\",\"@id\":\"https:\\\/\\\/pamiec81.pl\\\/#organization\",\"name\":\"Grudzie\u0144 1981: Historia i Pami\u0119\u0107\",\"url\":\"https:\\\/\\\/pamiec81.pl\\\/\",\"logo\":{\"@type\":\"ImageObject\",\"inLanguage\":\"pl-PL\",\"@id\":\"https:\\\/\\\/pamiec81.pl\\\/#\\\/schema\\\/logo\\\/image\\\/\",\"url\":\"https:\\\/\\\/pamiec81.pl\\\/wp-content\\\/uploads\\\/2024\\\/10\\\/polskiemorsy.net__3_-removebg-preview.png\",\"contentUrl\":\"https:\\\/\\\/pamiec81.pl\\\/wp-content\\\/uploads\\\/2024\\\/10\\\/polskiemorsy.net__3_-removebg-preview.png\",\"width\":300,\"height\":100,\"caption\":\"Grudzie\u0144 1981: Historia i Pami\u0119\u0107\"},\"image\":{\"@id\":\"https:\\\/\\\/pamiec81.pl\\\/#\\\/schema\\\/logo\\\/image\\\/\"}},{\"@type\":\"Person\",\"@id\":\"https:\\\/\\\/pamiec81.pl\\\/#\\\/schema\\\/person\\\/47024abcf028b8fcf0ddfcf373c4c57e\",\"name\":\"pamiec81\",\"image\":{\"@type\":\"ImageObject\",\"inLanguage\":\"pl-PL\",\"@id\":\"https:\\\/\\\/secure.gravatar.com\\\/avatar\\\/8c6c8a6ddc98c0d8c18a4a687166a69e5fdbc0475752245205a512500cb18d08?s=96&d=mm&r=g\",\"url\":\"https:\\\/\\\/secure.gravatar.com\\\/avatar\\\/8c6c8a6ddc98c0d8c18a4a687166a69e5fdbc0475752245205a512500cb18d08?s=96&d=mm&r=g\",\"contentUrl\":\"https:\\\/\\\/secure.gravatar.com\\\/avatar\\\/8c6c8a6ddc98c0d8c18a4a687166a69e5fdbc0475752245205a512500cb18d08?s=96&d=mm&r=g\",\"caption\":\"pamiec81\"},\"sameAs\":[\"https:\\\/\\\/pamiec81.pl\"],\"url\":\"https:\\\/\\\/pamiec81.pl\\\/index.php\\\/author\\\/pamiec\\\/\"}]}<\/script>\n<!-- \/ Yoast SEO plugin. -->","yoast_head_json":{"title":"Mieszkania sp\u00f3\u0142dzielcze w PRL \u2013 marzenie o w\u0142asnym M - Grudzie\u0144 1981: Historia i Pami\u0119\u0107","robots":{"index":"index","follow":"follow","max-snippet":"max-snippet:-1","max-image-preview":"max-image-preview:large","max-video-preview":"max-video-preview:-1"},"canonical":"https:\/\/pamiec81.pl\/index.php\/mieszkania-spoldzielcze-w-prl-marzenie-o-wlasnym-m\/","og_locale":"pl_PL","og_type":"article","og_title":"Mieszkania sp\u00f3\u0142dzielcze w PRL \u2013 marzenie o w\u0142asnym M - Grudzie\u0144 1981: Historia i Pami\u0119\u0107","og_description":"Mieszkania sp\u00f3\u0142dzielcze PRL to jeden z najbardziej charakterystycznych symboli \u017cycia codziennego w Polsce Ludowej. Marzenie o w\u0142asnym \u201eM\u201d kszta\u0142towa\u0142o aspiracje milion\u00f3w obywateli, wyznaczaj\u0105c rytm rodzinnych plan\u00f3w, decyzji zawodowych i spo\u0142ecznych relacji. Zjawisko to stanowi\u0142o odpowied\u017a na chroniczny niedob\u00f3r mieszka\u0144, a zarazem odzwierciedla\u0142o realia polityki mieszkaniowej pa\u0144stwa socjalistycznego. Kontekst historyczny i codzienno\u015b\u0107 W powojennej Polsce, zniszczonej...","og_url":"https:\/\/pamiec81.pl\/index.php\/mieszkania-spoldzielcze-w-prl-marzenie-o-wlasnym-m\/","og_site_name":"Grudzie\u0144 1981: Historia i Pami\u0119\u0107","article_published_time":"2025-08-29T01:27:27+00:00","og_image":[{"width":1080,"height":720,"url":"https:\/\/pamiec81.pl\/wp-content\/uploads\/2025\/08\/Mieszkania-spoldzielcze-w-PRL-\u2013-marzenie-o-wlasnym-M.jpg","type":"image\/jpeg"}],"author":"pamiec81","twitter_card":"summary_large_image","twitter_misc":{"Napisane przez":"pamiec81","Szacowany czas czytania":"4 minuty"},"schema":{"@context":"https:\/\/schema.org","@graph":[{"@type":"Article","@id":"https:\/\/pamiec81.pl\/index.php\/mieszkania-spoldzielcze-w-prl-marzenie-o-wlasnym-m\/#article","isPartOf":{"@id":"https:\/\/pamiec81.pl\/index.php\/mieszkania-spoldzielcze-w-prl-marzenie-o-wlasnym-m\/"},"author":{"name":"pamiec81","@id":"https:\/\/pamiec81.pl\/#\/schema\/person\/47024abcf028b8fcf0ddfcf373c4c57e"},"headline":"Mieszkania sp\u00f3\u0142dzielcze w PRL \u2013 marzenie o w\u0142asnym M","datePublished":"2025-08-29T01:27:27+00:00","mainEntityOfPage":{"@id":"https:\/\/pamiec81.pl\/index.php\/mieszkania-spoldzielcze-w-prl-marzenie-o-wlasnym-m\/"},"wordCount":821,"publisher":{"@id":"https:\/\/pamiec81.pl\/#organization"},"image":{"@id":"https:\/\/pamiec81.pl\/index.php\/mieszkania-spoldzielcze-w-prl-marzenie-o-wlasnym-m\/#primaryimage"},"thumbnailUrl":"https:\/\/pamiec81.pl\/wp-content\/uploads\/2025\/08\/Mieszkania-spoldzielcze-w-PRL-\u2013-marzenie-o-wlasnym-M.jpg","articleSection":["\u017bYCIE CODZIENNE"],"inLanguage":"pl-PL"},{"@type":"WebPage","@id":"https:\/\/pamiec81.pl\/index.php\/mieszkania-spoldzielcze-w-prl-marzenie-o-wlasnym-m\/","url":"https:\/\/pamiec81.pl\/index.php\/mieszkania-spoldzielcze-w-prl-marzenie-o-wlasnym-m\/","name":"Mieszkania sp\u00f3\u0142dzielcze w PRL \u2013 marzenie o w\u0142asnym M - Grudzie\u0144 1981: Historia i Pami\u0119\u0107","isPartOf":{"@id":"https:\/\/pamiec81.pl\/#website"},"primaryImageOfPage":{"@id":"https:\/\/pamiec81.pl\/index.php\/mieszkania-spoldzielcze-w-prl-marzenie-o-wlasnym-m\/#primaryimage"},"image":{"@id":"https:\/\/pamiec81.pl\/index.php\/mieszkania-spoldzielcze-w-prl-marzenie-o-wlasnym-m\/#primaryimage"},"thumbnailUrl":"https:\/\/pamiec81.pl\/wp-content\/uploads\/2025\/08\/Mieszkania-spoldzielcze-w-PRL-\u2013-marzenie-o-wlasnym-M.jpg","datePublished":"2025-08-29T01:27:27+00:00","breadcrumb":{"@id":"https:\/\/pamiec81.pl\/index.php\/mieszkania-spoldzielcze-w-prl-marzenie-o-wlasnym-m\/#breadcrumb"},"inLanguage":"pl-PL","potentialAction":[{"@type":"ReadAction","target":["https:\/\/pamiec81.pl\/index.php\/mieszkania-spoldzielcze-w-prl-marzenie-o-wlasnym-m\/"]}]},{"@type":"ImageObject","inLanguage":"pl-PL","@id":"https:\/\/pamiec81.pl\/index.php\/mieszkania-spoldzielcze-w-prl-marzenie-o-wlasnym-m\/#primaryimage","url":"https:\/\/pamiec81.pl\/wp-content\/uploads\/2025\/08\/Mieszkania-spoldzielcze-w-PRL-\u2013-marzenie-o-wlasnym-M.jpg","contentUrl":"https:\/\/pamiec81.pl\/wp-content\/uploads\/2025\/08\/Mieszkania-spoldzielcze-w-PRL-\u2013-marzenie-o-wlasnym-M.jpg","width":1080,"height":720,"caption":"Mieszkania sp\u00f3\u0142dzielcze w PRL \u2013 marzenie o w\u0142asnym M"},{"@type":"BreadcrumbList","@id":"https:\/\/pamiec81.pl\/index.php\/mieszkania-spoldzielcze-w-prl-marzenie-o-wlasnym-m\/#breadcrumb","itemListElement":[{"@type":"ListItem","position":1,"name":"Strona g\u0142\u00f3wna","item":"https:\/\/pamiec81.pl\/"},{"@type":"ListItem","position":2,"name":"Mieszkania sp\u00f3\u0142dzielcze w PRL \u2013 marzenie o w\u0142asnym M"}]},{"@type":"WebSite","@id":"https:\/\/pamiec81.pl\/#website","url":"https:\/\/pamiec81.pl\/","name":"Grudzie\u0144 1981: Historia i Pami\u0119\u0107","description":"Upami\u0119tnijmy stan wojenny grudnia 1981. Razem odkrywajmy histori\u0119, dzielmy si\u0119 wspomnieniami i refleksjami o walce o wolno\u015b\u0107 i prawd\u0119.","publisher":{"@id":"https:\/\/pamiec81.pl\/#organization"},"potentialAction":[{"@type":"SearchAction","target":{"@type":"EntryPoint","urlTemplate":"https:\/\/pamiec81.pl\/?s={search_term_string}"},"query-input":{"@type":"PropertyValueSpecification","valueRequired":true,"valueName":"search_term_string"}}],"inLanguage":"pl-PL"},{"@type":"Organization","@id":"https:\/\/pamiec81.pl\/#organization","name":"Grudzie\u0144 1981: Historia i Pami\u0119\u0107","url":"https:\/\/pamiec81.pl\/","logo":{"@type":"ImageObject","inLanguage":"pl-PL","@id":"https:\/\/pamiec81.pl\/#\/schema\/logo\/image\/","url":"https:\/\/pamiec81.pl\/wp-content\/uploads\/2024\/10\/polskiemorsy.net__3_-removebg-preview.png","contentUrl":"https:\/\/pamiec81.pl\/wp-content\/uploads\/2024\/10\/polskiemorsy.net__3_-removebg-preview.png","width":300,"height":100,"caption":"Grudzie\u0144 1981: Historia i Pami\u0119\u0107"},"image":{"@id":"https:\/\/pamiec81.pl\/#\/schema\/logo\/image\/"}},{"@type":"Person","@id":"https:\/\/pamiec81.pl\/#\/schema\/person\/47024abcf028b8fcf0ddfcf373c4c57e","name":"pamiec81","image":{"@type":"ImageObject","inLanguage":"pl-PL","@id":"https:\/\/secure.gravatar.com\/avatar\/8c6c8a6ddc98c0d8c18a4a687166a69e5fdbc0475752245205a512500cb18d08?s=96&d=mm&r=g","url":"https:\/\/secure.gravatar.com\/avatar\/8c6c8a6ddc98c0d8c18a4a687166a69e5fdbc0475752245205a512500cb18d08?s=96&d=mm&r=g","contentUrl":"https:\/\/secure.gravatar.com\/avatar\/8c6c8a6ddc98c0d8c18a4a687166a69e5fdbc0475752245205a512500cb18d08?s=96&d=mm&r=g","caption":"pamiec81"},"sameAs":["https:\/\/pamiec81.pl"],"url":"https:\/\/pamiec81.pl\/index.php\/author\/pamiec\/"}]}},"_links":{"self":[{"href":"https:\/\/pamiec81.pl\/index.php\/wp-json\/wp\/v2\/posts\/1595","targetHints":{"allow":["GET"]}}],"collection":[{"href":"https:\/\/pamiec81.pl\/index.php\/wp-json\/wp\/v2\/posts"}],"about":[{"href":"https:\/\/pamiec81.pl\/index.php\/wp-json\/wp\/v2\/types\/post"}],"author":[{"embeddable":true,"href":"https:\/\/pamiec81.pl\/index.php\/wp-json\/wp\/v2\/users\/1"}],"replies":[{"embeddable":true,"href":"https:\/\/pamiec81.pl\/index.php\/wp-json\/wp\/v2\/comments?post=1595"}],"version-history":[{"count":1,"href":"https:\/\/pamiec81.pl\/index.php\/wp-json\/wp\/v2\/posts\/1595\/revisions"}],"predecessor-version":[{"id":1648,"href":"https:\/\/pamiec81.pl\/index.php\/wp-json\/wp\/v2\/posts\/1595\/revisions\/1648"}],"wp:featuredmedia":[{"embeddable":true,"href":"https:\/\/pamiec81.pl\/index.php\/wp-json\/wp\/v2\/media\/1594"}],"wp:attachment":[{"href":"https:\/\/pamiec81.pl\/index.php\/wp-json\/wp\/v2\/media?parent=1595"}],"wp:term":[{"taxonomy":"category","embeddable":true,"href":"https:\/\/pamiec81.pl\/index.php\/wp-json\/wp\/v2\/categories?post=1595"},{"taxonomy":"post_tag","embeddable":true,"href":"https:\/\/pamiec81.pl\/index.php\/wp-json\/wp\/v2\/tags?post=1595"}],"curies":[{"name":"wp","href":"https:\/\/api.w.org\/{rel}","templated":true}]}}