{"id":1591,"date":"2025-08-28T17:23:23","date_gmt":"2025-08-28T17:23:23","guid":{"rendered":"https:\/\/pamiec81.pl\/?p=1591"},"modified":"2025-08-28T17:23:23","modified_gmt":"2025-08-28T17:23:23","slug":"ksiazki-zakazane-w-prl-literatura-drugiego-obiegu","status":"publish","type":"post","link":"https:\/\/pamiec81.pl\/index.php\/ksiazki-zakazane-w-prl-literatura-drugiego-obiegu\/","title":{"rendered":"Ksi\u0105\u017cki zakazane w PRL \u2013 literatura drugiego obiegu"},"content":{"rendered":"<p><strong>Zakazane ksi\u0105\u017cki w PRL by\u0142y kluczowym elementem walki o wolno\u015b\u0107 s\u0142owa i niezale\u017cno\u015b\u0107 intelektualn\u0105 w epoce komunistycznej Polski. W warunkach ostrej cenzury oraz kontroli pa\u0144stwowej, literatura drugiego obiegu odegra\u0142a wyj\u0105tkow\u0105 rol\u0119 w kszta\u0142towaniu postaw spo\u0142ecze\u0144stwa i budowaniu alternatywnej kultury.<\/strong><\/p>\n<h3 id=\"kontekst-historyczny-i-codzienno\u015b\u0107\">Kontekst historyczny i codzienno\u015b\u0107<\/h3>\n<p>W Polsce Ludowej dost\u0119p do informacji i kultury by\u0142 \u015bci\u015ble kontrolowany przez pa\u0144stwo, co wp\u0142ywa\u0142o na codzienne \u017cycie obywateli. <strong>Brak swobodnego dost\u0119pu do niekt\u00f3rych ksi\u0105\u017cek i tekst\u00f3w powodowa\u0142, \u017ce obieg literatury odbywa\u0142 si\u0119 nie tylko oficjalnymi kana\u0142ami, ale r\u00f3wnie\u017c poza zasi\u0119giem pa\u0144stwowej cenzury.<\/strong> Dla wielu ludzi kontakt z zakazanymi ksi\u0105\u017ckami by\u0142 nie tylko sposobem zdobywania wiedzy, ale tak\u017ce form\u0105 sprzeciwu wobec systemu.<\/p>\n<h3 id=\"t\u0142o-polityczne-i-gospodarcze\">T\u0142o polityczne i gospodarcze<\/h3>\n<p>W\u0142adze PRL systematycznie wprowadza\u0142y przepisy maj\u0105ce ograniczy\u0107 swobod\u0119 publikacji i dystrybucji tre\u015bci. <strong>G\u0142\u00f3wnym narz\u0119dziem kontroli by\u0142a cenzura PRL, formalnie ustanowiona ustaw\u0105 z 1946 roku i realizowana przez G\u0142\u00f3wny Urz\u0105d Kontroli Prasy, Publikacji i Widowisk.<\/strong> W praktyce oznacza\u0142o to, \u017ce ka\u017cda ksi\u0105\u017cka, czasopismo czy broszura musia\u0142a uzyska\u0107 akceptacj\u0119 cenzora przed publikacj\u0105. Centralne planowanie obejmowa\u0142o tak\u017ce nak\u0142ady i dystrybucj\u0119 papieru, co prowadzi\u0142o do reglamentacji i ograniczenia dost\u0119pno\u015bci wielu tytu\u0142\u00f3w.<\/p>\n<h3 id=\"najwa\u017cniejsze-elementy-i-praktyki\">Najwa\u017cniejsze elementy i praktyki<\/h3>\n<p>Cenzura PRL tworzy\u0142a listy ksi\u0105\u017cek zakazanych, obejmuj\u0105ce zar\u00f3wno dzie\u0142a polityczne, historyczne, jak i literatur\u0119 pi\u0119kn\u0105. <strong>Zakazane ksi\u0105\u017cki w PRL cz\u0119sto trafia\u0142y do tzw. teczek specjalnych w bibliotekach naukowych, do kt\u00f3rych dost\u0119p mia\u0142y jedynie osoby z odpowiednimi uprawnieniami.<\/strong> Spo\u0142ecze\u0144stwo wypracowa\u0142o jednak w\u0142asne metody omijania tych ogranicze\u0144, rozwijaj\u0105c podziemn\u0105 literatur\u0119, czyli tzw. drugi obieg.<\/p>\n<p>Podziemna literatura by\u0142a drukowana przy u\u017cyciu powielaczy, maszyn do pisania lub na kserokopiach. Najwa\u017cniejsze wydawnictwa drugiego obiegu, takie jak NOWA czy Kr\u0105g, publikowa\u0142y dzie\u0142a m.in. Czes\u0142awa Mi\u0142osza, Gustawa Herlinga-Grudzi\u0144skiego, ale tak\u017ce zakazanych autor\u00f3w zagranicznych, jak George Orwell czy Aleksander So\u0142\u017cenicyn.<\/p>\n<h3 id=\"przyk\u0142ady-z-\u017cycia-codziennego\">Przyk\u0142ady z \u017cycia codziennego<\/h3>\n<p><strong>Przekazywanie ksi\u0105\u017cek z drugiego obiegu odbywa\u0142o si\u0119 najcz\u0119\u015bciej w gronie zaufanych os\u00f3b \u2013 w mieszkaniach prywatnych, podczas spotka\u0144 towarzyskich lub przez sieci kontakt\u00f3w studenckich.<\/strong> W miastach \u0142atwiej by\u0142o zdoby\u0107 zakazane tytu\u0142y dzi\u0119ki rozwini\u0119tym \u015brodowiskom opozycyjnym. Na wsiach, ze wzgl\u0119du na mniejsze mo\u017cliwo\u015bci kontaktu i ograniczony dost\u0119p do alternatywnych \u017ar\u00f3de\u0142, drugi obieg mia\u0142 charakter bardziej sporadyczny.<\/p>\n<p>Typow\u0105 sytuacj\u0105 by\u0142o czytanie powielanej ksi\u0105\u017cki &quot;na kolanie&quot;, po cichu, cz\u0119sto w kilku egzemplarzach kr\u0105\u017c\u0105cych mi\u0119dzy znajomymi. Szczeg\u00f3lnie poszukiwane by\u0142y publikacje dotycz\u0105ce historii Polski, dzia\u0142alno\u015bci opozycyjnej czy relacji z wydarze\u0144 na Zachodzie, kt\u00f3re w oficjalnym obiegu by\u0142y nieosi\u0105galne.<\/p>\n<h3 id=\"instytucje-przepisy-i-ograniczenia\">Instytucje, przepisy i ograniczenia<\/h3>\n<p><strong>Cenzura PRL systematycznie monitorowa\u0142a tre\u015bci publikacji, wstrzymuj\u0105c lub op\u00f3\u017aniaj\u0105c wydanie tysi\u0119cy ksi\u0105\u017cek.<\/strong> G\u0142\u00f3wny Urz\u0105d Kontroli Prasy, Publikacji i Widowisk wydawa\u0142 decyzje o zakazie druku, a tak\u017ce konfiskowa\u0142 nak\u0142ady ju\u017c wydrukowane. Biblioteki by\u0142y zobowi\u0105zane do przechowywania niekt\u00f3rych tytu\u0142\u00f3w w specjalnych zbiorach z ograniczonym dost\u0119pem, a osoby przy\u0142apane na kolporta\u017cu lub posiadaniu nielegalnych wydawnictw mog\u0142y ponosi\u0107 konsekwencje prawne.<\/p>\n<h3 id=\"wp\u0142yw-na-spo\u0142ecze\u0144stwo\">Wp\u0142yw na spo\u0142ecze\u0144stwo<\/h3>\n<p><strong>Zakazane ksi\u0105\u017cki w PRL sta\u0142y si\u0119 symbolem buntu przeciwko zniewoleniu intelektualnemu i narz\u0119dziem budowania niezale\u017cnych wsp\u00f3lnot.<\/strong> Kontakt z nimi wywo\u0142ywa\u0142 poczucie uczestnictwa w czym\u015b wa\u017cnym, cz\u0119sto ni\u00f3s\u0142 ryzyko, ale jednocze\u015bnie dawa\u0142 satysfakcj\u0119 i wzmacnia\u0142 poczucie przynale\u017cno\u015bci do opozycji. Dla wielu os\u00f3b, zw\u0142aszcza m\u0142odego pokolenia, podziemna literatura by\u0142a sposobem na kszta\u0142towanie w\u0142asnej to\u017csamo\u015bci i zdobywanie wiedzy niedost\u0119pnej w oficjalnych podr\u0119cznikach.<\/p>\n<h3 id=\"reakcje-spo\u0142eczne-i-strategie-radzenia-sobie\">Reakcje spo\u0142eczne i strategie radzenia sobie<\/h3>\n<p>Spo\u0142ecze\u0144stwo nauczy\u0142o si\u0119 omija\u0107 oficjalne ograniczenia, rozwijaj\u0105c w\u0142asne sieci dystrybucji i wymiany ksi\u0105\u017cek. Opr\u00f3cz handlu spod lady i nieformalnych wypo\u017cyczalni, popularne by\u0142y tak\u017ce prywatne spotkania literackie oraz domowe odczyty. Alternatywn\u0105 form\u0105 aktywno\u015bci by\u0142y r\u00f3wnie\u017c spotkania autorskie w ko\u015bcio\u0142ach i domach kultury, koncerty czy wyk\u0142ady organizowane przez niezale\u017cne \u015brodowiska. <strong>Wsp\u00f3lne czytanie zakazanych ksi\u0105\u017cek oraz ich kopiowanie wzmacnia\u0142o wi\u0119zi spo\u0142eczne i poczucie solidarno\u015bci.<\/strong><\/p>\n<h3 id=\"dziedzictwo-i-pami\u0119\u0107\">Dziedzictwo i pami\u0119\u0107<\/h3>\n<p><strong>Dzi\u015b zakazane ksi\u0105\u017cki w PRL i fenomen podziemnej literatury funkcjonuj\u0105 w pami\u0119ci zbiorowej jako symbol walki o wolno\u015b\u0107 s\u0142owa oraz niezale\u017cno\u015b\u0107 intelektualn\u0105.<\/strong> Temat ten budzi zar\u00f3wno sentyment, jak i krytyczn\u0105 refleksj\u0119 nad ograniczeniami tamtych czas\u00f3w. Wspomnienia o drugim obiegu s\u0105 obecne w literaturze, filmie oraz debacie publicznej, przypominaj\u0105c o roli, jak\u0105 odegra\u0142a niezale\u017cna my\u015bl w procesie przemian ustrojowych.<\/p>\n","protected":false},"excerpt":{"rendered":"<p>Zakazane ksi\u0105\u017cki w PRL by\u0142y kluczowym elementem walki o wolno\u015b\u0107 s\u0142owa i niezale\u017cno\u015b\u0107 intelektualn\u0105 w epoce komunistycznej Polski. W warunkach ostrej cenzury oraz kontroli pa\u0144stwowej, literatura drugiego obiegu odegra\u0142a wyj\u0105tkow\u0105 rol\u0119 w kszta\u0142towaniu postaw spo\u0142ecze\u0144stwa i budowaniu alternatywnej kultury. Kontekst historyczny i codzienno\u015b\u0107 W Polsce Ludowej dost\u0119p do informacji i kultury by\u0142 \u015bci\u015ble kontrolowany przez&#8230;<\/p>\n","protected":false},"author":1,"featured_media":1590,"comment_status":"","ping_status":"","sticky":false,"template":"","format":"standard","meta":{"_kadence_starter_templates_imported_post":false,"_kad_post_transparent":"","_kad_post_title":"","_kad_post_layout":"","_kad_post_sidebar_id":"","_kad_post_content_style":"","_kad_post_vertical_padding":"","_kad_post_feature":"","_kad_post_feature_position":"","_kad_post_header":false,"_kad_post_footer":false,"_kad_post_classname":"","footnotes":""},"categories":[17],"tags":[],"class_list":["post-1591","post","type-post","status-publish","format-standard","has-post-thumbnail","hentry","category-media-i-literatura"],"yoast_head":"<!-- This site is optimized with the Yoast SEO plugin v27.5 - https:\/\/yoast.com\/product\/yoast-seo-wordpress\/ -->\n<title>Ksi\u0105\u017cki zakazane w PRL \u2013 literatura drugiego obiegu - Grudzie\u0144 1981: Historia i Pami\u0119\u0107<\/title>\n<meta name=\"robots\" content=\"index, follow, max-snippet:-1, max-image-preview:large, max-video-preview:-1\" \/>\n<link rel=\"canonical\" href=\"https:\/\/pamiec81.pl\/index.php\/ksiazki-zakazane-w-prl-literatura-drugiego-obiegu\/\" \/>\n<meta property=\"og:locale\" content=\"pl_PL\" \/>\n<meta property=\"og:type\" content=\"article\" \/>\n<meta property=\"og:title\" content=\"Ksi\u0105\u017cki zakazane w PRL \u2013 literatura drugiego obiegu - Grudzie\u0144 1981: Historia i Pami\u0119\u0107\" \/>\n<meta property=\"og:description\" content=\"Zakazane ksi\u0105\u017cki w PRL by\u0142y kluczowym elementem walki o wolno\u015b\u0107 s\u0142owa i niezale\u017cno\u015b\u0107 intelektualn\u0105 w epoce komunistycznej Polski. W warunkach ostrej cenzury oraz kontroli pa\u0144stwowej, literatura drugiego obiegu odegra\u0142a wyj\u0105tkow\u0105 rol\u0119 w kszta\u0142towaniu postaw spo\u0142ecze\u0144stwa i budowaniu alternatywnej kultury. Kontekst historyczny i codzienno\u015b\u0107 W Polsce Ludowej dost\u0119p do informacji i kultury by\u0142 \u015bci\u015ble kontrolowany przez...\" \/>\n<meta property=\"og:url\" content=\"https:\/\/pamiec81.pl\/index.php\/ksiazki-zakazane-w-prl-literatura-drugiego-obiegu\/\" \/>\n<meta property=\"og:site_name\" content=\"Grudzie\u0144 1981: Historia i Pami\u0119\u0107\" \/>\n<meta property=\"article:published_time\" content=\"2025-08-28T17:23:23+00:00\" \/>\n<meta property=\"og:image\" content=\"https:\/\/pamiec81.pl\/wp-content\/uploads\/2025\/08\/Ksiazki-zakazane-w-PRL-\u2013-literatura-drugiego-obiegu.jpg\" \/>\n\t<meta property=\"og:image:width\" content=\"1080\" \/>\n\t<meta property=\"og:image:height\" content=\"810\" \/>\n\t<meta property=\"og:image:type\" content=\"image\/jpeg\" \/>\n<meta name=\"author\" content=\"pamiec81\" \/>\n<meta name=\"twitter:card\" content=\"summary_large_image\" \/>\n<meta name=\"twitter:label1\" content=\"Napisane przez\" \/>\n\t<meta name=\"twitter:data1\" content=\"pamiec81\" \/>\n\t<meta name=\"twitter:label2\" content=\"Szacowany czas czytania\" \/>\n\t<meta name=\"twitter:data2\" content=\"4 minuty\" \/>\n<script type=\"application\/ld+json\" class=\"yoast-schema-graph\">{\"@context\":\"https:\\\/\\\/schema.org\",\"@graph\":[{\"@type\":\"Article\",\"@id\":\"https:\\\/\\\/pamiec81.pl\\\/index.php\\\/ksiazki-zakazane-w-prl-literatura-drugiego-obiegu\\\/#article\",\"isPartOf\":{\"@id\":\"https:\\\/\\\/pamiec81.pl\\\/index.php\\\/ksiazki-zakazane-w-prl-literatura-drugiego-obiegu\\\/\"},\"author\":{\"name\":\"pamiec81\",\"@id\":\"https:\\\/\\\/pamiec81.pl\\\/#\\\/schema\\\/person\\\/47024abcf028b8fcf0ddfcf373c4c57e\"},\"headline\":\"Ksi\u0105\u017cki zakazane w PRL \u2013 literatura drugiego obiegu\",\"datePublished\":\"2025-08-28T17:23:23+00:00\",\"mainEntityOfPage\":{\"@id\":\"https:\\\/\\\/pamiec81.pl\\\/index.php\\\/ksiazki-zakazane-w-prl-literatura-drugiego-obiegu\\\/\"},\"wordCount\":810,\"publisher\":{\"@id\":\"https:\\\/\\\/pamiec81.pl\\\/#organization\"},\"image\":{\"@id\":\"https:\\\/\\\/pamiec81.pl\\\/index.php\\\/ksiazki-zakazane-w-prl-literatura-drugiego-obiegu\\\/#primaryimage\"},\"thumbnailUrl\":\"https:\\\/\\\/pamiec81.pl\\\/wp-content\\\/uploads\\\/2025\\\/08\\\/Ksiazki-zakazane-w-PRL-\u2013-literatura-drugiego-obiegu.jpg\",\"articleSection\":[\"MEDIA I LITERATURA\"],\"inLanguage\":\"pl-PL\"},{\"@type\":\"WebPage\",\"@id\":\"https:\\\/\\\/pamiec81.pl\\\/index.php\\\/ksiazki-zakazane-w-prl-literatura-drugiego-obiegu\\\/\",\"url\":\"https:\\\/\\\/pamiec81.pl\\\/index.php\\\/ksiazki-zakazane-w-prl-literatura-drugiego-obiegu\\\/\",\"name\":\"Ksi\u0105\u017cki zakazane w PRL \u2013 literatura drugiego obiegu - Grudzie\u0144 1981: Historia i Pami\u0119\u0107\",\"isPartOf\":{\"@id\":\"https:\\\/\\\/pamiec81.pl\\\/#website\"},\"primaryImageOfPage\":{\"@id\":\"https:\\\/\\\/pamiec81.pl\\\/index.php\\\/ksiazki-zakazane-w-prl-literatura-drugiego-obiegu\\\/#primaryimage\"},\"image\":{\"@id\":\"https:\\\/\\\/pamiec81.pl\\\/index.php\\\/ksiazki-zakazane-w-prl-literatura-drugiego-obiegu\\\/#primaryimage\"},\"thumbnailUrl\":\"https:\\\/\\\/pamiec81.pl\\\/wp-content\\\/uploads\\\/2025\\\/08\\\/Ksiazki-zakazane-w-PRL-\u2013-literatura-drugiego-obiegu.jpg\",\"datePublished\":\"2025-08-28T17:23:23+00:00\",\"breadcrumb\":{\"@id\":\"https:\\\/\\\/pamiec81.pl\\\/index.php\\\/ksiazki-zakazane-w-prl-literatura-drugiego-obiegu\\\/#breadcrumb\"},\"inLanguage\":\"pl-PL\",\"potentialAction\":[{\"@type\":\"ReadAction\",\"target\":[\"https:\\\/\\\/pamiec81.pl\\\/index.php\\\/ksiazki-zakazane-w-prl-literatura-drugiego-obiegu\\\/\"]}]},{\"@type\":\"ImageObject\",\"inLanguage\":\"pl-PL\",\"@id\":\"https:\\\/\\\/pamiec81.pl\\\/index.php\\\/ksiazki-zakazane-w-prl-literatura-drugiego-obiegu\\\/#primaryimage\",\"url\":\"https:\\\/\\\/pamiec81.pl\\\/wp-content\\\/uploads\\\/2025\\\/08\\\/Ksiazki-zakazane-w-PRL-\u2013-literatura-drugiego-obiegu.jpg\",\"contentUrl\":\"https:\\\/\\\/pamiec81.pl\\\/wp-content\\\/uploads\\\/2025\\\/08\\\/Ksiazki-zakazane-w-PRL-\u2013-literatura-drugiego-obiegu.jpg\",\"width\":1080,\"height\":810,\"caption\":\"Ksi\u0105\u017cki zakazane w PRL \u2013 literatura drugiego obiegu\"},{\"@type\":\"BreadcrumbList\",\"@id\":\"https:\\\/\\\/pamiec81.pl\\\/index.php\\\/ksiazki-zakazane-w-prl-literatura-drugiego-obiegu\\\/#breadcrumb\",\"itemListElement\":[{\"@type\":\"ListItem\",\"position\":1,\"name\":\"Strona g\u0142\u00f3wna\",\"item\":\"https:\\\/\\\/pamiec81.pl\\\/\"},{\"@type\":\"ListItem\",\"position\":2,\"name\":\"Ksi\u0105\u017cki zakazane w PRL \u2013 literatura drugiego obiegu\"}]},{\"@type\":\"WebSite\",\"@id\":\"https:\\\/\\\/pamiec81.pl\\\/#website\",\"url\":\"https:\\\/\\\/pamiec81.pl\\\/\",\"name\":\"Grudzie\u0144 1981: Historia i Pami\u0119\u0107\",\"description\":\"Upami\u0119tnijmy stan wojenny grudnia 1981. Razem odkrywajmy histori\u0119, dzielmy si\u0119 wspomnieniami i refleksjami o walce o wolno\u015b\u0107 i prawd\u0119.\",\"publisher\":{\"@id\":\"https:\\\/\\\/pamiec81.pl\\\/#organization\"},\"potentialAction\":[{\"@type\":\"SearchAction\",\"target\":{\"@type\":\"EntryPoint\",\"urlTemplate\":\"https:\\\/\\\/pamiec81.pl\\\/?s={search_term_string}\"},\"query-input\":{\"@type\":\"PropertyValueSpecification\",\"valueRequired\":true,\"valueName\":\"search_term_string\"}}],\"inLanguage\":\"pl-PL\"},{\"@type\":\"Organization\",\"@id\":\"https:\\\/\\\/pamiec81.pl\\\/#organization\",\"name\":\"Grudzie\u0144 1981: Historia i Pami\u0119\u0107\",\"url\":\"https:\\\/\\\/pamiec81.pl\\\/\",\"logo\":{\"@type\":\"ImageObject\",\"inLanguage\":\"pl-PL\",\"@id\":\"https:\\\/\\\/pamiec81.pl\\\/#\\\/schema\\\/logo\\\/image\\\/\",\"url\":\"https:\\\/\\\/pamiec81.pl\\\/wp-content\\\/uploads\\\/2024\\\/10\\\/polskiemorsy.net__3_-removebg-preview.png\",\"contentUrl\":\"https:\\\/\\\/pamiec81.pl\\\/wp-content\\\/uploads\\\/2024\\\/10\\\/polskiemorsy.net__3_-removebg-preview.png\",\"width\":300,\"height\":100,\"caption\":\"Grudzie\u0144 1981: Historia i Pami\u0119\u0107\"},\"image\":{\"@id\":\"https:\\\/\\\/pamiec81.pl\\\/#\\\/schema\\\/logo\\\/image\\\/\"}},{\"@type\":\"Person\",\"@id\":\"https:\\\/\\\/pamiec81.pl\\\/#\\\/schema\\\/person\\\/47024abcf028b8fcf0ddfcf373c4c57e\",\"name\":\"pamiec81\",\"image\":{\"@type\":\"ImageObject\",\"inLanguage\":\"pl-PL\",\"@id\":\"https:\\\/\\\/secure.gravatar.com\\\/avatar\\\/8c6c8a6ddc98c0d8c18a4a687166a69e5fdbc0475752245205a512500cb18d08?s=96&d=mm&r=g\",\"url\":\"https:\\\/\\\/secure.gravatar.com\\\/avatar\\\/8c6c8a6ddc98c0d8c18a4a687166a69e5fdbc0475752245205a512500cb18d08?s=96&d=mm&r=g\",\"contentUrl\":\"https:\\\/\\\/secure.gravatar.com\\\/avatar\\\/8c6c8a6ddc98c0d8c18a4a687166a69e5fdbc0475752245205a512500cb18d08?s=96&d=mm&r=g\",\"caption\":\"pamiec81\"},\"sameAs\":[\"https:\\\/\\\/pamiec81.pl\"],\"url\":\"https:\\\/\\\/pamiec81.pl\\\/index.php\\\/author\\\/pamiec\\\/\"}]}<\/script>\n<!-- \/ Yoast SEO plugin. -->","yoast_head_json":{"title":"Ksi\u0105\u017cki zakazane w PRL \u2013 literatura drugiego obiegu - Grudzie\u0144 1981: Historia i Pami\u0119\u0107","robots":{"index":"index","follow":"follow","max-snippet":"max-snippet:-1","max-image-preview":"max-image-preview:large","max-video-preview":"max-video-preview:-1"},"canonical":"https:\/\/pamiec81.pl\/index.php\/ksiazki-zakazane-w-prl-literatura-drugiego-obiegu\/","og_locale":"pl_PL","og_type":"article","og_title":"Ksi\u0105\u017cki zakazane w PRL \u2013 literatura drugiego obiegu - Grudzie\u0144 1981: Historia i Pami\u0119\u0107","og_description":"Zakazane ksi\u0105\u017cki w PRL by\u0142y kluczowym elementem walki o wolno\u015b\u0107 s\u0142owa i niezale\u017cno\u015b\u0107 intelektualn\u0105 w epoce komunistycznej Polski. W warunkach ostrej cenzury oraz kontroli pa\u0144stwowej, literatura drugiego obiegu odegra\u0142a wyj\u0105tkow\u0105 rol\u0119 w kszta\u0142towaniu postaw spo\u0142ecze\u0144stwa i budowaniu alternatywnej kultury. Kontekst historyczny i codzienno\u015b\u0107 W Polsce Ludowej dost\u0119p do informacji i kultury by\u0142 \u015bci\u015ble kontrolowany przez...","og_url":"https:\/\/pamiec81.pl\/index.php\/ksiazki-zakazane-w-prl-literatura-drugiego-obiegu\/","og_site_name":"Grudzie\u0144 1981: Historia i Pami\u0119\u0107","article_published_time":"2025-08-28T17:23:23+00:00","og_image":[{"width":1080,"height":810,"url":"https:\/\/pamiec81.pl\/wp-content\/uploads\/2025\/08\/Ksiazki-zakazane-w-PRL-\u2013-literatura-drugiego-obiegu.jpg","type":"image\/jpeg"}],"author":"pamiec81","twitter_card":"summary_large_image","twitter_misc":{"Napisane przez":"pamiec81","Szacowany czas czytania":"4 minuty"},"schema":{"@context":"https:\/\/schema.org","@graph":[{"@type":"Article","@id":"https:\/\/pamiec81.pl\/index.php\/ksiazki-zakazane-w-prl-literatura-drugiego-obiegu\/#article","isPartOf":{"@id":"https:\/\/pamiec81.pl\/index.php\/ksiazki-zakazane-w-prl-literatura-drugiego-obiegu\/"},"author":{"name":"pamiec81","@id":"https:\/\/pamiec81.pl\/#\/schema\/person\/47024abcf028b8fcf0ddfcf373c4c57e"},"headline":"Ksi\u0105\u017cki zakazane w PRL \u2013 literatura drugiego obiegu","datePublished":"2025-08-28T17:23:23+00:00","mainEntityOfPage":{"@id":"https:\/\/pamiec81.pl\/index.php\/ksiazki-zakazane-w-prl-literatura-drugiego-obiegu\/"},"wordCount":810,"publisher":{"@id":"https:\/\/pamiec81.pl\/#organization"},"image":{"@id":"https:\/\/pamiec81.pl\/index.php\/ksiazki-zakazane-w-prl-literatura-drugiego-obiegu\/#primaryimage"},"thumbnailUrl":"https:\/\/pamiec81.pl\/wp-content\/uploads\/2025\/08\/Ksiazki-zakazane-w-PRL-\u2013-literatura-drugiego-obiegu.jpg","articleSection":["MEDIA I LITERATURA"],"inLanguage":"pl-PL"},{"@type":"WebPage","@id":"https:\/\/pamiec81.pl\/index.php\/ksiazki-zakazane-w-prl-literatura-drugiego-obiegu\/","url":"https:\/\/pamiec81.pl\/index.php\/ksiazki-zakazane-w-prl-literatura-drugiego-obiegu\/","name":"Ksi\u0105\u017cki zakazane w PRL \u2013 literatura drugiego obiegu - Grudzie\u0144 1981: Historia i Pami\u0119\u0107","isPartOf":{"@id":"https:\/\/pamiec81.pl\/#website"},"primaryImageOfPage":{"@id":"https:\/\/pamiec81.pl\/index.php\/ksiazki-zakazane-w-prl-literatura-drugiego-obiegu\/#primaryimage"},"image":{"@id":"https:\/\/pamiec81.pl\/index.php\/ksiazki-zakazane-w-prl-literatura-drugiego-obiegu\/#primaryimage"},"thumbnailUrl":"https:\/\/pamiec81.pl\/wp-content\/uploads\/2025\/08\/Ksiazki-zakazane-w-PRL-\u2013-literatura-drugiego-obiegu.jpg","datePublished":"2025-08-28T17:23:23+00:00","breadcrumb":{"@id":"https:\/\/pamiec81.pl\/index.php\/ksiazki-zakazane-w-prl-literatura-drugiego-obiegu\/#breadcrumb"},"inLanguage":"pl-PL","potentialAction":[{"@type":"ReadAction","target":["https:\/\/pamiec81.pl\/index.php\/ksiazki-zakazane-w-prl-literatura-drugiego-obiegu\/"]}]},{"@type":"ImageObject","inLanguage":"pl-PL","@id":"https:\/\/pamiec81.pl\/index.php\/ksiazki-zakazane-w-prl-literatura-drugiego-obiegu\/#primaryimage","url":"https:\/\/pamiec81.pl\/wp-content\/uploads\/2025\/08\/Ksiazki-zakazane-w-PRL-\u2013-literatura-drugiego-obiegu.jpg","contentUrl":"https:\/\/pamiec81.pl\/wp-content\/uploads\/2025\/08\/Ksiazki-zakazane-w-PRL-\u2013-literatura-drugiego-obiegu.jpg","width":1080,"height":810,"caption":"Ksi\u0105\u017cki zakazane w PRL \u2013 literatura drugiego obiegu"},{"@type":"BreadcrumbList","@id":"https:\/\/pamiec81.pl\/index.php\/ksiazki-zakazane-w-prl-literatura-drugiego-obiegu\/#breadcrumb","itemListElement":[{"@type":"ListItem","position":1,"name":"Strona g\u0142\u00f3wna","item":"https:\/\/pamiec81.pl\/"},{"@type":"ListItem","position":2,"name":"Ksi\u0105\u017cki zakazane w PRL \u2013 literatura drugiego obiegu"}]},{"@type":"WebSite","@id":"https:\/\/pamiec81.pl\/#website","url":"https:\/\/pamiec81.pl\/","name":"Grudzie\u0144 1981: Historia i Pami\u0119\u0107","description":"Upami\u0119tnijmy stan wojenny grudnia 1981. Razem odkrywajmy histori\u0119, dzielmy si\u0119 wspomnieniami i refleksjami o walce o wolno\u015b\u0107 i prawd\u0119.","publisher":{"@id":"https:\/\/pamiec81.pl\/#organization"},"potentialAction":[{"@type":"SearchAction","target":{"@type":"EntryPoint","urlTemplate":"https:\/\/pamiec81.pl\/?s={search_term_string}"},"query-input":{"@type":"PropertyValueSpecification","valueRequired":true,"valueName":"search_term_string"}}],"inLanguage":"pl-PL"},{"@type":"Organization","@id":"https:\/\/pamiec81.pl\/#organization","name":"Grudzie\u0144 1981: Historia i Pami\u0119\u0107","url":"https:\/\/pamiec81.pl\/","logo":{"@type":"ImageObject","inLanguage":"pl-PL","@id":"https:\/\/pamiec81.pl\/#\/schema\/logo\/image\/","url":"https:\/\/pamiec81.pl\/wp-content\/uploads\/2024\/10\/polskiemorsy.net__3_-removebg-preview.png","contentUrl":"https:\/\/pamiec81.pl\/wp-content\/uploads\/2024\/10\/polskiemorsy.net__3_-removebg-preview.png","width":300,"height":100,"caption":"Grudzie\u0144 1981: Historia i Pami\u0119\u0107"},"image":{"@id":"https:\/\/pamiec81.pl\/#\/schema\/logo\/image\/"}},{"@type":"Person","@id":"https:\/\/pamiec81.pl\/#\/schema\/person\/47024abcf028b8fcf0ddfcf373c4c57e","name":"pamiec81","image":{"@type":"ImageObject","inLanguage":"pl-PL","@id":"https:\/\/secure.gravatar.com\/avatar\/8c6c8a6ddc98c0d8c18a4a687166a69e5fdbc0475752245205a512500cb18d08?s=96&d=mm&r=g","url":"https:\/\/secure.gravatar.com\/avatar\/8c6c8a6ddc98c0d8c18a4a687166a69e5fdbc0475752245205a512500cb18d08?s=96&d=mm&r=g","contentUrl":"https:\/\/secure.gravatar.com\/avatar\/8c6c8a6ddc98c0d8c18a4a687166a69e5fdbc0475752245205a512500cb18d08?s=96&d=mm&r=g","caption":"pamiec81"},"sameAs":["https:\/\/pamiec81.pl"],"url":"https:\/\/pamiec81.pl\/index.php\/author\/pamiec\/"}]}},"_links":{"self":[{"href":"https:\/\/pamiec81.pl\/index.php\/wp-json\/wp\/v2\/posts\/1591","targetHints":{"allow":["GET"]}}],"collection":[{"href":"https:\/\/pamiec81.pl\/index.php\/wp-json\/wp\/v2\/posts"}],"about":[{"href":"https:\/\/pamiec81.pl\/index.php\/wp-json\/wp\/v2\/types\/post"}],"author":[{"embeddable":true,"href":"https:\/\/pamiec81.pl\/index.php\/wp-json\/wp\/v2\/users\/1"}],"replies":[{"embeddable":true,"href":"https:\/\/pamiec81.pl\/index.php\/wp-json\/wp\/v2\/comments?post=1591"}],"version-history":[{"count":1,"href":"https:\/\/pamiec81.pl\/index.php\/wp-json\/wp\/v2\/posts\/1591\/revisions"}],"predecessor-version":[{"id":1646,"href":"https:\/\/pamiec81.pl\/index.php\/wp-json\/wp\/v2\/posts\/1591\/revisions\/1646"}],"wp:featuredmedia":[{"embeddable":true,"href":"https:\/\/pamiec81.pl\/index.php\/wp-json\/wp\/v2\/media\/1590"}],"wp:attachment":[{"href":"https:\/\/pamiec81.pl\/index.php\/wp-json\/wp\/v2\/media?parent=1591"}],"wp:term":[{"taxonomy":"category","embeddable":true,"href":"https:\/\/pamiec81.pl\/index.php\/wp-json\/wp\/v2\/categories?post=1591"},{"taxonomy":"post_tag","embeddable":true,"href":"https:\/\/pamiec81.pl\/index.php\/wp-json\/wp\/v2\/tags?post=1591"}],"curies":[{"name":"wp","href":"https:\/\/api.w.org\/{rel}","templated":true}]}}