{"id":1545,"date":"2025-08-27T03:16:16","date_gmt":"2025-08-27T03:16:16","guid":{"rendered":"https:\/\/pamiec81.pl\/?p=1545"},"modified":"2025-08-27T03:16:16","modified_gmt":"2025-08-27T03:16:16","slug":"mieszkania-w-wielkiej-plycie-jak-wygladalo-zycie-w-prl-owskich-blokach","status":"publish","type":"post","link":"https:\/\/pamiec81.pl\/index.php\/mieszkania-w-wielkiej-plycie-jak-wygladalo-zycie-w-prl-owskich-blokach\/","title":{"rendered":"Mieszkania w wielkiej p\u0142ycie \u2013 jak wygl\u0105da\u0142o \u017cycie w PRL-owskich blokach?"},"content":{"rendered":"<p><strong>Mieszkania w wielkiej p\u0142ycie PRL by\u0142y symbolem nowoczesno\u015bci, szans\u0105 na w\u0142asne \u201eM\u201d i odpowiedzi\u0105 na powojenny kryzys mieszkaniowy. Osiedla z prefabrykowanych blok\u00f3w kszta\u0142towa\u0142y codzienno\u015b\u0107 milion\u00f3w Polak\u00f3w i pozostawi\u0142y trwa\u0142y \u015blad w krajobrazie oraz pami\u0119ci spo\u0142ecznej. Temat ten stanowi wa\u017cny element historii urbanistyki i \u017cycia codziennego w Polsce Ludowej.<\/strong><\/p>\n<h3 id=\"kontekst-historyczny-i-codzienno\u015b\u0107\">Kontekst historyczny i codzienno\u015b\u0107<\/h3>\n<p>W drugiej po\u0142owie XX wieku Polska zmaga\u0142a si\u0119 z ogromnym deficytem mieszka\u0144, b\u0119d\u0105cym nast\u0119pstwem zniszcze\u0144 wojennych oraz nasilaj\u0105cej si\u0119 urbanizacji. <strong>Masowa migracja ze wsi do miast, rozw\u00f3j przemys\u0142u i dynamiczny wzrost liczby ludno\u015bci wymusi\u0142y pilne rozwi\u0105zania w zakresie budownictwa mieszkaniowego.<\/strong> W odpowiedzi na te wyzwania w\u0142adze postawi\u0142y na budow\u0119 osiedli z wielkiej p\u0142yty, kt\u00f3re mia\u0142y zapewni\u0107 szybki i wzgl\u0119dnie tani dost\u0119p do mieszka\u0144.<\/p>\n<h3 id=\"t\u0142o-polityczne-i-gospodarcze\">T\u0142o polityczne i gospodarcze<\/h3>\n<p>Wprowadzenie technologii wielkiej p\u0142yty w latach 60. i 70. XX wieku by\u0142o efektem decyzji w\u0142adz centralnych, kt\u00f3re uzna\u0142y industrializacj\u0119 budownictwa za priorytet polityki mieszkaniowej. <strong>Centralne planowanie oznacza\u0142o standaryzacj\u0119 projekt\u00f3w \u2013 bloki o identycznym uk\u0142adzie powstawa\u0142y w ca\u0142ym kraju, zgodnie z wytycznymi Ministerstwa Budownictwa.<\/strong> Przepisy regulowa\u0142y nie tylko metra\u017c i wyposa\u017cenie mieszka\u0144, lecz tak\u017ce zagospodarowanie przestrzeni wok\u00f3\u0142 budynk\u00f3w \u2013 place zabaw, punkty us\u0142ugowe czy tereny zielone by\u0142y obowi\u0105zkowymi elementami nowych osiedli PRL.<\/p>\n<h3 id=\"najwa\u017cniejsze-elementy-i-praktyki\">Najwa\u017cniejsze elementy i praktyki<\/h3>\n<p>Budynki z wielkiej p\u0142yty charakteryzowa\u0142y si\u0119 prostot\u0105 i funkcjonalizmem, a kluczowe by\u0142o szybkie tempo budowy. <strong>Standardowe mieszkanie sk\u0142ada\u0142o si\u0119 z dw\u00f3ch lub trzech pokoi, kuchni, \u0142azienki i balkonu, a cz\u0119sto tak\u017ce niewielkiej piwnicy.<\/strong> W praktyce jednak realia odbiega\u0142y od za\u0142o\u017ce\u0144 \u2013 niedostatek materia\u0142\u00f3w skutkowa\u0142 licznymi usterkami, a oszcz\u0119dno\u015bci powodowa\u0142y ograniczenie powierzchni u\u017cytkowej. Przyk\u0142adem mog\u0105 by\u0107 s\u0142ynne kuchnie o powierzchni 4\u20135 m\u00b2, w kt\u00f3rych trudno by\u0142o zmie\u015bci\u0107 podstawowe wyposa\u017cenie.<\/p>\n<h3 id=\"przyk\u0142ady-z-\u017cycia-codziennego\">Przyk\u0142ady z \u017cycia codziennego<\/h3>\n<p><strong>\u017bycie w blokach PRL wi\u0105za\u0142o si\u0119 z szeregiem codziennych wyzwa\u0144, ale i specyficznych zwyczaj\u00f3w.<\/strong> Wielu mieszka\u0144c\u00f3w pami\u0119ta kolejki do wind, wsp\u00f3lne sprz\u0105tanie klatek schodowych czy s\u0105siedzkie spotkania na placu zabaw. W blokach dzieci bawi\u0142y si\u0119 w \u201echowanego\u201d mi\u0119dzy pi\u0119trami, a zim\u0105 organizowano zjazdy na sankach z osiedlowych pag\u00f3rk\u00f3w. R\u00f3\u017cnice mi\u0119dzy miastem a wsi\u0105 by\u0142y wyra\u017ane \u2013 podczas gdy na osiedlach PRL rozwija\u0142o si\u0119 \u017cycie towarzyskie i kulturalne (np. \u015bwietlice, domy kultury), na wsiach dominowa\u0142y tradycyjne formy sp\u0119dzania czasu.<\/p>\n<p>W okresie niedobor\u00f3w lat 80. mieszka\u0144cy blok\u00f3w ustawiali si\u0119 w kolejkach po podstawowe produkty, korzystaj\u0105c z systemu kartek wprowadzonego w 1981 roku. Wsp\u00f3lne gotowanie na klatce schodowej, dzielenie si\u0119 narz\u0119dziami czy organizacja \u201eprywatnych\u201d \u015bwi\u0105t w ciasnych mieszkaniach to obrazy codzienno\u015bci tamtych lat.<\/p>\n<h3 id=\"instytucje-przepisy-i-ograniczenia\">Instytucje, przepisy i ograniczenia<\/h3>\n<p><strong>Funkcjonowanie osiedli PRL by\u0142o \u015bci\u015ble kontrolowane przez administracj\u0119 pa\u0144stwow\u0105 oraz sp\u00f3\u0142dzielnie mieszkaniowe, kt\u00f3re odpowiada\u0142y za przydzia\u0142 lokali, remonty i utrzymanie porz\u0105dku.<\/strong> System punktowy decydowa\u0142 o kolejno\u015bci przyznawania mieszka\u0144 \u2013 priorytet mieli pracownicy przemys\u0142u, wielodzietne rodziny czy osoby zatrudnione w instytucjach strategicznych. Cenzura i kontrola \u017cycia spo\u0142ecznego przejawia\u0142y si\u0119 tak\u017ce w ograniczaniu dzia\u0142alno\u015bci samorz\u0105d\u00f3w lokalnych czy regulowaniu dost\u0119pu do us\u0142ug (np. telefon, gaz, ciep\u0142a woda).<\/p>\n<h3 id=\"wp\u0142yw-na-spo\u0142ecze\u0144stwo\">Wp\u0142yw na spo\u0142ecze\u0144stwo<\/h3>\n<p><strong>Mieszkania w wielkiej p\u0142ycie PRL kszta\u0142towa\u0142y nowe wzorce \u017cycia rodzinnego i s\u0105siedzkiego, buduj\u0105c poczucie wsp\u00f3lnoty, ale te\u017c wywo\u0142uj\u0105c frustracje zwi\u0105zane z niedostatkiem przestrzeni i prywatno\u015bci.<\/strong> Szybkie tempo urbanizacji prowadzi\u0142o do powstawania anonimowych, wielotysi\u0119cznych osiedli, kt\u00f3re z jednej strony integrowa\u0142y r\u00f3\u017cne grupy spo\u0142eczne, z drugiej \u2013 sprzyja\u0142y konfliktom i alienacji. Dla wielu rodzin przeprowadzka do bloku oznacza\u0142a awans cywilizacyjny, lecz tak\u017ce konieczno\u015b\u0107 radzenia sobie z nowymi problemami, jak ha\u0142as czy awarie wind.<\/p>\n<h3 id=\"reakcje-spo\u0142eczne-i-strategie-radzenia-sobie\">Reakcje spo\u0142eczne i strategie radzenia sobie<\/h3>\n<p>W obliczu ogranicze\u0144 mieszka\u0144cy blok\u00f3w wykazywali si\u0119 du\u017c\u0105 pomys\u0142owo\u015bci\u0105. <strong>Popularne by\u0142y \u201eprywatki\u201d \u2013 domowe przyj\u0119cia pozwalaj\u0105ce na swobodn\u0105 zabaw\u0119 poza kontrol\u0105 w\u0142adz czy organizacja mszy w prywatnych mieszkaniach w latach stanu wojennego.<\/strong> Braki towarowe rekompensowa\u0142 handel \u201espod lady\u201d oraz s\u0105siedzkie przys\u0142ugi \u2013 wymiana kawy na papier toaletowy czy wsp\u00f3lne zakupy na bazarze. <strong>Wielu mieszka\u0144c\u00f3w wspomina dzi\u015b silne wi\u0119zi mi\u0119dzyludzkie, kt\u00f3re pomaga\u0142y przetrwa\u0107 trudno\u015bci i budowa\u0142y poczucie bezpiecze\u0144stwa.<\/strong><\/p>\n<h3 id=\"dziedzictwo-i-pami\u0119\u0107\">Dziedzictwo i pami\u0119\u0107<\/h3>\n<p><strong>Dzi\u015b osiedla PRL s\u0105 sta\u0142ym elementem polskiego krajobrazu, a wspomnienia zwi\u0105zane z \u017cyciem w blokach PRL budz\u0105 zar\u00f3wno nostalgi\u0119, jak i krytyczn\u0105 refleksj\u0119.<\/strong> Mieszkania w wielkiej p\u0142ycie PRL sta\u0142y si\u0119 tematem film\u00f3w, reporta\u017cy i wspomnie\u0144, b\u0119d\u0105c zarazem symbolem minionej epoki oraz przedmiotem dyskusji o jako\u015bci \u017cycia i dziedzictwie urbanistycznym Polski Ludowej.<\/p>\n","protected":false},"excerpt":{"rendered":"<p>Mieszkania w wielkiej p\u0142ycie PRL by\u0142y symbolem nowoczesno\u015bci, szans\u0105 na w\u0142asne \u201eM\u201d i odpowiedzi\u0105 na powojenny kryzys mieszkaniowy. Osiedla z prefabrykowanych blok\u00f3w kszta\u0142towa\u0142y codzienno\u015b\u0107 milion\u00f3w Polak\u00f3w i pozostawi\u0142y trwa\u0142y \u015blad w krajobrazie oraz pami\u0119ci spo\u0142ecznej. Temat ten stanowi wa\u017cny element historii urbanistyki i \u017cycia codziennego w Polsce Ludowej. Kontekst historyczny i codzienno\u015b\u0107 W drugiej po\u0142owie&#8230;<\/p>\n","protected":false},"author":1,"featured_media":1544,"comment_status":"","ping_status":"","sticky":false,"template":"","format":"standard","meta":{"_kadence_starter_templates_imported_post":false,"_kad_post_transparent":"","_kad_post_title":"","_kad_post_layout":"","_kad_post_sidebar_id":"","_kad_post_content_style":"","_kad_post_vertical_padding":"","_kad_post_feature":"","_kad_post_feature_position":"","_kad_post_header":false,"_kad_post_footer":false,"_kad_post_classname":"","footnotes":""},"categories":[15],"tags":[],"class_list":["post-1545","post","type-post","status-publish","format-standard","has-post-thumbnail","hentry","category-zycie-codzienne"],"yoast_head":"<!-- This site is optimized with the Yoast SEO plugin v27.5 - https:\/\/yoast.com\/product\/yoast-seo-wordpress\/ -->\n<title>Mieszkania w wielkiej p\u0142ycie \u2013 jak wygl\u0105da\u0142o \u017cycie w PRL-owskich blokach? - Grudzie\u0144 1981: Historia i Pami\u0119\u0107<\/title>\n<meta name=\"robots\" content=\"index, follow, max-snippet:-1, max-image-preview:large, max-video-preview:-1\" \/>\n<link rel=\"canonical\" href=\"https:\/\/pamiec81.pl\/index.php\/mieszkania-w-wielkiej-plycie-jak-wygladalo-zycie-w-prl-owskich-blokach\/\" \/>\n<meta property=\"og:locale\" content=\"pl_PL\" \/>\n<meta property=\"og:type\" content=\"article\" \/>\n<meta property=\"og:title\" content=\"Mieszkania w wielkiej p\u0142ycie \u2013 jak wygl\u0105da\u0142o \u017cycie w PRL-owskich blokach? - Grudzie\u0144 1981: Historia i Pami\u0119\u0107\" \/>\n<meta property=\"og:description\" content=\"Mieszkania w wielkiej p\u0142ycie PRL by\u0142y symbolem nowoczesno\u015bci, szans\u0105 na w\u0142asne \u201eM\u201d i odpowiedzi\u0105 na powojenny kryzys mieszkaniowy. Osiedla z prefabrykowanych blok\u00f3w kszta\u0142towa\u0142y codzienno\u015b\u0107 milion\u00f3w Polak\u00f3w i pozostawi\u0142y trwa\u0142y \u015blad w krajobrazie oraz pami\u0119ci spo\u0142ecznej. Temat ten stanowi wa\u017cny element historii urbanistyki i \u017cycia codziennego w Polsce Ludowej. Kontekst historyczny i codzienno\u015b\u0107 W drugiej po\u0142owie...\" \/>\n<meta property=\"og:url\" content=\"https:\/\/pamiec81.pl\/index.php\/mieszkania-w-wielkiej-plycie-jak-wygladalo-zycie-w-prl-owskich-blokach\/\" \/>\n<meta property=\"og:site_name\" content=\"Grudzie\u0144 1981: Historia i Pami\u0119\u0107\" \/>\n<meta property=\"article:published_time\" content=\"2025-08-27T03:16:16+00:00\" \/>\n<meta property=\"og:image\" content=\"https:\/\/pamiec81.pl\/wp-content\/uploads\/2025\/08\/Mieszkania-w-wielkiej-plycie-\u2013-jak-wygladalo-zycie-w-PRL-owskich-blokach.jpg\" \/>\n\t<meta property=\"og:image:width\" content=\"1080\" \/>\n\t<meta property=\"og:image:height\" content=\"720\" \/>\n\t<meta property=\"og:image:type\" content=\"image\/jpeg\" \/>\n<meta name=\"author\" content=\"pamiec81\" \/>\n<meta name=\"twitter:card\" content=\"summary_large_image\" \/>\n<meta name=\"twitter:label1\" content=\"Napisane przez\" \/>\n\t<meta name=\"twitter:data1\" content=\"pamiec81\" \/>\n\t<meta name=\"twitter:label2\" content=\"Szacowany czas czytania\" \/>\n\t<meta name=\"twitter:data2\" content=\"4 minuty\" \/>\n<script type=\"application\/ld+json\" class=\"yoast-schema-graph\">{\"@context\":\"https:\\\/\\\/schema.org\",\"@graph\":[{\"@type\":\"Article\",\"@id\":\"https:\\\/\\\/pamiec81.pl\\\/index.php\\\/mieszkania-w-wielkiej-plycie-jak-wygladalo-zycie-w-prl-owskich-blokach\\\/#article\",\"isPartOf\":{\"@id\":\"https:\\\/\\\/pamiec81.pl\\\/index.php\\\/mieszkania-w-wielkiej-plycie-jak-wygladalo-zycie-w-prl-owskich-blokach\\\/\"},\"author\":{\"name\":\"pamiec81\",\"@id\":\"https:\\\/\\\/pamiec81.pl\\\/#\\\/schema\\\/person\\\/47024abcf028b8fcf0ddfcf373c4c57e\"},\"headline\":\"Mieszkania w wielkiej p\u0142ycie \u2013 jak wygl\u0105da\u0142o \u017cycie w PRL-owskich blokach?\",\"datePublished\":\"2025-08-27T03:16:16+00:00\",\"mainEntityOfPage\":{\"@id\":\"https:\\\/\\\/pamiec81.pl\\\/index.php\\\/mieszkania-w-wielkiej-plycie-jak-wygladalo-zycie-w-prl-owskich-blokach\\\/\"},\"wordCount\":831,\"publisher\":{\"@id\":\"https:\\\/\\\/pamiec81.pl\\\/#organization\"},\"image\":{\"@id\":\"https:\\\/\\\/pamiec81.pl\\\/index.php\\\/mieszkania-w-wielkiej-plycie-jak-wygladalo-zycie-w-prl-owskich-blokach\\\/#primaryimage\"},\"thumbnailUrl\":\"https:\\\/\\\/pamiec81.pl\\\/wp-content\\\/uploads\\\/2025\\\/08\\\/Mieszkania-w-wielkiej-plycie-\u2013-jak-wygladalo-zycie-w-PRL-owskich-blokach.jpg\",\"articleSection\":[\"\u017bYCIE CODZIENNE\"],\"inLanguage\":\"pl-PL\"},{\"@type\":\"WebPage\",\"@id\":\"https:\\\/\\\/pamiec81.pl\\\/index.php\\\/mieszkania-w-wielkiej-plycie-jak-wygladalo-zycie-w-prl-owskich-blokach\\\/\",\"url\":\"https:\\\/\\\/pamiec81.pl\\\/index.php\\\/mieszkania-w-wielkiej-plycie-jak-wygladalo-zycie-w-prl-owskich-blokach\\\/\",\"name\":\"Mieszkania w wielkiej p\u0142ycie \u2013 jak wygl\u0105da\u0142o \u017cycie w PRL-owskich blokach? - Grudzie\u0144 1981: Historia i Pami\u0119\u0107\",\"isPartOf\":{\"@id\":\"https:\\\/\\\/pamiec81.pl\\\/#website\"},\"primaryImageOfPage\":{\"@id\":\"https:\\\/\\\/pamiec81.pl\\\/index.php\\\/mieszkania-w-wielkiej-plycie-jak-wygladalo-zycie-w-prl-owskich-blokach\\\/#primaryimage\"},\"image\":{\"@id\":\"https:\\\/\\\/pamiec81.pl\\\/index.php\\\/mieszkania-w-wielkiej-plycie-jak-wygladalo-zycie-w-prl-owskich-blokach\\\/#primaryimage\"},\"thumbnailUrl\":\"https:\\\/\\\/pamiec81.pl\\\/wp-content\\\/uploads\\\/2025\\\/08\\\/Mieszkania-w-wielkiej-plycie-\u2013-jak-wygladalo-zycie-w-PRL-owskich-blokach.jpg\",\"datePublished\":\"2025-08-27T03:16:16+00:00\",\"breadcrumb\":{\"@id\":\"https:\\\/\\\/pamiec81.pl\\\/index.php\\\/mieszkania-w-wielkiej-plycie-jak-wygladalo-zycie-w-prl-owskich-blokach\\\/#breadcrumb\"},\"inLanguage\":\"pl-PL\",\"potentialAction\":[{\"@type\":\"ReadAction\",\"target\":[\"https:\\\/\\\/pamiec81.pl\\\/index.php\\\/mieszkania-w-wielkiej-plycie-jak-wygladalo-zycie-w-prl-owskich-blokach\\\/\"]}]},{\"@type\":\"ImageObject\",\"inLanguage\":\"pl-PL\",\"@id\":\"https:\\\/\\\/pamiec81.pl\\\/index.php\\\/mieszkania-w-wielkiej-plycie-jak-wygladalo-zycie-w-prl-owskich-blokach\\\/#primaryimage\",\"url\":\"https:\\\/\\\/pamiec81.pl\\\/wp-content\\\/uploads\\\/2025\\\/08\\\/Mieszkania-w-wielkiej-plycie-\u2013-jak-wygladalo-zycie-w-PRL-owskich-blokach.jpg\",\"contentUrl\":\"https:\\\/\\\/pamiec81.pl\\\/wp-content\\\/uploads\\\/2025\\\/08\\\/Mieszkania-w-wielkiej-plycie-\u2013-jak-wygladalo-zycie-w-PRL-owskich-blokach.jpg\",\"width\":1080,\"height\":720,\"caption\":\"Mieszkania w wielkiej p\u0142ycie \u2013 jak wygl\u0105da\u0142o \u017cycie w PRL-owskich blokach?\"},{\"@type\":\"BreadcrumbList\",\"@id\":\"https:\\\/\\\/pamiec81.pl\\\/index.php\\\/mieszkania-w-wielkiej-plycie-jak-wygladalo-zycie-w-prl-owskich-blokach\\\/#breadcrumb\",\"itemListElement\":[{\"@type\":\"ListItem\",\"position\":1,\"name\":\"Strona g\u0142\u00f3wna\",\"item\":\"https:\\\/\\\/pamiec81.pl\\\/\"},{\"@type\":\"ListItem\",\"position\":2,\"name\":\"Mieszkania w wielkiej p\u0142ycie \u2013 jak wygl\u0105da\u0142o \u017cycie w PRL-owskich blokach?\"}]},{\"@type\":\"WebSite\",\"@id\":\"https:\\\/\\\/pamiec81.pl\\\/#website\",\"url\":\"https:\\\/\\\/pamiec81.pl\\\/\",\"name\":\"Grudzie\u0144 1981: Historia i Pami\u0119\u0107\",\"description\":\"Upami\u0119tnijmy stan wojenny grudnia 1981. Razem odkrywajmy histori\u0119, dzielmy si\u0119 wspomnieniami i refleksjami o walce o wolno\u015b\u0107 i prawd\u0119.\",\"publisher\":{\"@id\":\"https:\\\/\\\/pamiec81.pl\\\/#organization\"},\"potentialAction\":[{\"@type\":\"SearchAction\",\"target\":{\"@type\":\"EntryPoint\",\"urlTemplate\":\"https:\\\/\\\/pamiec81.pl\\\/?s={search_term_string}\"},\"query-input\":{\"@type\":\"PropertyValueSpecification\",\"valueRequired\":true,\"valueName\":\"search_term_string\"}}],\"inLanguage\":\"pl-PL\"},{\"@type\":\"Organization\",\"@id\":\"https:\\\/\\\/pamiec81.pl\\\/#organization\",\"name\":\"Grudzie\u0144 1981: Historia i Pami\u0119\u0107\",\"url\":\"https:\\\/\\\/pamiec81.pl\\\/\",\"logo\":{\"@type\":\"ImageObject\",\"inLanguage\":\"pl-PL\",\"@id\":\"https:\\\/\\\/pamiec81.pl\\\/#\\\/schema\\\/logo\\\/image\\\/\",\"url\":\"https:\\\/\\\/pamiec81.pl\\\/wp-content\\\/uploads\\\/2024\\\/10\\\/polskiemorsy.net__3_-removebg-preview.png\",\"contentUrl\":\"https:\\\/\\\/pamiec81.pl\\\/wp-content\\\/uploads\\\/2024\\\/10\\\/polskiemorsy.net__3_-removebg-preview.png\",\"width\":300,\"height\":100,\"caption\":\"Grudzie\u0144 1981: Historia i Pami\u0119\u0107\"},\"image\":{\"@id\":\"https:\\\/\\\/pamiec81.pl\\\/#\\\/schema\\\/logo\\\/image\\\/\"}},{\"@type\":\"Person\",\"@id\":\"https:\\\/\\\/pamiec81.pl\\\/#\\\/schema\\\/person\\\/47024abcf028b8fcf0ddfcf373c4c57e\",\"name\":\"pamiec81\",\"image\":{\"@type\":\"ImageObject\",\"inLanguage\":\"pl-PL\",\"@id\":\"https:\\\/\\\/secure.gravatar.com\\\/avatar\\\/8c6c8a6ddc98c0d8c18a4a687166a69e5fdbc0475752245205a512500cb18d08?s=96&d=mm&r=g\",\"url\":\"https:\\\/\\\/secure.gravatar.com\\\/avatar\\\/8c6c8a6ddc98c0d8c18a4a687166a69e5fdbc0475752245205a512500cb18d08?s=96&d=mm&r=g\",\"contentUrl\":\"https:\\\/\\\/secure.gravatar.com\\\/avatar\\\/8c6c8a6ddc98c0d8c18a4a687166a69e5fdbc0475752245205a512500cb18d08?s=96&d=mm&r=g\",\"caption\":\"pamiec81\"},\"sameAs\":[\"https:\\\/\\\/pamiec81.pl\"],\"url\":\"https:\\\/\\\/pamiec81.pl\\\/index.php\\\/author\\\/pamiec\\\/\"}]}<\/script>\n<!-- \/ Yoast SEO plugin. -->","yoast_head_json":{"title":"Mieszkania w wielkiej p\u0142ycie \u2013 jak wygl\u0105da\u0142o \u017cycie w PRL-owskich blokach? - Grudzie\u0144 1981: Historia i Pami\u0119\u0107","robots":{"index":"index","follow":"follow","max-snippet":"max-snippet:-1","max-image-preview":"max-image-preview:large","max-video-preview":"max-video-preview:-1"},"canonical":"https:\/\/pamiec81.pl\/index.php\/mieszkania-w-wielkiej-plycie-jak-wygladalo-zycie-w-prl-owskich-blokach\/","og_locale":"pl_PL","og_type":"article","og_title":"Mieszkania w wielkiej p\u0142ycie \u2013 jak wygl\u0105da\u0142o \u017cycie w PRL-owskich blokach? - Grudzie\u0144 1981: Historia i Pami\u0119\u0107","og_description":"Mieszkania w wielkiej p\u0142ycie PRL by\u0142y symbolem nowoczesno\u015bci, szans\u0105 na w\u0142asne \u201eM\u201d i odpowiedzi\u0105 na powojenny kryzys mieszkaniowy. Osiedla z prefabrykowanych blok\u00f3w kszta\u0142towa\u0142y codzienno\u015b\u0107 milion\u00f3w Polak\u00f3w i pozostawi\u0142y trwa\u0142y \u015blad w krajobrazie oraz pami\u0119ci spo\u0142ecznej. Temat ten stanowi wa\u017cny element historii urbanistyki i \u017cycia codziennego w Polsce Ludowej. Kontekst historyczny i codzienno\u015b\u0107 W drugiej po\u0142owie...","og_url":"https:\/\/pamiec81.pl\/index.php\/mieszkania-w-wielkiej-plycie-jak-wygladalo-zycie-w-prl-owskich-blokach\/","og_site_name":"Grudzie\u0144 1981: Historia i Pami\u0119\u0107","article_published_time":"2025-08-27T03:16:16+00:00","og_image":[{"width":1080,"height":720,"url":"https:\/\/pamiec81.pl\/wp-content\/uploads\/2025\/08\/Mieszkania-w-wielkiej-plycie-\u2013-jak-wygladalo-zycie-w-PRL-owskich-blokach.jpg","type":"image\/jpeg"}],"author":"pamiec81","twitter_card":"summary_large_image","twitter_misc":{"Napisane przez":"pamiec81","Szacowany czas czytania":"4 minuty"},"schema":{"@context":"https:\/\/schema.org","@graph":[{"@type":"Article","@id":"https:\/\/pamiec81.pl\/index.php\/mieszkania-w-wielkiej-plycie-jak-wygladalo-zycie-w-prl-owskich-blokach\/#article","isPartOf":{"@id":"https:\/\/pamiec81.pl\/index.php\/mieszkania-w-wielkiej-plycie-jak-wygladalo-zycie-w-prl-owskich-blokach\/"},"author":{"name":"pamiec81","@id":"https:\/\/pamiec81.pl\/#\/schema\/person\/47024abcf028b8fcf0ddfcf373c4c57e"},"headline":"Mieszkania w wielkiej p\u0142ycie \u2013 jak wygl\u0105da\u0142o \u017cycie w PRL-owskich blokach?","datePublished":"2025-08-27T03:16:16+00:00","mainEntityOfPage":{"@id":"https:\/\/pamiec81.pl\/index.php\/mieszkania-w-wielkiej-plycie-jak-wygladalo-zycie-w-prl-owskich-blokach\/"},"wordCount":831,"publisher":{"@id":"https:\/\/pamiec81.pl\/#organization"},"image":{"@id":"https:\/\/pamiec81.pl\/index.php\/mieszkania-w-wielkiej-plycie-jak-wygladalo-zycie-w-prl-owskich-blokach\/#primaryimage"},"thumbnailUrl":"https:\/\/pamiec81.pl\/wp-content\/uploads\/2025\/08\/Mieszkania-w-wielkiej-plycie-\u2013-jak-wygladalo-zycie-w-PRL-owskich-blokach.jpg","articleSection":["\u017bYCIE CODZIENNE"],"inLanguage":"pl-PL"},{"@type":"WebPage","@id":"https:\/\/pamiec81.pl\/index.php\/mieszkania-w-wielkiej-plycie-jak-wygladalo-zycie-w-prl-owskich-blokach\/","url":"https:\/\/pamiec81.pl\/index.php\/mieszkania-w-wielkiej-plycie-jak-wygladalo-zycie-w-prl-owskich-blokach\/","name":"Mieszkania w wielkiej p\u0142ycie \u2013 jak wygl\u0105da\u0142o \u017cycie w PRL-owskich blokach? - Grudzie\u0144 1981: Historia i Pami\u0119\u0107","isPartOf":{"@id":"https:\/\/pamiec81.pl\/#website"},"primaryImageOfPage":{"@id":"https:\/\/pamiec81.pl\/index.php\/mieszkania-w-wielkiej-plycie-jak-wygladalo-zycie-w-prl-owskich-blokach\/#primaryimage"},"image":{"@id":"https:\/\/pamiec81.pl\/index.php\/mieszkania-w-wielkiej-plycie-jak-wygladalo-zycie-w-prl-owskich-blokach\/#primaryimage"},"thumbnailUrl":"https:\/\/pamiec81.pl\/wp-content\/uploads\/2025\/08\/Mieszkania-w-wielkiej-plycie-\u2013-jak-wygladalo-zycie-w-PRL-owskich-blokach.jpg","datePublished":"2025-08-27T03:16:16+00:00","breadcrumb":{"@id":"https:\/\/pamiec81.pl\/index.php\/mieszkania-w-wielkiej-plycie-jak-wygladalo-zycie-w-prl-owskich-blokach\/#breadcrumb"},"inLanguage":"pl-PL","potentialAction":[{"@type":"ReadAction","target":["https:\/\/pamiec81.pl\/index.php\/mieszkania-w-wielkiej-plycie-jak-wygladalo-zycie-w-prl-owskich-blokach\/"]}]},{"@type":"ImageObject","inLanguage":"pl-PL","@id":"https:\/\/pamiec81.pl\/index.php\/mieszkania-w-wielkiej-plycie-jak-wygladalo-zycie-w-prl-owskich-blokach\/#primaryimage","url":"https:\/\/pamiec81.pl\/wp-content\/uploads\/2025\/08\/Mieszkania-w-wielkiej-plycie-\u2013-jak-wygladalo-zycie-w-PRL-owskich-blokach.jpg","contentUrl":"https:\/\/pamiec81.pl\/wp-content\/uploads\/2025\/08\/Mieszkania-w-wielkiej-plycie-\u2013-jak-wygladalo-zycie-w-PRL-owskich-blokach.jpg","width":1080,"height":720,"caption":"Mieszkania w wielkiej p\u0142ycie \u2013 jak wygl\u0105da\u0142o \u017cycie w PRL-owskich blokach?"},{"@type":"BreadcrumbList","@id":"https:\/\/pamiec81.pl\/index.php\/mieszkania-w-wielkiej-plycie-jak-wygladalo-zycie-w-prl-owskich-blokach\/#breadcrumb","itemListElement":[{"@type":"ListItem","position":1,"name":"Strona g\u0142\u00f3wna","item":"https:\/\/pamiec81.pl\/"},{"@type":"ListItem","position":2,"name":"Mieszkania w wielkiej p\u0142ycie \u2013 jak wygl\u0105da\u0142o \u017cycie w PRL-owskich blokach?"}]},{"@type":"WebSite","@id":"https:\/\/pamiec81.pl\/#website","url":"https:\/\/pamiec81.pl\/","name":"Grudzie\u0144 1981: Historia i Pami\u0119\u0107","description":"Upami\u0119tnijmy stan wojenny grudnia 1981. Razem odkrywajmy histori\u0119, dzielmy si\u0119 wspomnieniami i refleksjami o walce o wolno\u015b\u0107 i prawd\u0119.","publisher":{"@id":"https:\/\/pamiec81.pl\/#organization"},"potentialAction":[{"@type":"SearchAction","target":{"@type":"EntryPoint","urlTemplate":"https:\/\/pamiec81.pl\/?s={search_term_string}"},"query-input":{"@type":"PropertyValueSpecification","valueRequired":true,"valueName":"search_term_string"}}],"inLanguage":"pl-PL"},{"@type":"Organization","@id":"https:\/\/pamiec81.pl\/#organization","name":"Grudzie\u0144 1981: Historia i Pami\u0119\u0107","url":"https:\/\/pamiec81.pl\/","logo":{"@type":"ImageObject","inLanguage":"pl-PL","@id":"https:\/\/pamiec81.pl\/#\/schema\/logo\/image\/","url":"https:\/\/pamiec81.pl\/wp-content\/uploads\/2024\/10\/polskiemorsy.net__3_-removebg-preview.png","contentUrl":"https:\/\/pamiec81.pl\/wp-content\/uploads\/2024\/10\/polskiemorsy.net__3_-removebg-preview.png","width":300,"height":100,"caption":"Grudzie\u0144 1981: Historia i Pami\u0119\u0107"},"image":{"@id":"https:\/\/pamiec81.pl\/#\/schema\/logo\/image\/"}},{"@type":"Person","@id":"https:\/\/pamiec81.pl\/#\/schema\/person\/47024abcf028b8fcf0ddfcf373c4c57e","name":"pamiec81","image":{"@type":"ImageObject","inLanguage":"pl-PL","@id":"https:\/\/secure.gravatar.com\/avatar\/8c6c8a6ddc98c0d8c18a4a687166a69e5fdbc0475752245205a512500cb18d08?s=96&d=mm&r=g","url":"https:\/\/secure.gravatar.com\/avatar\/8c6c8a6ddc98c0d8c18a4a687166a69e5fdbc0475752245205a512500cb18d08?s=96&d=mm&r=g","contentUrl":"https:\/\/secure.gravatar.com\/avatar\/8c6c8a6ddc98c0d8c18a4a687166a69e5fdbc0475752245205a512500cb18d08?s=96&d=mm&r=g","caption":"pamiec81"},"sameAs":["https:\/\/pamiec81.pl"],"url":"https:\/\/pamiec81.pl\/index.php\/author\/pamiec\/"}]}},"_links":{"self":[{"href":"https:\/\/pamiec81.pl\/index.php\/wp-json\/wp\/v2\/posts\/1545","targetHints":{"allow":["GET"]}}],"collection":[{"href":"https:\/\/pamiec81.pl\/index.php\/wp-json\/wp\/v2\/posts"}],"about":[{"href":"https:\/\/pamiec81.pl\/index.php\/wp-json\/wp\/v2\/types\/post"}],"author":[{"embeddable":true,"href":"https:\/\/pamiec81.pl\/index.php\/wp-json\/wp\/v2\/users\/1"}],"replies":[{"embeddable":true,"href":"https:\/\/pamiec81.pl\/index.php\/wp-json\/wp\/v2\/comments?post=1545"}],"version-history":[{"count":1,"href":"https:\/\/pamiec81.pl\/index.php\/wp-json\/wp\/v2\/posts\/1545\/revisions"}],"predecessor-version":[{"id":1569,"href":"https:\/\/pamiec81.pl\/index.php\/wp-json\/wp\/v2\/posts\/1545\/revisions\/1569"}],"wp:featuredmedia":[{"embeddable":true,"href":"https:\/\/pamiec81.pl\/index.php\/wp-json\/wp\/v2\/media\/1544"}],"wp:attachment":[{"href":"https:\/\/pamiec81.pl\/index.php\/wp-json\/wp\/v2\/media?parent=1545"}],"wp:term":[{"taxonomy":"category","embeddable":true,"href":"https:\/\/pamiec81.pl\/index.php\/wp-json\/wp\/v2\/categories?post=1545"},{"taxonomy":"post_tag","embeddable":true,"href":"https:\/\/pamiec81.pl\/index.php\/wp-json\/wp\/v2\/tags?post=1545"}],"curies":[{"name":"wp","href":"https:\/\/api.w.org\/{rel}","templated":true}]}}