{"id":1523,"date":"2025-08-26T01:15:15","date_gmt":"2025-08-26T01:15:15","guid":{"rendered":"https:\/\/pamiec81.pl\/index.php\/sluzba-zdrowia-w-prl-jak-wygladala-opieka-medyczna\/"},"modified":"2025-08-26T01:15:15","modified_gmt":"2025-08-26T01:15:15","slug":"sluzba-zdrowia-w-prl-jak-wygladala-opieka-medyczna","status":"publish","type":"post","link":"https:\/\/pamiec81.pl\/index.php\/sluzba-zdrowia-w-prl-jak-wygladala-opieka-medyczna\/","title":{"rendered":"S\u0142u\u017cba zdrowia w PRL \u2013 jak wygl\u0105da\u0142a opieka medyczna?"},"content":{"rendered":"<p><strong>S\u0142u\u017cba zdrowia w PRL by\u0142a jednym z filar\u00f3w pa\u0144stwa socjalistycznego, maj\u0105c na celu zapewnienie powszechnego dost\u0119pu do opieki medycznej dla obywateli. System ten, cho\u0107 bezp\u0142atny i powszechny, zmaga\u0142 si\u0119 z licznymi wyzwaniami, kt\u00f3re kszta\u0142towa\u0142y codzienne do\u015bwiadczenia Polak\u00f3w w kontaktach z plac\u00f3wkami medycznymi.<\/strong><\/p>\n<h3 id=\"kontekst-historyczny-i-codzienno\u015b\u0107\">Kontekst historyczny i codzienno\u015b\u0107<\/h3>\n<p>Po II wojnie \u015bwiatowej Polska znalaz\u0142a si\u0119 pod silnym wp\u0142ywem Zwi\u0105zku Radzieckiego, co mia\u0142o kluczowe znaczenie dla kszta\u0142tu instytucji publicznych, w tym ochrony zdrowia. <strong>Opieka zdrowotna w PRL by\u0142a odpowiedzi\u0105 na spo\u0142eczne potrzeby powojennego spo\u0142ecze\u0144stwa, kt\u00f3re zmaga\u0142o si\u0119 z problemami demograficznymi, chorobami zaka\u017anymi i ub\u00f3stwem.<\/strong> Temat ten by\u0142 istotny, poniewa\u017c zdrowie publiczne sta\u0142o si\u0119 jednym z priorytet\u00f3w polityki pa\u0144stwa, odgrywaj\u0105c wa\u017cn\u0105 rol\u0119 w budowaniu nowoczesnego spo\u0142ecze\u0144stwa socjalistycznego.<\/p>\n<h3 id=\"t\u0142o-polityczne-i-gospodarcze\">T\u0142o polityczne i gospodarcze<\/h3>\n<p><strong>System opieki medycznej w PRL opiera\u0142 si\u0119 na centralnym planowaniu, finansowaniu ze \u015brodk\u00f3w publicznych i \u015bcis\u0142ej kontroli pa\u0144stwa nad wszystkimi plac\u00f3wkami s\u0142u\u017cby zdrowia.<\/strong> W 1948 roku powo\u0142ano Ministerstwo Zdrowia, a w 1950 roku wprowadzono ustaw\u0119 o powszechnej bezp\u0142atnej opiece zdrowotnej. Reglamentacja \u015brodk\u00f3w medycznych i sprz\u0119tu wynika\u0142a z ograniczonych mo\u017cliwo\u015bci gospodarki centralnie sterowanej, co prowadzi\u0142o do niedobor\u00f3w, kolejek i utrudnionego dost\u0119pu do specjalist\u00f3w.<\/p>\n<h3 id=\"najwa\u017cniejsze-elementy-i-praktyki\">Najwa\u017cniejsze elementy i praktyki<\/h3>\n<p>System opiera\u0142 si\u0119 na rejonizacji, czyli przyporz\u0105dkowaniu pacjent\u00f3w do konkretnych przychodni i szpitali. <strong>Lekarze w PRL byli zatrudniani przez pa\u0144stwo, a ich liczba i zarobki regulowane centralnie.<\/strong> W praktyce oznacza\u0142o to ograniczony wyb\u00f3r lekarza oraz d\u0142ugie oczekiwanie na wizyty i zabiegi. Popularne by\u0142y przychodnie rejonowe, o\u015brodki zdrowia na wsiach oraz szpitale wojew\u00f3dzkie i powiatowe. Brakowa\u0142o nowoczesnych lek\u00f3w oraz sprz\u0119tu diagnostycznego, co wymusza\u0142o stosowanie prostych metod leczenia.<\/p>\n<h3 id=\"przyk\u0142ady-z-\u017cycia-codziennego\">Przyk\u0142ady z \u017cycia codziennego<\/h3>\n<p>Codziennym do\u015bwiadczeniem pacjent\u00f3w by\u0142y kolejki do lekarzy oraz d\u0142ugie terminy oczekiwania na zabiegi. Przyk\u0142adowo, w latach 80. czas oczekiwania na operacj\u0119 za\u0107my si\u0119ga\u0142 nawet kilku lat. <strong>W miastach dost\u0119p do specjalist\u00f3w by\u0142 nieco \u0142atwiejszy, podczas gdy na wsiach opieka zdrowotna w PRL ogranicza\u0142a si\u0119 cz\u0119sto do wizyt piel\u0119gniarki \u015brodowiskowej lub felczera.<\/strong> Typowym zjawiskiem by\u0142y tzw. zapisy \u201ena zeszyt\u201d oraz nieformalne kolejki tworzone ju\u017c od wczesnych godzin porannych przed przychodniami.<\/p>\n<h3 id=\"instytucje-przepisy-i-ograniczenia\">Instytucje, przepisy i ograniczenia<\/h3>\n<p>Pa\u0144stwo sprawowa\u0142o pe\u0142n\u0105 kontrol\u0119 nad systemem zdrowia poprzez Ministerstwo Zdrowia, Narodowy Fundusz Zdrowia (od 1973 roku) i sie\u0107 administracyjn\u0105. <strong>Ka\u017cdy obywatel mia\u0142 prawo do \u015bwiadcze\u0144 medycznych, jednak podlega\u0142 obowi\u0105zkowi rejonizacji i nie m\u00f3g\u0142 swobodnie wybiera\u0107 plac\u00f3wki czy lekarza.<\/strong> Istnia\u0142y tak\u017ce ograniczenia w dost\u0119pie do nowoczesnych terapii i lek\u00f3w sprowadzanych z zagranicy, co wynika\u0142o z cenzury, norm importowych i kontroli dewizowej.<\/p>\n<h3 id=\"wp\u0142yw-na-spo\u0142ecze\u0144stwo\">Wp\u0142yw na spo\u0142ecze\u0144stwo<\/h3>\n<p><strong>Obowi\u0105zuj\u0105cy system wywo\u0142ywa\u0142 mieszane reakcje spo\u0142eczne \u2013 z jednej strony dawa\u0142 poczucie bezpiecze\u0144stwa socjalnego, z drugiej \u2013 frustracj\u0119 z powodu niedostatk\u00f3w i ogranicze\u0144.<\/strong> Temat zdrowia by\u0142 obecny w codziennych rozmowach oraz w kulturze popularnej, m.in. w filmach jak \u201eAlternatywy 4\u201d, gdzie kolejki do lekarzy by\u0142y przedmiotem \u017cart\u00f3w i satyry.<\/p>\n<h3 id=\"reakcje-spo\u0142eczne-i-strategie-radzenia-sobie\">Reakcje spo\u0142eczne i strategie radzenia sobie<\/h3>\n<p>W odpowiedzi na niedoskona\u0142o\u015bci systemu, spo\u0142ecze\u0144stwo wypracowa\u0142o w\u0142asne strategie. <strong>Popularne by\u0142y \u201eznajomo\u015bci\u201d pozwalaj\u0105ce szybciej dosta\u0107 si\u0119 do specjalisty lub zdoby\u0107 niedost\u0119pne leki.<\/strong> Cz\u0119sto lekarze w PRL przyjmowali pacjent\u00f3w \u201epo godzinach\u201d za nieoficjaln\u0105 op\u0142at\u0105, a prywatne gabinety dentystyczne stanowi\u0142y jedn\u0105 z nielicznych form dzia\u0142alno\u015bci poza pa\u0144stwowym systemem. Wsp\u00f3lnotowo\u015b\u0107 i pomoc s\u0105siedzka odgrywa\u0142y du\u017c\u0105 rol\u0119 w organizowaniu transportu do lekarza czy opieki nad chorymi.<\/p>\n<h3 id=\"dziedzictwo-i-pami\u0119\u0107\">Dziedzictwo i pami\u0119\u0107<\/h3>\n<p>Dzi\u015b wspomnienia o s\u0142u\u017cbie zdrowia w PRL budz\u0105 r\u00f3\u017cnorodne reakcje \u2013 od nostalgii za powszechno\u015bci\u0105 i bezp\u0142atno\u015bci\u0105, po krytyczn\u0105 ocen\u0119 funkcjonowania systemu. <strong>Obraz kolejek i braku sprz\u0119tu na sta\u0142e wpisa\u0142 si\u0119 w zbiorow\u0105 pami\u0119\u0107 pokolenia wychowanego w tamtych czasach, pojawiaj\u0105c si\u0119 zar\u00f3wno w humorystycznych anegdotach, jak i powa\u017cnych analizach historycznych.<\/strong> Wielu Polak\u00f3w do dzi\u015b por\u00f3wnuje wsp\u00f3\u0142czesn\u0105 opiek\u0119 zdrowotn\u0105 w Polsce do modelu znanego z lat PRL, zwracaj\u0105c uwag\u0119 zar\u00f3wno na zmiany, jak i na pewne ci\u0105g\u0142o\u015bci.<\/p>\n","protected":false},"excerpt":{"rendered":"<p>S\u0142u\u017cba zdrowia w PRL by\u0142a jednym z filar\u00f3w pa\u0144stwa socjalistycznego, maj\u0105c na celu zapewnienie powszechnego dost\u0119pu do opieki medycznej dla obywateli. System ten, cho\u0107 bezp\u0142atny i powszechny, zmaga\u0142 si\u0119 z licznymi wyzwaniami, kt\u00f3re kszta\u0142towa\u0142y codzienne do\u015bwiadczenia Polak\u00f3w w kontaktach z plac\u00f3wkami medycznymi. Kontekst historyczny i codzienno\u015b\u0107 Po II wojnie \u015bwiatowej Polska znalaz\u0142a si\u0119 pod silnym&#8230;<\/p>\n","protected":false},"author":1,"featured_media":1522,"comment_status":"","ping_status":"","sticky":false,"template":"","format":"standard","meta":{"_kadence_starter_templates_imported_post":false,"_kad_post_transparent":"","_kad_post_title":"","_kad_post_layout":"","_kad_post_sidebar_id":"","_kad_post_content_style":"","_kad_post_vertical_padding":"","_kad_post_feature":"","_kad_post_feature_position":"","_kad_post_header":false,"_kad_post_footer":false,"_kad_post_classname":"","footnotes":""},"categories":[15],"tags":[],"class_list":["post-1523","post","type-post","status-publish","format-standard","has-post-thumbnail","hentry","category-zycie-codzienne"],"yoast_head":"<!-- This site is optimized with the Yoast SEO plugin v27.5 - https:\/\/yoast.com\/product\/yoast-seo-wordpress\/ -->\n<title>S\u0142u\u017cba zdrowia w PRL \u2013 jak wygl\u0105da\u0142a opieka medyczna? - Grudzie\u0144 1981: Historia i Pami\u0119\u0107<\/title>\n<meta name=\"robots\" content=\"index, follow, max-snippet:-1, max-image-preview:large, max-video-preview:-1\" \/>\n<link rel=\"canonical\" href=\"https:\/\/pamiec81.pl\/index.php\/sluzba-zdrowia-w-prl-jak-wygladala-opieka-medyczna\/\" \/>\n<meta property=\"og:locale\" content=\"pl_PL\" \/>\n<meta property=\"og:type\" content=\"article\" \/>\n<meta property=\"og:title\" content=\"S\u0142u\u017cba zdrowia w PRL \u2013 jak wygl\u0105da\u0142a opieka medyczna? - Grudzie\u0144 1981: Historia i Pami\u0119\u0107\" \/>\n<meta property=\"og:description\" content=\"S\u0142u\u017cba zdrowia w PRL by\u0142a jednym z filar\u00f3w pa\u0144stwa socjalistycznego, maj\u0105c na celu zapewnienie powszechnego dost\u0119pu do opieki medycznej dla obywateli. System ten, cho\u0107 bezp\u0142atny i powszechny, zmaga\u0142 si\u0119 z licznymi wyzwaniami, kt\u00f3re kszta\u0142towa\u0142y codzienne do\u015bwiadczenia Polak\u00f3w w kontaktach z plac\u00f3wkami medycznymi. Kontekst historyczny i codzienno\u015b\u0107 Po II wojnie \u015bwiatowej Polska znalaz\u0142a si\u0119 pod silnym...\" \/>\n<meta property=\"og:url\" content=\"https:\/\/pamiec81.pl\/index.php\/sluzba-zdrowia-w-prl-jak-wygladala-opieka-medyczna\/\" \/>\n<meta property=\"og:site_name\" content=\"Grudzie\u0144 1981: Historia i Pami\u0119\u0107\" \/>\n<meta property=\"article:published_time\" content=\"2025-08-26T01:15:15+00:00\" \/>\n<meta property=\"og:image\" content=\"https:\/\/pamiec81.pl\/wp-content\/uploads\/2025\/08\/Sluzba-zdrowia-w-PRL-\u2013-jak-wygladala-opieka-medyczna.jpg\" \/>\n\t<meta property=\"og:image:width\" content=\"1080\" \/>\n\t<meta property=\"og:image:height\" content=\"711\" \/>\n\t<meta property=\"og:image:type\" content=\"image\/jpeg\" \/>\n<meta name=\"author\" content=\"pamiec81\" \/>\n<meta name=\"twitter:card\" content=\"summary_large_image\" \/>\n<meta name=\"twitter:label1\" content=\"Napisane przez\" \/>\n\t<meta name=\"twitter:data1\" content=\"pamiec81\" \/>\n\t<meta name=\"twitter:label2\" content=\"Szacowany czas czytania\" \/>\n\t<meta name=\"twitter:data2\" content=\"4 minuty\" \/>\n<script type=\"application\/ld+json\" class=\"yoast-schema-graph\">{\"@context\":\"https:\\\/\\\/schema.org\",\"@graph\":[{\"@type\":\"Article\",\"@id\":\"https:\\\/\\\/pamiec81.pl\\\/index.php\\\/sluzba-zdrowia-w-prl-jak-wygladala-opieka-medyczna\\\/#article\",\"isPartOf\":{\"@id\":\"https:\\\/\\\/pamiec81.pl\\\/index.php\\\/sluzba-zdrowia-w-prl-jak-wygladala-opieka-medyczna\\\/\"},\"author\":{\"name\":\"pamiec81\",\"@id\":\"https:\\\/\\\/pamiec81.pl\\\/#\\\/schema\\\/person\\\/47024abcf028b8fcf0ddfcf373c4c57e\"},\"headline\":\"S\u0142u\u017cba zdrowia w PRL \u2013 jak wygl\u0105da\u0142a opieka medyczna?\",\"datePublished\":\"2025-08-26T01:15:15+00:00\",\"mainEntityOfPage\":{\"@id\":\"https:\\\/\\\/pamiec81.pl\\\/index.php\\\/sluzba-zdrowia-w-prl-jak-wygladala-opieka-medyczna\\\/\"},\"wordCount\":733,\"publisher\":{\"@id\":\"https:\\\/\\\/pamiec81.pl\\\/#organization\"},\"image\":{\"@id\":\"https:\\\/\\\/pamiec81.pl\\\/index.php\\\/sluzba-zdrowia-w-prl-jak-wygladala-opieka-medyczna\\\/#primaryimage\"},\"thumbnailUrl\":\"https:\\\/\\\/pamiec81.pl\\\/wp-content\\\/uploads\\\/2025\\\/08\\\/Sluzba-zdrowia-w-PRL-\u2013-jak-wygladala-opieka-medyczna.jpg\",\"articleSection\":[\"\u017bYCIE CODZIENNE\"],\"inLanguage\":\"pl-PL\"},{\"@type\":\"WebPage\",\"@id\":\"https:\\\/\\\/pamiec81.pl\\\/index.php\\\/sluzba-zdrowia-w-prl-jak-wygladala-opieka-medyczna\\\/\",\"url\":\"https:\\\/\\\/pamiec81.pl\\\/index.php\\\/sluzba-zdrowia-w-prl-jak-wygladala-opieka-medyczna\\\/\",\"name\":\"S\u0142u\u017cba zdrowia w PRL \u2013 jak wygl\u0105da\u0142a opieka medyczna? - Grudzie\u0144 1981: Historia i Pami\u0119\u0107\",\"isPartOf\":{\"@id\":\"https:\\\/\\\/pamiec81.pl\\\/#website\"},\"primaryImageOfPage\":{\"@id\":\"https:\\\/\\\/pamiec81.pl\\\/index.php\\\/sluzba-zdrowia-w-prl-jak-wygladala-opieka-medyczna\\\/#primaryimage\"},\"image\":{\"@id\":\"https:\\\/\\\/pamiec81.pl\\\/index.php\\\/sluzba-zdrowia-w-prl-jak-wygladala-opieka-medyczna\\\/#primaryimage\"},\"thumbnailUrl\":\"https:\\\/\\\/pamiec81.pl\\\/wp-content\\\/uploads\\\/2025\\\/08\\\/Sluzba-zdrowia-w-PRL-\u2013-jak-wygladala-opieka-medyczna.jpg\",\"datePublished\":\"2025-08-26T01:15:15+00:00\",\"breadcrumb\":{\"@id\":\"https:\\\/\\\/pamiec81.pl\\\/index.php\\\/sluzba-zdrowia-w-prl-jak-wygladala-opieka-medyczna\\\/#breadcrumb\"},\"inLanguage\":\"pl-PL\",\"potentialAction\":[{\"@type\":\"ReadAction\",\"target\":[\"https:\\\/\\\/pamiec81.pl\\\/index.php\\\/sluzba-zdrowia-w-prl-jak-wygladala-opieka-medyczna\\\/\"]}]},{\"@type\":\"ImageObject\",\"inLanguage\":\"pl-PL\",\"@id\":\"https:\\\/\\\/pamiec81.pl\\\/index.php\\\/sluzba-zdrowia-w-prl-jak-wygladala-opieka-medyczna\\\/#primaryimage\",\"url\":\"https:\\\/\\\/pamiec81.pl\\\/wp-content\\\/uploads\\\/2025\\\/08\\\/Sluzba-zdrowia-w-PRL-\u2013-jak-wygladala-opieka-medyczna.jpg\",\"contentUrl\":\"https:\\\/\\\/pamiec81.pl\\\/wp-content\\\/uploads\\\/2025\\\/08\\\/Sluzba-zdrowia-w-PRL-\u2013-jak-wygladala-opieka-medyczna.jpg\",\"width\":1080,\"height\":711,\"caption\":\"S\u0142u\u017cba zdrowia w PRL \u2013 jak wygl\u0105da\u0142a opieka medyczna?\"},{\"@type\":\"BreadcrumbList\",\"@id\":\"https:\\\/\\\/pamiec81.pl\\\/index.php\\\/sluzba-zdrowia-w-prl-jak-wygladala-opieka-medyczna\\\/#breadcrumb\",\"itemListElement\":[{\"@type\":\"ListItem\",\"position\":1,\"name\":\"Strona g\u0142\u00f3wna\",\"item\":\"https:\\\/\\\/pamiec81.pl\\\/\"},{\"@type\":\"ListItem\",\"position\":2,\"name\":\"S\u0142u\u017cba zdrowia w PRL \u2013 jak wygl\u0105da\u0142a opieka medyczna?\"}]},{\"@type\":\"WebSite\",\"@id\":\"https:\\\/\\\/pamiec81.pl\\\/#website\",\"url\":\"https:\\\/\\\/pamiec81.pl\\\/\",\"name\":\"Grudzie\u0144 1981: Historia i Pami\u0119\u0107\",\"description\":\"Upami\u0119tnijmy stan wojenny grudnia 1981. Razem odkrywajmy histori\u0119, dzielmy si\u0119 wspomnieniami i refleksjami o walce o wolno\u015b\u0107 i prawd\u0119.\",\"publisher\":{\"@id\":\"https:\\\/\\\/pamiec81.pl\\\/#organization\"},\"potentialAction\":[{\"@type\":\"SearchAction\",\"target\":{\"@type\":\"EntryPoint\",\"urlTemplate\":\"https:\\\/\\\/pamiec81.pl\\\/?s={search_term_string}\"},\"query-input\":{\"@type\":\"PropertyValueSpecification\",\"valueRequired\":true,\"valueName\":\"search_term_string\"}}],\"inLanguage\":\"pl-PL\"},{\"@type\":\"Organization\",\"@id\":\"https:\\\/\\\/pamiec81.pl\\\/#organization\",\"name\":\"Grudzie\u0144 1981: Historia i Pami\u0119\u0107\",\"url\":\"https:\\\/\\\/pamiec81.pl\\\/\",\"logo\":{\"@type\":\"ImageObject\",\"inLanguage\":\"pl-PL\",\"@id\":\"https:\\\/\\\/pamiec81.pl\\\/#\\\/schema\\\/logo\\\/image\\\/\",\"url\":\"https:\\\/\\\/pamiec81.pl\\\/wp-content\\\/uploads\\\/2024\\\/10\\\/polskiemorsy.net__3_-removebg-preview.png\",\"contentUrl\":\"https:\\\/\\\/pamiec81.pl\\\/wp-content\\\/uploads\\\/2024\\\/10\\\/polskiemorsy.net__3_-removebg-preview.png\",\"width\":300,\"height\":100,\"caption\":\"Grudzie\u0144 1981: Historia i Pami\u0119\u0107\"},\"image\":{\"@id\":\"https:\\\/\\\/pamiec81.pl\\\/#\\\/schema\\\/logo\\\/image\\\/\"}},{\"@type\":\"Person\",\"@id\":\"https:\\\/\\\/pamiec81.pl\\\/#\\\/schema\\\/person\\\/47024abcf028b8fcf0ddfcf373c4c57e\",\"name\":\"pamiec81\",\"image\":{\"@type\":\"ImageObject\",\"inLanguage\":\"pl-PL\",\"@id\":\"https:\\\/\\\/secure.gravatar.com\\\/avatar\\\/8c6c8a6ddc98c0d8c18a4a687166a69e5fdbc0475752245205a512500cb18d08?s=96&d=mm&r=g\",\"url\":\"https:\\\/\\\/secure.gravatar.com\\\/avatar\\\/8c6c8a6ddc98c0d8c18a4a687166a69e5fdbc0475752245205a512500cb18d08?s=96&d=mm&r=g\",\"contentUrl\":\"https:\\\/\\\/secure.gravatar.com\\\/avatar\\\/8c6c8a6ddc98c0d8c18a4a687166a69e5fdbc0475752245205a512500cb18d08?s=96&d=mm&r=g\",\"caption\":\"pamiec81\"},\"sameAs\":[\"https:\\\/\\\/pamiec81.pl\"],\"url\":\"https:\\\/\\\/pamiec81.pl\\\/index.php\\\/author\\\/pamiec\\\/\"}]}<\/script>\n<!-- \/ Yoast SEO plugin. -->","yoast_head_json":{"title":"S\u0142u\u017cba zdrowia w PRL \u2013 jak wygl\u0105da\u0142a opieka medyczna? - Grudzie\u0144 1981: Historia i Pami\u0119\u0107","robots":{"index":"index","follow":"follow","max-snippet":"max-snippet:-1","max-image-preview":"max-image-preview:large","max-video-preview":"max-video-preview:-1"},"canonical":"https:\/\/pamiec81.pl\/index.php\/sluzba-zdrowia-w-prl-jak-wygladala-opieka-medyczna\/","og_locale":"pl_PL","og_type":"article","og_title":"S\u0142u\u017cba zdrowia w PRL \u2013 jak wygl\u0105da\u0142a opieka medyczna? - Grudzie\u0144 1981: Historia i Pami\u0119\u0107","og_description":"S\u0142u\u017cba zdrowia w PRL by\u0142a jednym z filar\u00f3w pa\u0144stwa socjalistycznego, maj\u0105c na celu zapewnienie powszechnego dost\u0119pu do opieki medycznej dla obywateli. System ten, cho\u0107 bezp\u0142atny i powszechny, zmaga\u0142 si\u0119 z licznymi wyzwaniami, kt\u00f3re kszta\u0142towa\u0142y codzienne do\u015bwiadczenia Polak\u00f3w w kontaktach z plac\u00f3wkami medycznymi. Kontekst historyczny i codzienno\u015b\u0107 Po II wojnie \u015bwiatowej Polska znalaz\u0142a si\u0119 pod silnym...","og_url":"https:\/\/pamiec81.pl\/index.php\/sluzba-zdrowia-w-prl-jak-wygladala-opieka-medyczna\/","og_site_name":"Grudzie\u0144 1981: Historia i Pami\u0119\u0107","article_published_time":"2025-08-26T01:15:15+00:00","og_image":[{"width":1080,"height":711,"url":"https:\/\/pamiec81.pl\/wp-content\/uploads\/2025\/08\/Sluzba-zdrowia-w-PRL-\u2013-jak-wygladala-opieka-medyczna.jpg","type":"image\/jpeg"}],"author":"pamiec81","twitter_card":"summary_large_image","twitter_misc":{"Napisane przez":"pamiec81","Szacowany czas czytania":"4 minuty"},"schema":{"@context":"https:\/\/schema.org","@graph":[{"@type":"Article","@id":"https:\/\/pamiec81.pl\/index.php\/sluzba-zdrowia-w-prl-jak-wygladala-opieka-medyczna\/#article","isPartOf":{"@id":"https:\/\/pamiec81.pl\/index.php\/sluzba-zdrowia-w-prl-jak-wygladala-opieka-medyczna\/"},"author":{"name":"pamiec81","@id":"https:\/\/pamiec81.pl\/#\/schema\/person\/47024abcf028b8fcf0ddfcf373c4c57e"},"headline":"S\u0142u\u017cba zdrowia w PRL \u2013 jak wygl\u0105da\u0142a opieka medyczna?","datePublished":"2025-08-26T01:15:15+00:00","mainEntityOfPage":{"@id":"https:\/\/pamiec81.pl\/index.php\/sluzba-zdrowia-w-prl-jak-wygladala-opieka-medyczna\/"},"wordCount":733,"publisher":{"@id":"https:\/\/pamiec81.pl\/#organization"},"image":{"@id":"https:\/\/pamiec81.pl\/index.php\/sluzba-zdrowia-w-prl-jak-wygladala-opieka-medyczna\/#primaryimage"},"thumbnailUrl":"https:\/\/pamiec81.pl\/wp-content\/uploads\/2025\/08\/Sluzba-zdrowia-w-PRL-\u2013-jak-wygladala-opieka-medyczna.jpg","articleSection":["\u017bYCIE CODZIENNE"],"inLanguage":"pl-PL"},{"@type":"WebPage","@id":"https:\/\/pamiec81.pl\/index.php\/sluzba-zdrowia-w-prl-jak-wygladala-opieka-medyczna\/","url":"https:\/\/pamiec81.pl\/index.php\/sluzba-zdrowia-w-prl-jak-wygladala-opieka-medyczna\/","name":"S\u0142u\u017cba zdrowia w PRL \u2013 jak wygl\u0105da\u0142a opieka medyczna? - Grudzie\u0144 1981: Historia i Pami\u0119\u0107","isPartOf":{"@id":"https:\/\/pamiec81.pl\/#website"},"primaryImageOfPage":{"@id":"https:\/\/pamiec81.pl\/index.php\/sluzba-zdrowia-w-prl-jak-wygladala-opieka-medyczna\/#primaryimage"},"image":{"@id":"https:\/\/pamiec81.pl\/index.php\/sluzba-zdrowia-w-prl-jak-wygladala-opieka-medyczna\/#primaryimage"},"thumbnailUrl":"https:\/\/pamiec81.pl\/wp-content\/uploads\/2025\/08\/Sluzba-zdrowia-w-PRL-\u2013-jak-wygladala-opieka-medyczna.jpg","datePublished":"2025-08-26T01:15:15+00:00","breadcrumb":{"@id":"https:\/\/pamiec81.pl\/index.php\/sluzba-zdrowia-w-prl-jak-wygladala-opieka-medyczna\/#breadcrumb"},"inLanguage":"pl-PL","potentialAction":[{"@type":"ReadAction","target":["https:\/\/pamiec81.pl\/index.php\/sluzba-zdrowia-w-prl-jak-wygladala-opieka-medyczna\/"]}]},{"@type":"ImageObject","inLanguage":"pl-PL","@id":"https:\/\/pamiec81.pl\/index.php\/sluzba-zdrowia-w-prl-jak-wygladala-opieka-medyczna\/#primaryimage","url":"https:\/\/pamiec81.pl\/wp-content\/uploads\/2025\/08\/Sluzba-zdrowia-w-PRL-\u2013-jak-wygladala-opieka-medyczna.jpg","contentUrl":"https:\/\/pamiec81.pl\/wp-content\/uploads\/2025\/08\/Sluzba-zdrowia-w-PRL-\u2013-jak-wygladala-opieka-medyczna.jpg","width":1080,"height":711,"caption":"S\u0142u\u017cba zdrowia w PRL \u2013 jak wygl\u0105da\u0142a opieka medyczna?"},{"@type":"BreadcrumbList","@id":"https:\/\/pamiec81.pl\/index.php\/sluzba-zdrowia-w-prl-jak-wygladala-opieka-medyczna\/#breadcrumb","itemListElement":[{"@type":"ListItem","position":1,"name":"Strona g\u0142\u00f3wna","item":"https:\/\/pamiec81.pl\/"},{"@type":"ListItem","position":2,"name":"S\u0142u\u017cba zdrowia w PRL \u2013 jak wygl\u0105da\u0142a opieka medyczna?"}]},{"@type":"WebSite","@id":"https:\/\/pamiec81.pl\/#website","url":"https:\/\/pamiec81.pl\/","name":"Grudzie\u0144 1981: Historia i Pami\u0119\u0107","description":"Upami\u0119tnijmy stan wojenny grudnia 1981. Razem odkrywajmy histori\u0119, dzielmy si\u0119 wspomnieniami i refleksjami o walce o wolno\u015b\u0107 i prawd\u0119.","publisher":{"@id":"https:\/\/pamiec81.pl\/#organization"},"potentialAction":[{"@type":"SearchAction","target":{"@type":"EntryPoint","urlTemplate":"https:\/\/pamiec81.pl\/?s={search_term_string}"},"query-input":{"@type":"PropertyValueSpecification","valueRequired":true,"valueName":"search_term_string"}}],"inLanguage":"pl-PL"},{"@type":"Organization","@id":"https:\/\/pamiec81.pl\/#organization","name":"Grudzie\u0144 1981: Historia i Pami\u0119\u0107","url":"https:\/\/pamiec81.pl\/","logo":{"@type":"ImageObject","inLanguage":"pl-PL","@id":"https:\/\/pamiec81.pl\/#\/schema\/logo\/image\/","url":"https:\/\/pamiec81.pl\/wp-content\/uploads\/2024\/10\/polskiemorsy.net__3_-removebg-preview.png","contentUrl":"https:\/\/pamiec81.pl\/wp-content\/uploads\/2024\/10\/polskiemorsy.net__3_-removebg-preview.png","width":300,"height":100,"caption":"Grudzie\u0144 1981: Historia i Pami\u0119\u0107"},"image":{"@id":"https:\/\/pamiec81.pl\/#\/schema\/logo\/image\/"}},{"@type":"Person","@id":"https:\/\/pamiec81.pl\/#\/schema\/person\/47024abcf028b8fcf0ddfcf373c4c57e","name":"pamiec81","image":{"@type":"ImageObject","inLanguage":"pl-PL","@id":"https:\/\/secure.gravatar.com\/avatar\/8c6c8a6ddc98c0d8c18a4a687166a69e5fdbc0475752245205a512500cb18d08?s=96&d=mm&r=g","url":"https:\/\/secure.gravatar.com\/avatar\/8c6c8a6ddc98c0d8c18a4a687166a69e5fdbc0475752245205a512500cb18d08?s=96&d=mm&r=g","contentUrl":"https:\/\/secure.gravatar.com\/avatar\/8c6c8a6ddc98c0d8c18a4a687166a69e5fdbc0475752245205a512500cb18d08?s=96&d=mm&r=g","caption":"pamiec81"},"sameAs":["https:\/\/pamiec81.pl"],"url":"https:\/\/pamiec81.pl\/index.php\/author\/pamiec\/"}]}},"_links":{"self":[{"href":"https:\/\/pamiec81.pl\/index.php\/wp-json\/wp\/v2\/posts\/1523","targetHints":{"allow":["GET"]}}],"collection":[{"href":"https:\/\/pamiec81.pl\/index.php\/wp-json\/wp\/v2\/posts"}],"about":[{"href":"https:\/\/pamiec81.pl\/index.php\/wp-json\/wp\/v2\/types\/post"}],"author":[{"embeddable":true,"href":"https:\/\/pamiec81.pl\/index.php\/wp-json\/wp\/v2\/users\/1"}],"replies":[{"embeddable":true,"href":"https:\/\/pamiec81.pl\/index.php\/wp-json\/wp\/v2\/comments?post=1523"}],"version-history":[{"count":0,"href":"https:\/\/pamiec81.pl\/index.php\/wp-json\/wp\/v2\/posts\/1523\/revisions"}],"wp:featuredmedia":[{"embeddable":true,"href":"https:\/\/pamiec81.pl\/index.php\/wp-json\/wp\/v2\/media\/1522"}],"wp:attachment":[{"href":"https:\/\/pamiec81.pl\/index.php\/wp-json\/wp\/v2\/media?parent=1523"}],"wp:term":[{"taxonomy":"category","embeddable":true,"href":"https:\/\/pamiec81.pl\/index.php\/wp-json\/wp\/v2\/categories?post=1523"},{"taxonomy":"post_tag","embeddable":true,"href":"https:\/\/pamiec81.pl\/index.php\/wp-json\/wp\/v2\/tags?post=1523"}],"curies":[{"name":"wp","href":"https:\/\/api.w.org\/{rel}","templated":true}]}}