{"id":1517,"date":"2025-03-18T20:05:41","date_gmt":"2025-03-18T20:05:41","guid":{"rendered":"https:\/\/pamiec81.pl\/?p=1517"},"modified":"2025-03-18T20:05:41","modified_gmt":"2025-03-18T20:05:41","slug":"dramat-zaklety-w-fotografii-nauka-plynaca-ze-zdjec-chrisa-niedenthala","status":"publish","type":"post","link":"https:\/\/pamiec81.pl\/index.php\/dramat-zaklety-w-fotografii-nauka-plynaca-ze-zdjec-chrisa-niedenthala\/","title":{"rendered":"Dramat zakl\u0119ty w fotografii. Nauka p\u0142yn\u0105ca ze zdj\u0119\u0107 Chrisa Niedenthala"},"content":{"rendered":"\n<p><strong>Chris Niedenthal to jeden z najwa\u017cniejszych fotograf\u00f3w maj\u0105cych zwi\u0105zek z Polsk\u0105. Artysta zyska\u0142 popularno\u015b\u0107 dzi\u0119ki swoim pracom dotycz\u0105cym stanu wojennego. Wykonane przez niego zdj\u0119cia s\u0105 wspania\u0142\u0105 lekcj\u0105 historii.<\/strong><\/p>\n\n\n\n<p>Chris Niedenthal, urodzony 21 pa\u017adziernika 1950 roku w Londynie, to brytyjsko-polski fotograf i fotoreporter, uznawany za jednego z najwybitniejszych dokumentalist\u00f3w \u017cycia w krajach bloku wschodniego, zw\u0142aszcza w Polsce okresu PRL. Jego prace ukazuj\u0105 codzienno\u015b\u0107 oraz kluczowe wydarzenia tamtych czas\u00f3w, oferuj\u0105c unikalne spojrzenie na rzeczywisto\u015b\u0107 za \u017celazn\u0105 kurtyn\u0105.<\/p>\n\n\n\n<p>Chris jest synem Heleny oraz Jana Niedenthali. Ojciec przysz\u0142ego fotografa by\u0142 wiceprokuratorem S\u0105du Okr\u0119gowego w Wilnie, a po wojnie pracowa\u0142 w rz\u0105dzie RP na uchod\u017astwie. W kolejnych latach by\u0142 zatrudniony w Ministerstwie Edukacji , b\u0119d\u0105c przydzielonym do departamentu funkcjonuj\u0105cego na rzecz Polak\u00f3w.<\/p>\n\n\n\n<h2 class=\"wp-block-heading\"><strong>Obraz stanu wojennego w fotografii<\/strong><\/h2>\n\n\n\n<p>W 1980 roku, podczas strajk\u00f3w w Stoczni Gda\u0144skiej, Niedenthal jako jeden z pierwszych zagranicznych fotoreporter\u00f3w uwieczni\u0142 rodz\u0105cy si\u0119 ruch &#8222;Solidarno\u015b\u0107&#8221;. Jego zdj\u0119cia dokumentuj\u0105ce te wydarzenia by\u0142y publikowane w presti\u017cowych magazynach, takich jak &#8222;Time&#8221;, &#8222;Newsweek&#8221; czy &#8222;Der Spiegel&#8221;. Po wprowadzeniu stanu wojennego w Polsce w 1981 roku, mimo trudno\u015bci i cenzury, kontynuowa\u0142 prac\u0119, dokumentuj\u0105c \u017cycie codzienne oraz represje tamtego okresu.<\/p>\n\n\n\n<p>Jednym z najbardziej ikonicznych zdj\u0119\u0107 Niedenthala jest fotografia z 14 grudnia 1981 roku, przedstawiaj\u0105ca transporter opancerzony SKOT stoj\u0105cy przed kinem &#8222;Moskwa&#8221; w Warszawie, gdzie wy\u015bwietlany by\u0142 film &#8222;Czas Apokalipsy&#8221;. To symboliczne uj\u0119cie sta\u0142o si\u0119 metafor\u0105 sytuacji politycznej w Polsce tamtych lat. W 1986 roku jego portret w\u0119gierskiego przyw\u00f3dcy J\u00e1nosa K\u00e1d\u00e1ra zosta\u0142 wyr\u00f3\u017cniony nagrod\u0105 World Press Photo.<\/p>\n\n\n\n<p>Niedenthal nie ogranicza\u0142 si\u0119 jedynie do dokumentowania wydarze\u0144 politycznych. Jego zdj\u0119cia ukazuj\u0105 r\u00f3wnie\u017c codzienne \u017cycie w PRL: puste p\u00f3\u0142ki sklepowe, kolejki, targi czy sceny uliczne. W albumie &#8222;Chris Niedenthal. Wybrane fotografie 1973-1989&#8221; znalaz\u0142y si\u0119 zar\u00f3wno znane, jak i wcze\u015bniej niepublikowane zdj\u0119cia, kt\u00f3re oddaj\u0105 atmosfer\u0119 tamtych lat. Fotograf uchwyci\u0142 kontrasty mi\u0119dzy oficjaln\u0105 propagand\u0105 a rzeczywisto\u015bci\u0105, pokazuj\u0105c absurdy i paradoksy systemu komunistycznego.<\/p>\n\n\n\n<h2 class=\"wp-block-heading\"><strong>P\u00f3\u017aniejsze lata Niedenthala<\/strong><\/h2>\n\n\n\n<p>Niedenthal w 1998 roku otrzyma\u0142 obywatelstwo polskie i do dzi\u015b \u017cyje nad Wis\u0142\u0105. W 28. rocznic\u0119 pami\u0119tnej fotografii \u201cCzasu Apokalipsy\u201d artysta otrzyma\u0142 Srebrny Medal \u201cZas\u0142u\u017cony Kulturze Gloria Artis\u201d. W 2013 roku zosta\u0142 za\u015b odznaczony Krzy\u017cem Oficerskim Orderu Odrodzenia Polski.<\/p>\n\n\n\n<p>Niedenthal jest autorem rozmaitych wystaw. W 2001 roku zrealizowa\u0142 projekt \u201cS\u0105siadka\u201d, nawi\u0105zuj\u0105cy do ksi\u0105\u017cki Jana Tomasza Grossa i filmu Agnieszki Arnold o tym samym tytule, opowiadaj\u0105cy o pogromie \u017byd\u00f3w w Jedwabnem.<\/p>\n\n\n\n<p>Warszawa i Polska, kt\u00f3re znane s\u0105 z obraz\u00f3w Niedenthala, przesz\u0142y niesamowit\u0105 przemian\u0119 w kolejnych latach. Dowodem na to zupe\u0142nie nowy wygl\u0105d stolicy, kt\u00f3ra zachwyca infrastruktur\u0105, r\u00f3wnie\u017c t\u0105 sportow\u0105. Jednym z symbolu rozwoju Warszawy pozostaje przecie\u017c Stadion Narodowy, czyli dom reprezentacji Polski. Je\u015bli chcecie wpa\u015b\u0107 na domowy mecz bia\u0142o-czerwonych, to koniecznie sprawd\u017acie <a href=\"https:\/\/bet.pl\" data-type=\"link\" data-id=\"https:\/\/bet.pl\">BET<\/a>.<\/p>\n","protected":false},"excerpt":{"rendered":"<p>Chris Niedenthal to jeden z najwa\u017cniejszych fotograf\u00f3w maj\u0105cych zwi\u0105zek z Polsk\u0105. Artysta zyska\u0142 popularno\u015b\u0107 dzi\u0119ki swoim pracom dotycz\u0105cym stanu wojennego. Wykonane przez niego zdj\u0119cia s\u0105 wspania\u0142\u0105 lekcj\u0105 historii. Chris Niedenthal, urodzony 21 pa\u017adziernika 1950 roku w Londynie, to brytyjsko-polski fotograf i fotoreporter, uznawany za jednego z najwybitniejszych dokumentalist\u00f3w \u017cycia w krajach bloku wschodniego, zw\u0142aszcza w&#8230;<\/p>\n","protected":false},"author":1,"featured_media":1518,"comment_status":"closed","ping_status":"closed","sticky":false,"template":"","format":"standard","meta":{"_kadence_starter_templates_imported_post":false,"_kad_post_transparent":"","_kad_post_title":"","_kad_post_layout":"","_kad_post_sidebar_id":"","_kad_post_content_style":"","_kad_post_vertical_padding":"","_kad_post_feature":"","_kad_post_feature_position":"","_kad_post_header":false,"_kad_post_footer":false,"_kad_post_classname":"","footnotes":""},"categories":[1],"tags":[],"class_list":["post-1517","post","type-post","status-publish","format-standard","has-post-thumbnail","hentry","category-blog"],"yoast_head":"<!-- This site is optimized with the Yoast SEO plugin v27.5 - https:\/\/yoast.com\/product\/yoast-seo-wordpress\/ -->\n<title>Dramat zakl\u0119ty w fotografii. Nauka p\u0142yn\u0105ca ze zdj\u0119\u0107 Chrisa Niedenthala - Grudzie\u0144 1981: Historia i Pami\u0119\u0107<\/title>\n<meta name=\"robots\" content=\"index, follow, max-snippet:-1, max-image-preview:large, max-video-preview:-1\" \/>\n<link rel=\"canonical\" href=\"https:\/\/pamiec81.pl\/index.php\/dramat-zaklety-w-fotografii-nauka-plynaca-ze-zdjec-chrisa-niedenthala\/\" \/>\n<meta property=\"og:locale\" content=\"pl_PL\" \/>\n<meta property=\"og:type\" content=\"article\" \/>\n<meta property=\"og:title\" content=\"Dramat zakl\u0119ty w fotografii. Nauka p\u0142yn\u0105ca ze zdj\u0119\u0107 Chrisa Niedenthala - Grudzie\u0144 1981: Historia i Pami\u0119\u0107\" \/>\n<meta property=\"og:description\" content=\"Chris Niedenthal to jeden z najwa\u017cniejszych fotograf\u00f3w maj\u0105cych zwi\u0105zek z Polsk\u0105. Artysta zyska\u0142 popularno\u015b\u0107 dzi\u0119ki swoim pracom dotycz\u0105cym stanu wojennego. Wykonane przez niego zdj\u0119cia s\u0105 wspania\u0142\u0105 lekcj\u0105 historii. Chris Niedenthal, urodzony 21 pa\u017adziernika 1950 roku w Londynie, to brytyjsko-polski fotograf i fotoreporter, uznawany za jednego z najwybitniejszych dokumentalist\u00f3w \u017cycia w krajach bloku wschodniego, zw\u0142aszcza w...\" \/>\n<meta property=\"og:url\" content=\"https:\/\/pamiec81.pl\/index.php\/dramat-zaklety-w-fotografii-nauka-plynaca-ze-zdjec-chrisa-niedenthala\/\" \/>\n<meta property=\"og:site_name\" content=\"Grudzie\u0144 1981: Historia i Pami\u0119\u0107\" \/>\n<meta property=\"article:published_time\" content=\"2025-03-18T20:05:41+00:00\" \/>\n<meta property=\"og:image\" content=\"https:\/\/pamiec81.pl\/wp-content\/uploads\/2025\/03\/shutterstock_1612450798-1.jpg\" \/>\n\t<meta property=\"og:image:width\" content=\"1000\" \/>\n\t<meta property=\"og:image:height\" content=\"551\" \/>\n\t<meta property=\"og:image:type\" content=\"image\/jpeg\" \/>\n<meta name=\"author\" content=\"pamiec81\" \/>\n<meta name=\"twitter:card\" content=\"summary_large_image\" \/>\n<meta name=\"twitter:label1\" content=\"Napisane przez\" \/>\n\t<meta name=\"twitter:data1\" content=\"pamiec81\" \/>\n\t<meta name=\"twitter:label2\" content=\"Szacowany czas czytania\" \/>\n\t<meta name=\"twitter:data2\" content=\"2 minuty\" \/>\n<script type=\"application\/ld+json\" class=\"yoast-schema-graph\">{\"@context\":\"https:\\\/\\\/schema.org\",\"@graph\":[{\"@type\":\"Article\",\"@id\":\"https:\\\/\\\/pamiec81.pl\\\/index.php\\\/dramat-zaklety-w-fotografii-nauka-plynaca-ze-zdjec-chrisa-niedenthala\\\/#article\",\"isPartOf\":{\"@id\":\"https:\\\/\\\/pamiec81.pl\\\/index.php\\\/dramat-zaklety-w-fotografii-nauka-plynaca-ze-zdjec-chrisa-niedenthala\\\/\"},\"author\":{\"name\":\"pamiec81\",\"@id\":\"https:\\\/\\\/pamiec81.pl\\\/#\\\/schema\\\/person\\\/47024abcf028b8fcf0ddfcf373c4c57e\"},\"headline\":\"Dramat zakl\u0119ty w fotografii. Nauka p\u0142yn\u0105ca ze zdj\u0119\u0107 Chrisa Niedenthala\",\"datePublished\":\"2025-03-18T20:05:41+00:00\",\"mainEntityOfPage\":{\"@id\":\"https:\\\/\\\/pamiec81.pl\\\/index.php\\\/dramat-zaklety-w-fotografii-nauka-plynaca-ze-zdjec-chrisa-niedenthala\\\/\"},\"wordCount\":497,\"publisher\":{\"@id\":\"https:\\\/\\\/pamiec81.pl\\\/#organization\"},\"image\":{\"@id\":\"https:\\\/\\\/pamiec81.pl\\\/index.php\\\/dramat-zaklety-w-fotografii-nauka-plynaca-ze-zdjec-chrisa-niedenthala\\\/#primaryimage\"},\"thumbnailUrl\":\"https:\\\/\\\/pamiec81.pl\\\/wp-content\\\/uploads\\\/2025\\\/03\\\/shutterstock_1612450798-1.jpg\",\"articleSection\":[\"Blog\"],\"inLanguage\":\"pl-PL\"},{\"@type\":\"WebPage\",\"@id\":\"https:\\\/\\\/pamiec81.pl\\\/index.php\\\/dramat-zaklety-w-fotografii-nauka-plynaca-ze-zdjec-chrisa-niedenthala\\\/\",\"url\":\"https:\\\/\\\/pamiec81.pl\\\/index.php\\\/dramat-zaklety-w-fotografii-nauka-plynaca-ze-zdjec-chrisa-niedenthala\\\/\",\"name\":\"Dramat zakl\u0119ty w fotografii. Nauka p\u0142yn\u0105ca ze zdj\u0119\u0107 Chrisa Niedenthala - Grudzie\u0144 1981: Historia i Pami\u0119\u0107\",\"isPartOf\":{\"@id\":\"https:\\\/\\\/pamiec81.pl\\\/#website\"},\"primaryImageOfPage\":{\"@id\":\"https:\\\/\\\/pamiec81.pl\\\/index.php\\\/dramat-zaklety-w-fotografii-nauka-plynaca-ze-zdjec-chrisa-niedenthala\\\/#primaryimage\"},\"image\":{\"@id\":\"https:\\\/\\\/pamiec81.pl\\\/index.php\\\/dramat-zaklety-w-fotografii-nauka-plynaca-ze-zdjec-chrisa-niedenthala\\\/#primaryimage\"},\"thumbnailUrl\":\"https:\\\/\\\/pamiec81.pl\\\/wp-content\\\/uploads\\\/2025\\\/03\\\/shutterstock_1612450798-1.jpg\",\"datePublished\":\"2025-03-18T20:05:41+00:00\",\"breadcrumb\":{\"@id\":\"https:\\\/\\\/pamiec81.pl\\\/index.php\\\/dramat-zaklety-w-fotografii-nauka-plynaca-ze-zdjec-chrisa-niedenthala\\\/#breadcrumb\"},\"inLanguage\":\"pl-PL\",\"potentialAction\":[{\"@type\":\"ReadAction\",\"target\":[\"https:\\\/\\\/pamiec81.pl\\\/index.php\\\/dramat-zaklety-w-fotografii-nauka-plynaca-ze-zdjec-chrisa-niedenthala\\\/\"]}]},{\"@type\":\"ImageObject\",\"inLanguage\":\"pl-PL\",\"@id\":\"https:\\\/\\\/pamiec81.pl\\\/index.php\\\/dramat-zaklety-w-fotografii-nauka-plynaca-ze-zdjec-chrisa-niedenthala\\\/#primaryimage\",\"url\":\"https:\\\/\\\/pamiec81.pl\\\/wp-content\\\/uploads\\\/2025\\\/03\\\/shutterstock_1612450798-1.jpg\",\"contentUrl\":\"https:\\\/\\\/pamiec81.pl\\\/wp-content\\\/uploads\\\/2025\\\/03\\\/shutterstock_1612450798-1.jpg\",\"width\":1000,\"height\":551,\"caption\":\"Dramat zakl\u0119ty w fotografii. Nauka p\u0142yn\u0105ca ze zdj\u0119\u0107 Chrisa Niedenthala\"},{\"@type\":\"BreadcrumbList\",\"@id\":\"https:\\\/\\\/pamiec81.pl\\\/index.php\\\/dramat-zaklety-w-fotografii-nauka-plynaca-ze-zdjec-chrisa-niedenthala\\\/#breadcrumb\",\"itemListElement\":[{\"@type\":\"ListItem\",\"position\":1,\"name\":\"Strona g\u0142\u00f3wna\",\"item\":\"https:\\\/\\\/pamiec81.pl\\\/\"},{\"@type\":\"ListItem\",\"position\":2,\"name\":\"Dramat zakl\u0119ty w fotografii. Nauka p\u0142yn\u0105ca ze zdj\u0119\u0107 Chrisa Niedenthala\"}]},{\"@type\":\"WebSite\",\"@id\":\"https:\\\/\\\/pamiec81.pl\\\/#website\",\"url\":\"https:\\\/\\\/pamiec81.pl\\\/\",\"name\":\"Grudzie\u0144 1981: Historia i Pami\u0119\u0107\",\"description\":\"Upami\u0119tnijmy stan wojenny grudnia 1981. Razem odkrywajmy histori\u0119, dzielmy si\u0119 wspomnieniami i refleksjami o walce o wolno\u015b\u0107 i prawd\u0119.\",\"publisher\":{\"@id\":\"https:\\\/\\\/pamiec81.pl\\\/#organization\"},\"potentialAction\":[{\"@type\":\"SearchAction\",\"target\":{\"@type\":\"EntryPoint\",\"urlTemplate\":\"https:\\\/\\\/pamiec81.pl\\\/?s={search_term_string}\"},\"query-input\":{\"@type\":\"PropertyValueSpecification\",\"valueRequired\":true,\"valueName\":\"search_term_string\"}}],\"inLanguage\":\"pl-PL\"},{\"@type\":\"Organization\",\"@id\":\"https:\\\/\\\/pamiec81.pl\\\/#organization\",\"name\":\"Grudzie\u0144 1981: Historia i Pami\u0119\u0107\",\"url\":\"https:\\\/\\\/pamiec81.pl\\\/\",\"logo\":{\"@type\":\"ImageObject\",\"inLanguage\":\"pl-PL\",\"@id\":\"https:\\\/\\\/pamiec81.pl\\\/#\\\/schema\\\/logo\\\/image\\\/\",\"url\":\"https:\\\/\\\/pamiec81.pl\\\/wp-content\\\/uploads\\\/2024\\\/10\\\/polskiemorsy.net__3_-removebg-preview.png\",\"contentUrl\":\"https:\\\/\\\/pamiec81.pl\\\/wp-content\\\/uploads\\\/2024\\\/10\\\/polskiemorsy.net__3_-removebg-preview.png\",\"width\":300,\"height\":100,\"caption\":\"Grudzie\u0144 1981: Historia i Pami\u0119\u0107\"},\"image\":{\"@id\":\"https:\\\/\\\/pamiec81.pl\\\/#\\\/schema\\\/logo\\\/image\\\/\"}},{\"@type\":\"Person\",\"@id\":\"https:\\\/\\\/pamiec81.pl\\\/#\\\/schema\\\/person\\\/47024abcf028b8fcf0ddfcf373c4c57e\",\"name\":\"pamiec81\",\"image\":{\"@type\":\"ImageObject\",\"inLanguage\":\"pl-PL\",\"@id\":\"https:\\\/\\\/secure.gravatar.com\\\/avatar\\\/8c6c8a6ddc98c0d8c18a4a687166a69e5fdbc0475752245205a512500cb18d08?s=96&d=mm&r=g\",\"url\":\"https:\\\/\\\/secure.gravatar.com\\\/avatar\\\/8c6c8a6ddc98c0d8c18a4a687166a69e5fdbc0475752245205a512500cb18d08?s=96&d=mm&r=g\",\"contentUrl\":\"https:\\\/\\\/secure.gravatar.com\\\/avatar\\\/8c6c8a6ddc98c0d8c18a4a687166a69e5fdbc0475752245205a512500cb18d08?s=96&d=mm&r=g\",\"caption\":\"pamiec81\"},\"sameAs\":[\"https:\\\/\\\/pamiec81.pl\"],\"url\":\"https:\\\/\\\/pamiec81.pl\\\/index.php\\\/author\\\/pamiec\\\/\"}]}<\/script>\n<!-- \/ Yoast SEO plugin. -->","yoast_head_json":{"title":"Dramat zakl\u0119ty w fotografii. Nauka p\u0142yn\u0105ca ze zdj\u0119\u0107 Chrisa Niedenthala - Grudzie\u0144 1981: Historia i Pami\u0119\u0107","robots":{"index":"index","follow":"follow","max-snippet":"max-snippet:-1","max-image-preview":"max-image-preview:large","max-video-preview":"max-video-preview:-1"},"canonical":"https:\/\/pamiec81.pl\/index.php\/dramat-zaklety-w-fotografii-nauka-plynaca-ze-zdjec-chrisa-niedenthala\/","og_locale":"pl_PL","og_type":"article","og_title":"Dramat zakl\u0119ty w fotografii. Nauka p\u0142yn\u0105ca ze zdj\u0119\u0107 Chrisa Niedenthala - Grudzie\u0144 1981: Historia i Pami\u0119\u0107","og_description":"Chris Niedenthal to jeden z najwa\u017cniejszych fotograf\u00f3w maj\u0105cych zwi\u0105zek z Polsk\u0105. Artysta zyska\u0142 popularno\u015b\u0107 dzi\u0119ki swoim pracom dotycz\u0105cym stanu wojennego. Wykonane przez niego zdj\u0119cia s\u0105 wspania\u0142\u0105 lekcj\u0105 historii. Chris Niedenthal, urodzony 21 pa\u017adziernika 1950 roku w Londynie, to brytyjsko-polski fotograf i fotoreporter, uznawany za jednego z najwybitniejszych dokumentalist\u00f3w \u017cycia w krajach bloku wschodniego, zw\u0142aszcza w...","og_url":"https:\/\/pamiec81.pl\/index.php\/dramat-zaklety-w-fotografii-nauka-plynaca-ze-zdjec-chrisa-niedenthala\/","og_site_name":"Grudzie\u0144 1981: Historia i Pami\u0119\u0107","article_published_time":"2025-03-18T20:05:41+00:00","og_image":[{"width":1000,"height":551,"url":"https:\/\/pamiec81.pl\/wp-content\/uploads\/2025\/03\/shutterstock_1612450798-1.jpg","type":"image\/jpeg"}],"author":"pamiec81","twitter_card":"summary_large_image","twitter_misc":{"Napisane przez":"pamiec81","Szacowany czas czytania":"2 minuty"},"schema":{"@context":"https:\/\/schema.org","@graph":[{"@type":"Article","@id":"https:\/\/pamiec81.pl\/index.php\/dramat-zaklety-w-fotografii-nauka-plynaca-ze-zdjec-chrisa-niedenthala\/#article","isPartOf":{"@id":"https:\/\/pamiec81.pl\/index.php\/dramat-zaklety-w-fotografii-nauka-plynaca-ze-zdjec-chrisa-niedenthala\/"},"author":{"name":"pamiec81","@id":"https:\/\/pamiec81.pl\/#\/schema\/person\/47024abcf028b8fcf0ddfcf373c4c57e"},"headline":"Dramat zakl\u0119ty w fotografii. Nauka p\u0142yn\u0105ca ze zdj\u0119\u0107 Chrisa Niedenthala","datePublished":"2025-03-18T20:05:41+00:00","mainEntityOfPage":{"@id":"https:\/\/pamiec81.pl\/index.php\/dramat-zaklety-w-fotografii-nauka-plynaca-ze-zdjec-chrisa-niedenthala\/"},"wordCount":497,"publisher":{"@id":"https:\/\/pamiec81.pl\/#organization"},"image":{"@id":"https:\/\/pamiec81.pl\/index.php\/dramat-zaklety-w-fotografii-nauka-plynaca-ze-zdjec-chrisa-niedenthala\/#primaryimage"},"thumbnailUrl":"https:\/\/pamiec81.pl\/wp-content\/uploads\/2025\/03\/shutterstock_1612450798-1.jpg","articleSection":["Blog"],"inLanguage":"pl-PL"},{"@type":"WebPage","@id":"https:\/\/pamiec81.pl\/index.php\/dramat-zaklety-w-fotografii-nauka-plynaca-ze-zdjec-chrisa-niedenthala\/","url":"https:\/\/pamiec81.pl\/index.php\/dramat-zaklety-w-fotografii-nauka-plynaca-ze-zdjec-chrisa-niedenthala\/","name":"Dramat zakl\u0119ty w fotografii. Nauka p\u0142yn\u0105ca ze zdj\u0119\u0107 Chrisa Niedenthala - Grudzie\u0144 1981: Historia i Pami\u0119\u0107","isPartOf":{"@id":"https:\/\/pamiec81.pl\/#website"},"primaryImageOfPage":{"@id":"https:\/\/pamiec81.pl\/index.php\/dramat-zaklety-w-fotografii-nauka-plynaca-ze-zdjec-chrisa-niedenthala\/#primaryimage"},"image":{"@id":"https:\/\/pamiec81.pl\/index.php\/dramat-zaklety-w-fotografii-nauka-plynaca-ze-zdjec-chrisa-niedenthala\/#primaryimage"},"thumbnailUrl":"https:\/\/pamiec81.pl\/wp-content\/uploads\/2025\/03\/shutterstock_1612450798-1.jpg","datePublished":"2025-03-18T20:05:41+00:00","breadcrumb":{"@id":"https:\/\/pamiec81.pl\/index.php\/dramat-zaklety-w-fotografii-nauka-plynaca-ze-zdjec-chrisa-niedenthala\/#breadcrumb"},"inLanguage":"pl-PL","potentialAction":[{"@type":"ReadAction","target":["https:\/\/pamiec81.pl\/index.php\/dramat-zaklety-w-fotografii-nauka-plynaca-ze-zdjec-chrisa-niedenthala\/"]}]},{"@type":"ImageObject","inLanguage":"pl-PL","@id":"https:\/\/pamiec81.pl\/index.php\/dramat-zaklety-w-fotografii-nauka-plynaca-ze-zdjec-chrisa-niedenthala\/#primaryimage","url":"https:\/\/pamiec81.pl\/wp-content\/uploads\/2025\/03\/shutterstock_1612450798-1.jpg","contentUrl":"https:\/\/pamiec81.pl\/wp-content\/uploads\/2025\/03\/shutterstock_1612450798-1.jpg","width":1000,"height":551,"caption":"Dramat zakl\u0119ty w fotografii. Nauka p\u0142yn\u0105ca ze zdj\u0119\u0107 Chrisa Niedenthala"},{"@type":"BreadcrumbList","@id":"https:\/\/pamiec81.pl\/index.php\/dramat-zaklety-w-fotografii-nauka-plynaca-ze-zdjec-chrisa-niedenthala\/#breadcrumb","itemListElement":[{"@type":"ListItem","position":1,"name":"Strona g\u0142\u00f3wna","item":"https:\/\/pamiec81.pl\/"},{"@type":"ListItem","position":2,"name":"Dramat zakl\u0119ty w fotografii. Nauka p\u0142yn\u0105ca ze zdj\u0119\u0107 Chrisa Niedenthala"}]},{"@type":"WebSite","@id":"https:\/\/pamiec81.pl\/#website","url":"https:\/\/pamiec81.pl\/","name":"Grudzie\u0144 1981: Historia i Pami\u0119\u0107","description":"Upami\u0119tnijmy stan wojenny grudnia 1981. Razem odkrywajmy histori\u0119, dzielmy si\u0119 wspomnieniami i refleksjami o walce o wolno\u015b\u0107 i prawd\u0119.","publisher":{"@id":"https:\/\/pamiec81.pl\/#organization"},"potentialAction":[{"@type":"SearchAction","target":{"@type":"EntryPoint","urlTemplate":"https:\/\/pamiec81.pl\/?s={search_term_string}"},"query-input":{"@type":"PropertyValueSpecification","valueRequired":true,"valueName":"search_term_string"}}],"inLanguage":"pl-PL"},{"@type":"Organization","@id":"https:\/\/pamiec81.pl\/#organization","name":"Grudzie\u0144 1981: Historia i Pami\u0119\u0107","url":"https:\/\/pamiec81.pl\/","logo":{"@type":"ImageObject","inLanguage":"pl-PL","@id":"https:\/\/pamiec81.pl\/#\/schema\/logo\/image\/","url":"https:\/\/pamiec81.pl\/wp-content\/uploads\/2024\/10\/polskiemorsy.net__3_-removebg-preview.png","contentUrl":"https:\/\/pamiec81.pl\/wp-content\/uploads\/2024\/10\/polskiemorsy.net__3_-removebg-preview.png","width":300,"height":100,"caption":"Grudzie\u0144 1981: Historia i Pami\u0119\u0107"},"image":{"@id":"https:\/\/pamiec81.pl\/#\/schema\/logo\/image\/"}},{"@type":"Person","@id":"https:\/\/pamiec81.pl\/#\/schema\/person\/47024abcf028b8fcf0ddfcf373c4c57e","name":"pamiec81","image":{"@type":"ImageObject","inLanguage":"pl-PL","@id":"https:\/\/secure.gravatar.com\/avatar\/8c6c8a6ddc98c0d8c18a4a687166a69e5fdbc0475752245205a512500cb18d08?s=96&d=mm&r=g","url":"https:\/\/secure.gravatar.com\/avatar\/8c6c8a6ddc98c0d8c18a4a687166a69e5fdbc0475752245205a512500cb18d08?s=96&d=mm&r=g","contentUrl":"https:\/\/secure.gravatar.com\/avatar\/8c6c8a6ddc98c0d8c18a4a687166a69e5fdbc0475752245205a512500cb18d08?s=96&d=mm&r=g","caption":"pamiec81"},"sameAs":["https:\/\/pamiec81.pl"],"url":"https:\/\/pamiec81.pl\/index.php\/author\/pamiec\/"}]}},"_links":{"self":[{"href":"https:\/\/pamiec81.pl\/index.php\/wp-json\/wp\/v2\/posts\/1517","targetHints":{"allow":["GET"]}}],"collection":[{"href":"https:\/\/pamiec81.pl\/index.php\/wp-json\/wp\/v2\/posts"}],"about":[{"href":"https:\/\/pamiec81.pl\/index.php\/wp-json\/wp\/v2\/types\/post"}],"author":[{"embeddable":true,"href":"https:\/\/pamiec81.pl\/index.php\/wp-json\/wp\/v2\/users\/1"}],"replies":[{"embeddable":true,"href":"https:\/\/pamiec81.pl\/index.php\/wp-json\/wp\/v2\/comments?post=1517"}],"version-history":[{"count":1,"href":"https:\/\/pamiec81.pl\/index.php\/wp-json\/wp\/v2\/posts\/1517\/revisions"}],"predecessor-version":[{"id":1519,"href":"https:\/\/pamiec81.pl\/index.php\/wp-json\/wp\/v2\/posts\/1517\/revisions\/1519"}],"wp:featuredmedia":[{"embeddable":true,"href":"https:\/\/pamiec81.pl\/index.php\/wp-json\/wp\/v2\/media\/1518"}],"wp:attachment":[{"href":"https:\/\/pamiec81.pl\/index.php\/wp-json\/wp\/v2\/media?parent=1517"}],"wp:term":[{"taxonomy":"category","embeddable":true,"href":"https:\/\/pamiec81.pl\/index.php\/wp-json\/wp\/v2\/categories?post=1517"},{"taxonomy":"post_tag","embeddable":true,"href":"https:\/\/pamiec81.pl\/index.php\/wp-json\/wp\/v2\/tags?post=1517"}],"curies":[{"name":"wp","href":"https:\/\/api.w.org\/{rel}","templated":true}]}}