{"id":1488,"date":"2024-10-14T15:02:04","date_gmt":"2024-10-14T15:02:04","guid":{"rendered":"https:\/\/pamiec81.pl\/index.php\/cenzura-i-kontrola-mediow-jak-wladze-prl-kontrolowaly-media-i-jakie-byly-metody-walki-z-cenzura\/"},"modified":"2024-10-14T15:03:40","modified_gmt":"2024-10-14T15:03:40","slug":"cenzura-i-kontrola-mediow-jak-wladze-prl-kontrolowaly-media","status":"publish","type":"post","link":"https:\/\/pamiec81.pl\/index.php\/cenzura-i-kontrola-mediow-jak-wladze-prl-kontrolowaly-media\/","title":{"rendered":"Cenzura i kontrola medi\u00f3w \u2013 Jak w\u0142adze PRL kontrolowa\u0142y media"},"content":{"rendered":"<p><strong>Cenzura i kontrola medi\u00f3w w Polsce Ludowej by\u0142a wszechobecna i mia\u0142a na celu kontrolowanie tre\u015bci pojawiaj\u0105cych si\u0119 w prasie, radiu i telewizji. Aparat cenzury dzia\u0142aj\u0105cy na zlecenie w\u0142adz PRL skutecznie eliminowa\u0142 informacje niepo\u017c\u0105dane i utrwala\u0142 przekazy maj\u0105ce na celu podtrzymanie systemu komunistycznego. Jednak\u017ce wiele os\u00f3b nie zgadza\u0142o si\u0119 z tym stanem rzeczy i podejmowa\u0142o r\u00f3\u017cnorodne dzia\u0142ania, aby obej\u015b\u0107 cenzur\u0119 i dociera\u0107 do prawdy.<\/strong><\/p>\n<h2 id=\"historia-cenzury-medi\u00f3w-w-prl\">Historia cenzury medi\u00f3w w PRL<\/h2>\n<h3 id=\"pocz\u0105tki-cenzury-w-polsce-ludowej\">Pocz\u0105tki cenzury w Polsce Ludowej<\/h3>\n<p><strong>Cenzura w Polsce Ludowej zacz\u0119\u0142a si\u0119 intensyfikowa\u0107 tu\u017c po II wojnie \u015bwiatowej, kiedy to w\u0142adz\u0119 przej\u0119li komuni\u015bci.<\/strong> Organy w\u0142adzy szybko zorientowa\u0142y si\u0119, \u017ce kontrola medi\u00f3w jest kluczowym elementem utrzymania w\u0142adzy oraz wp\u0142ywu na spo\u0142ecze\u0144stwo. Ju\u017c w 1946 roku powo\u0142ano G\u0142\u00f3wny Urz\u0105d Kontroli Prasy, Publikacji i Widowisk (GUKPPiW). Jego zadaniem by\u0142o kontrolowanie wszelkich publikacji prasowych, radiowych oraz materia\u0142\u00f3w audiowizualnych. <\/p>\n<h3 id=\"mechanizmy-i-narz\u0119dzia-kontroli\">Mechanizmy i narz\u0119dzia kontroli<\/h3>\n<p><strong>Cenzorzy mieli do dyspozycji szereg mechanizm\u00f3w i narz\u0119dzi umo\u017cliwiaj\u0105cych blokowanie niepo\u017c\u0105danych tre\u015bci.<\/strong> Przede wszystkim ka\u017cda publikacja musia\u0142a przej\u015b\u0107 weryfikacj\u0119 przez urz\u0119dnik\u00f3w GUKPPiW, co by\u0142o swoistym filtrem, przez kt\u00f3ry tylko &quot;zatwierdzone&quot; informacje mog\u0142y dotrze\u0107 do odbiorc\u00f3w. Tworzono specjalne listy temat\u00f3w tabu, kt\u00f3rych poruszanie by\u0142o automatycznie zakazane. Stosowano r\u00f3wnie\u017c autocenzur\u0119, gdzie redaktorzy sami, w obawie przed sankcjami, rezygnowali z publikowania ryzykownych materia\u0142\u00f3w.<\/p>\n<h2 id=\"g\u0142\u00f3wne-metody-kontroli-medi\u00f3w\">G\u0142\u00f3wne metody kontroli medi\u00f3w<\/h2>\n<h3 id=\"kontrola-nad-pras\u0105\">Kontrola nad pras\u0105<\/h3>\n<p><strong>Prasa by\u0142a najwa\u017cniejszym medium kontrolowanym przez w\u0142adze PRL.<\/strong> Redakcje gazet musia\u0142y regularnie przesy\u0142a\u0107 swoje materia\u0142y do GUKPPiW przed drukiem. Ka\u017cdy artyku\u0142 przechodzi\u0142 szczeg\u00f3\u0142ow\u0105 analiz\u0119 i m\u00f3g\u0142 by\u0107 odrzucony lub zmieniony. W publikacjach starano si\u0119 unika\u0107 krytyki w\u0142adz, Zwi\u0105zku Radzieckiego oraz innych pa\u0144stw bloku wschodniego. Tworzono r\u00f3wnie\u017c &quot;czarne listy&quot; os\u00f3b, kt\u00f3rych nazwiska nie mog\u0142y pojawi\u0107 si\u0119 w mediach.<\/p>\n<h3 id=\"kontrola-radia-i-telewizji\">Kontrola radia i telewizji<\/h3>\n<p><strong>Radio i telewizja r\u00f3wnie\u017c by\u0142y \u015bci\u015ble kontrolowane przez aparat cenzury.<\/strong> Ka\u017cdy program przed emisj\u0105 musia\u0142 by\u0107 zatwierdzony przez odpowiednie organy. Szczeg\u00f3lnie starannie nadzorowano wiadomo\u015bci i programy informacyjne, kt\u00f3re mia\u0142y za zadanie przedstawia\u0107 rzeczywisto\u015b\u0107 w korzystnym dla w\u0142adz \u015bwietle. Cenzorzy monitorowali tak\u017ce wszelkie wyst\u0105pienia publiczne, aby wy\u0142apa\u0107 ewentualne &quot;nieprawomy\u015blne&quot; tre\u015bci oraz zapobiega\u0107 ich emisji.<\/p>\n<h2 id=\"dzia\u0142ania-opozycji-i-metody-walki-z-cenzur\u0105\">Dzia\u0142ania opozycji i metody walki z cenzur\u0105<\/h2>\n<h3 id=\"samizdaty-i-nielegalne-publikacje\">Samizdaty i nielegalne publikacje<\/h3>\n<p><strong>Jednym z g\u0142\u00f3wnych sposob\u00f3w walki z cenzur\u0105 by\u0142y samizdaty \u2013 nielegalne publikacje tworzone i dystrybuowane przez opozycj\u0119.<\/strong> Tajne drukarnie, cz\u0119sto zlokalizowane w prywatnych mieszkaniach lub piwnicach, produkowa\u0142y biuletyny, ksi\u0105\u017cki i ulotki, kt\u00f3re przedstawia\u0142y rzeczywisto\u015b\u0107 odbiegaj\u0105c\u0105 od propagandy. Druki te by\u0142y rozpowszechniane w tajemnicy, g\u0142\u00f3wnie w\u015br\u00f3d zaufanych os\u00f3b.<\/p>\n<h3 id=\"radio-wolna-europa-i-inne-zagraniczne-stacje\">Radio Wolna Europa i inne zagraniczne stacje<\/h3>\n<p><strong>Znacz\u0105c\u0105 rol\u0119 w walce z cenzur\u0105 odegra\u0142y tak\u017ce zagraniczne stacje radiowe, w szczeg\u00f3lno\u015bci Radio Wolna Europa.<\/strong> Emitowane przez ni\u0105 programy dostarcza\u0142y Polakom informacji niecenzurowanych i przedstawia\u0142y prawdziw\u0105 sytuacj\u0119 polityczn\u0105 i spo\u0142eczn\u0105 w kraju oraz za granic\u0105. Mimo \u017ce w\u0142adze PRL pr\u00f3bowa\u0142y zag\u0142usza\u0107 te audycje, wielu ludzi zaopatrywa\u0142o si\u0119 w specjalne odbiorniki, kt\u00f3re umo\u017cliwia\u0142y odbi\u00f3r tych program\u00f3w.<\/p>\n<h3 id=\"podziemne-wydawnictwa-i-niezale\u017cne-media\">Podziemne wydawnictwa i niezale\u017cne media<\/h3>\n<p><strong>Opozycjoni\u015bci tworzyli r\u00f3wnie\u017c podziemne wydawnictwa oraz niezale\u017cne medi\u00f3w, kt\u00f3re by\u0142y zupe\u0142nie niezale\u017cne od pa\u0144stwowego aparatu cenzury.<\/strong> Drukowano ksi\u0105\u017cki, periodyki oraz ziny, kt\u00f3re by\u0142y nast\u0119pnie dystrybuowane w tajemnicy. Niezale\u017cne media przekazywa\u0142y wiadomo\u015bci oraz komentarze na temat bie\u017c\u0105cej sytuacji politycznej, dzia\u0142alno\u015bci opozycyjnej oraz represji ze strony w\u0142adz.<\/p>\n<h2 id=\"reakcje-spo\u0142ecze\u0144stwa-na-cenzur\u0119\">Reakcje spo\u0142ecze\u0144stwa na cenzur\u0119<\/h2>\n<h3 id=\"wzrost-\u015bwiadomo\u015bci-spo\u0142ecznej\">Wzrost \u015bwiadomo\u015bci spo\u0142ecznej<\/h3>\n<p><strong>Cenzura paradoksalnie przyczyni\u0142a si\u0119 do wzrostu \u015bwiadomo\u015bci spo\u0142ecznej oraz zwi\u0119kszenia oporu obywateli wobec re\u017cimu.<\/strong> Ludzie zdawali sobie spraw\u0119, \u017ce informacje podawane przez oficjalne media s\u0105 zmanipulowane, co sk\u0142ania\u0142o ich do poszukiwania alternatywnych \u017ar\u00f3de\u0142 wiedzy. Wzrost \u015bwiadomo\u015bci prowadzi\u0142 do wi\u0119kszego zaanga\u017cowania w ruchy opozycyjne oraz do wzajemnego wsparcia w walce z cenzur\u0105.<\/p>\n<h3 id=\"protesty-i-demonstracje\">Protesty i demonstracje<\/h3>\n<p><strong>Reakcj\u0105 na cenzur\u0119 by\u0142y r\u00f3wnie\u017c liczne protesty i demonstracje organizowane przez r\u00f3\u017cne grupy opozycyjne.<\/strong> Jednym z najwa\u017cniejszych moment\u00f3w by\u0142a fala strajk\u00f3w w latach 1980-1981, kt\u00f3re doprowadzi\u0142y do stworzenia &quot;Solidarno\u015bci&quot; \u2013 niezale\u017cnego zwi\u0105zku zawodowego, kt\u00f3ry sta\u0142 si\u0119 g\u0142\u00f3wnym narz\u0119dziem walki z re\u017cimem. Demonstranci cz\u0119sto domagali si\u0119 wolno\u015bci s\u0142owa oraz zniesienia cenzury, co spotyka\u0142o si\u0119 z brutalnymi represjami ze strony w\u0142adzy.<\/p>\n<h3 id=\"efekt-psychologiczny-cenzury\">Efekt psychologiczny cenzury<\/h3>\n<p><strong>Cenzura wywiera\u0142a r\u00f3wnie\u017c silny efekt psychologiczny na spo\u0142ecze\u0144stwo, prowadz\u0105c do autocenzury i strachu przed wyra\u017caniem swojej opinii.<\/strong> W obawie przed represjami, ludzie cz\u0119sto unikali poruszania temat\u00f3w politycznych w miejscach publicznych oraz w rozmowach prywatnych. Cenzura prowadzi\u0142a wi\u0119c do zamykania si\u0119 ludzi w prywatnych sferach \u017cycia oraz do dystansowania si\u0119 od spraw publicznych.<\/p>\n<h2 id=\"zmierzch-cenzury-po-1989-roku\">Zmierzch cenzury po 1989 roku<\/h2>\n<h3 id=\"przemiany-polityczne-i-upadek-systemu-komunistycznego\">Przemiany polityczne i upadek systemu komunistycznego<\/h3>\n<p><strong>Upadek systemu komunistycznego w Polsce w 1989 roku oznacza\u0142 r\u00f3wnie\u017c koniec ery cenzury.<\/strong> Wraz z przemianami politycznymi i spo\u0142ecznymi, jakie nast\u0105pi\u0142y po 1989 roku, zniesiono GUKPPiW i zlikwidowano formaln\u0105 cenzur\u0119. Media zacz\u0119\u0142y funkcjonowa\u0107 na nowych, demokratycznych zasadach, cho\u0107 proces ten przebiega\u0142 stopniowo i nie bez trudno\u015bci.<\/p>\n<h3 id=\"wolno\u015b\u0107-s\u0142owa-w-nowej-rzeczywisto\u015bci\">Wolno\u015b\u0107 s\u0142owa w nowej rzeczywisto\u015bci<\/h3>\n<p><strong>Wprowadzenie wolno\u015bci s\u0142owa oraz zniesienie cenzury otworzy\u0142o now\u0105 epok\u0119 dla medi\u00f3w i spo\u0142ecze\u0144stwa.<\/strong> Ludzie mogli swobodnie wyra\u017ca\u0107 swoje pogl\u0105dy, a redakcje gazet, stacji radiowych i telewizyjnych uzyska\u0142y pe\u0142n\u0105 niezale\u017cno\u015b\u0107. Wzrost liczby nowych tytu\u0142\u00f3w prasowych oraz stacji radiowych i telewizyjnych przyczyni\u0142 si\u0119 do rozwoju pluralizmu medialnego oraz wi\u0119kszej transparentno\u015bci dzia\u0142ania w\u0142adzy.<\/p>\n<h3 id=\"dziedzictwo-cenzury-w-dzisiejszej-polsce\">Dziedzictwo cenzury w dzisiejszej Polsce<\/h3>\n<p><strong>Mimo zniesienia formalnej cenzury, dziedzictwo tamtych czas\u00f3w wci\u0105\u017c wp\u0142ywa na wsp\u00f3\u0142czesne media i spo\u0142ecze\u0144stwo.<\/strong> Pami\u0119\u0107 o cenzurze i walce z ni\u0105 jest wci\u0105\u017c \u017cywa, a jej wp\u0142yw widoczny w kulturze, literaturze oraz historii Polski. Przypomina ona o warto\u015bciach, jakimi s\u0105 wolno\u015b\u0107 s\u0142owa i niezale\u017cno\u015b\u0107 medi\u00f3w, kt\u00f3re s\u0105 fundamentem funkcjonowania demokratycznego spo\u0142ecze\u0144stwa.<\/p>\n<p>Kontrola i cenzura medi\u00f3w w PRL by\u0142y \u015bci\u015ble zintegrowane z systemem politycznym, kt\u00f3ry stara\u0142 si\u0119 utrzyma\u0107 w\u0142adz\u0119 poprzez manipulacj\u0119 informacjami. Walk\u0119 z cenzur\u0105 prowadzono na wielu frontach \u2013 od nielegalnych publikacji po zagraniczne stacje radiowe. Dzia\u0142ania te, mimo trudno\u015bci i represji, przyczyni\u0142y si\u0119 do wykszta\u0142cenia \u015bwiadomo\u015bci spo\u0142ecznej i wzrostu oporu wobec re\u017cimu komunistycznego. Po upadku PRL, wolno\u015b\u0107 s\u0142owa sta\u0142a si\u0119 jednym z g\u0142\u00f3wnych osi\u0105gni\u0119\u0107 demokratycznej Polski, a pami\u0119\u0107 o cenzurze pozostaje wa\u017cnym elementem narodowej historii.<\/p>\n","protected":false},"excerpt":{"rendered":"<p>Cenzura i kontrola medi\u00f3w w Polsce Ludowej by\u0142a wszechobecna i mia\u0142a na celu kontrolowanie tre\u015bci pojawiaj\u0105cych si\u0119 w prasie, radiu i telewizji. Aparat cenzury dzia\u0142aj\u0105cy na zlecenie w\u0142adz PRL skutecznie eliminowa\u0142 informacje niepo\u017c\u0105dane i utrwala\u0142 przekazy maj\u0105ce na celu podtrzymanie systemu komunistycznego. Jednak\u017ce wiele os\u00f3b nie zgadza\u0142o si\u0119 z tym stanem rzeczy i podejmowa\u0142o r\u00f3\u017cnorodne&#8230;<\/p>\n","protected":false},"author":1,"featured_media":1370,"comment_status":"closed","ping_status":"closed","sticky":false,"template":"","format":"standard","meta":{"_kadence_starter_templates_imported_post":false,"_kad_post_transparent":"","_kad_post_title":"","_kad_post_layout":"","_kad_post_sidebar_id":"","_kad_post_content_style":"","_kad_post_vertical_padding":"","_kad_post_feature":"","_kad_post_feature_position":"","_kad_post_header":false,"_kad_post_footer":false,"_kad_post_classname":"","footnotes":""},"categories":[17],"tags":[],"class_list":["post-1488","post","type-post","status-publish","format-standard","has-post-thumbnail","hentry","category-media-i-literatura"],"yoast_head":"<!-- This site is optimized with the Yoast SEO plugin v27.5 - https:\/\/yoast.com\/product\/yoast-seo-wordpress\/ -->\n<title>Cenzura i kontrola medi\u00f3w \u2013 Jak w\u0142adze PRL kontrolowa\u0142y media - Grudzie\u0144 1981: Historia i Pami\u0119\u0107<\/title>\n<meta name=\"robots\" content=\"index, follow, max-snippet:-1, max-image-preview:large, max-video-preview:-1\" \/>\n<link rel=\"canonical\" href=\"https:\/\/pamiec81.pl\/index.php\/cenzura-i-kontrola-mediow-jak-wladze-prl-kontrolowaly-media\/\" \/>\n<meta property=\"og:locale\" content=\"pl_PL\" \/>\n<meta property=\"og:type\" content=\"article\" \/>\n<meta property=\"og:title\" content=\"Cenzura i kontrola medi\u00f3w \u2013 Jak w\u0142adze PRL kontrolowa\u0142y media - Grudzie\u0144 1981: Historia i Pami\u0119\u0107\" \/>\n<meta property=\"og:description\" content=\"Cenzura i kontrola medi\u00f3w w Polsce Ludowej by\u0142a wszechobecna i mia\u0142a na celu kontrolowanie tre\u015bci pojawiaj\u0105cych si\u0119 w prasie, radiu i telewizji. Aparat cenzury dzia\u0142aj\u0105cy na zlecenie w\u0142adz PRL skutecznie eliminowa\u0142 informacje niepo\u017c\u0105dane i utrwala\u0142 przekazy maj\u0105ce na celu podtrzymanie systemu komunistycznego. Jednak\u017ce wiele os\u00f3b nie zgadza\u0142o si\u0119 z tym stanem rzeczy i podejmowa\u0142o r\u00f3\u017cnorodne...\" \/>\n<meta property=\"og:url\" content=\"https:\/\/pamiec81.pl\/index.php\/cenzura-i-kontrola-mediow-jak-wladze-prl-kontrolowaly-media\/\" \/>\n<meta property=\"og:site_name\" content=\"Grudzie\u0144 1981: Historia i Pami\u0119\u0107\" \/>\n<meta property=\"article:published_time\" content=\"2024-10-14T15:02:04+00:00\" \/>\n<meta property=\"article:modified_time\" content=\"2024-10-14T15:03:40+00:00\" \/>\n<meta property=\"og:image\" content=\"https:\/\/pamiec81.pl\/wp-content\/uploads\/2024\/10\/shutterstock_1146067166-e1728911665947.jpg\" \/>\n\t<meta property=\"og:image:width\" content=\"1000\" \/>\n\t<meta property=\"og:image:height\" content=\"600\" \/>\n\t<meta property=\"og:image:type\" content=\"image\/jpeg\" \/>\n<meta name=\"author\" content=\"pamiec81\" \/>\n<meta name=\"twitter:card\" content=\"summary_large_image\" \/>\n<meta name=\"twitter:label1\" content=\"Napisane przez\" \/>\n\t<meta name=\"twitter:data1\" content=\"pamiec81\" \/>\n\t<meta name=\"twitter:label2\" content=\"Szacowany czas czytania\" \/>\n\t<meta name=\"twitter:data2\" content=\"6 minut\" \/>\n<script type=\"application\/ld+json\" class=\"yoast-schema-graph\">{\"@context\":\"https:\\\/\\\/schema.org\",\"@graph\":[{\"@type\":\"Article\",\"@id\":\"https:\\\/\\\/pamiec81.pl\\\/index.php\\\/cenzura-i-kontrola-mediow-jak-wladze-prl-kontrolowaly-media\\\/#article\",\"isPartOf\":{\"@id\":\"https:\\\/\\\/pamiec81.pl\\\/index.php\\\/cenzura-i-kontrola-mediow-jak-wladze-prl-kontrolowaly-media\\\/\"},\"author\":{\"name\":\"pamiec81\",\"@id\":\"https:\\\/\\\/pamiec81.pl\\\/#\\\/schema\\\/person\\\/47024abcf028b8fcf0ddfcf373c4c57e\"},\"headline\":\"Cenzura i kontrola medi\u00f3w \u2013 Jak w\u0142adze PRL kontrolowa\u0142y media\",\"datePublished\":\"2024-10-14T15:02:04+00:00\",\"dateModified\":\"2024-10-14T15:03:40+00:00\",\"mainEntityOfPage\":{\"@id\":\"https:\\\/\\\/pamiec81.pl\\\/index.php\\\/cenzura-i-kontrola-mediow-jak-wladze-prl-kontrolowaly-media\\\/\"},\"wordCount\":1158,\"publisher\":{\"@id\":\"https:\\\/\\\/pamiec81.pl\\\/#organization\"},\"image\":{\"@id\":\"https:\\\/\\\/pamiec81.pl\\\/index.php\\\/cenzura-i-kontrola-mediow-jak-wladze-prl-kontrolowaly-media\\\/#primaryimage\"},\"thumbnailUrl\":\"https:\\\/\\\/pamiec81.pl\\\/wp-content\\\/uploads\\\/2024\\\/10\\\/shutterstock_1146067166-e1728911665947.jpg\",\"articleSection\":[\"MEDIA I LITERATURA\"],\"inLanguage\":\"pl-PL\"},{\"@type\":\"WebPage\",\"@id\":\"https:\\\/\\\/pamiec81.pl\\\/index.php\\\/cenzura-i-kontrola-mediow-jak-wladze-prl-kontrolowaly-media\\\/\",\"url\":\"https:\\\/\\\/pamiec81.pl\\\/index.php\\\/cenzura-i-kontrola-mediow-jak-wladze-prl-kontrolowaly-media\\\/\",\"name\":\"Cenzura i kontrola medi\u00f3w \u2013 Jak w\u0142adze PRL kontrolowa\u0142y media - Grudzie\u0144 1981: Historia i Pami\u0119\u0107\",\"isPartOf\":{\"@id\":\"https:\\\/\\\/pamiec81.pl\\\/#website\"},\"primaryImageOfPage\":{\"@id\":\"https:\\\/\\\/pamiec81.pl\\\/index.php\\\/cenzura-i-kontrola-mediow-jak-wladze-prl-kontrolowaly-media\\\/#primaryimage\"},\"image\":{\"@id\":\"https:\\\/\\\/pamiec81.pl\\\/index.php\\\/cenzura-i-kontrola-mediow-jak-wladze-prl-kontrolowaly-media\\\/#primaryimage\"},\"thumbnailUrl\":\"https:\\\/\\\/pamiec81.pl\\\/wp-content\\\/uploads\\\/2024\\\/10\\\/shutterstock_1146067166-e1728911665947.jpg\",\"datePublished\":\"2024-10-14T15:02:04+00:00\",\"dateModified\":\"2024-10-14T15:03:40+00:00\",\"breadcrumb\":{\"@id\":\"https:\\\/\\\/pamiec81.pl\\\/index.php\\\/cenzura-i-kontrola-mediow-jak-wladze-prl-kontrolowaly-media\\\/#breadcrumb\"},\"inLanguage\":\"pl-PL\",\"potentialAction\":[{\"@type\":\"ReadAction\",\"target\":[\"https:\\\/\\\/pamiec81.pl\\\/index.php\\\/cenzura-i-kontrola-mediow-jak-wladze-prl-kontrolowaly-media\\\/\"]}]},{\"@type\":\"ImageObject\",\"inLanguage\":\"pl-PL\",\"@id\":\"https:\\\/\\\/pamiec81.pl\\\/index.php\\\/cenzura-i-kontrola-mediow-jak-wladze-prl-kontrolowaly-media\\\/#primaryimage\",\"url\":\"https:\\\/\\\/pamiec81.pl\\\/wp-content\\\/uploads\\\/2024\\\/10\\\/shutterstock_1146067166-e1728911665947.jpg\",\"contentUrl\":\"https:\\\/\\\/pamiec81.pl\\\/wp-content\\\/uploads\\\/2024\\\/10\\\/shutterstock_1146067166-e1728911665947.jpg\",\"width\":1000,\"height\":600,\"caption\":\"Solidarno\u015b\u0107\"},{\"@type\":\"BreadcrumbList\",\"@id\":\"https:\\\/\\\/pamiec81.pl\\\/index.php\\\/cenzura-i-kontrola-mediow-jak-wladze-prl-kontrolowaly-media\\\/#breadcrumb\",\"itemListElement\":[{\"@type\":\"ListItem\",\"position\":1,\"name\":\"Strona g\u0142\u00f3wna\",\"item\":\"https:\\\/\\\/pamiec81.pl\\\/\"},{\"@type\":\"ListItem\",\"position\":2,\"name\":\"Cenzura i kontrola medi\u00f3w \u2013 Jak w\u0142adze PRL kontrolowa\u0142y media\"}]},{\"@type\":\"WebSite\",\"@id\":\"https:\\\/\\\/pamiec81.pl\\\/#website\",\"url\":\"https:\\\/\\\/pamiec81.pl\\\/\",\"name\":\"Grudzie\u0144 1981: Historia i Pami\u0119\u0107\",\"description\":\"Upami\u0119tnijmy stan wojenny grudnia 1981. Razem odkrywajmy histori\u0119, dzielmy si\u0119 wspomnieniami i refleksjami o walce o wolno\u015b\u0107 i prawd\u0119.\",\"publisher\":{\"@id\":\"https:\\\/\\\/pamiec81.pl\\\/#organization\"},\"potentialAction\":[{\"@type\":\"SearchAction\",\"target\":{\"@type\":\"EntryPoint\",\"urlTemplate\":\"https:\\\/\\\/pamiec81.pl\\\/?s={search_term_string}\"},\"query-input\":{\"@type\":\"PropertyValueSpecification\",\"valueRequired\":true,\"valueName\":\"search_term_string\"}}],\"inLanguage\":\"pl-PL\"},{\"@type\":\"Organization\",\"@id\":\"https:\\\/\\\/pamiec81.pl\\\/#organization\",\"name\":\"Grudzie\u0144 1981: Historia i Pami\u0119\u0107\",\"url\":\"https:\\\/\\\/pamiec81.pl\\\/\",\"logo\":{\"@type\":\"ImageObject\",\"inLanguage\":\"pl-PL\",\"@id\":\"https:\\\/\\\/pamiec81.pl\\\/#\\\/schema\\\/logo\\\/image\\\/\",\"url\":\"https:\\\/\\\/pamiec81.pl\\\/wp-content\\\/uploads\\\/2024\\\/10\\\/polskiemorsy.net__3_-removebg-preview.png\",\"contentUrl\":\"https:\\\/\\\/pamiec81.pl\\\/wp-content\\\/uploads\\\/2024\\\/10\\\/polskiemorsy.net__3_-removebg-preview.png\",\"width\":300,\"height\":100,\"caption\":\"Grudzie\u0144 1981: Historia i Pami\u0119\u0107\"},\"image\":{\"@id\":\"https:\\\/\\\/pamiec81.pl\\\/#\\\/schema\\\/logo\\\/image\\\/\"}},{\"@type\":\"Person\",\"@id\":\"https:\\\/\\\/pamiec81.pl\\\/#\\\/schema\\\/person\\\/47024abcf028b8fcf0ddfcf373c4c57e\",\"name\":\"pamiec81\",\"image\":{\"@type\":\"ImageObject\",\"inLanguage\":\"pl-PL\",\"@id\":\"https:\\\/\\\/secure.gravatar.com\\\/avatar\\\/8c6c8a6ddc98c0d8c18a4a687166a69e5fdbc0475752245205a512500cb18d08?s=96&d=mm&r=g\",\"url\":\"https:\\\/\\\/secure.gravatar.com\\\/avatar\\\/8c6c8a6ddc98c0d8c18a4a687166a69e5fdbc0475752245205a512500cb18d08?s=96&d=mm&r=g\",\"contentUrl\":\"https:\\\/\\\/secure.gravatar.com\\\/avatar\\\/8c6c8a6ddc98c0d8c18a4a687166a69e5fdbc0475752245205a512500cb18d08?s=96&d=mm&r=g\",\"caption\":\"pamiec81\"},\"sameAs\":[\"https:\\\/\\\/pamiec81.pl\"],\"url\":\"https:\\\/\\\/pamiec81.pl\\\/index.php\\\/author\\\/pamiec\\\/\"}]}<\/script>\n<!-- \/ Yoast SEO plugin. -->","yoast_head_json":{"title":"Cenzura i kontrola medi\u00f3w \u2013 Jak w\u0142adze PRL kontrolowa\u0142y media - Grudzie\u0144 1981: Historia i Pami\u0119\u0107","robots":{"index":"index","follow":"follow","max-snippet":"max-snippet:-1","max-image-preview":"max-image-preview:large","max-video-preview":"max-video-preview:-1"},"canonical":"https:\/\/pamiec81.pl\/index.php\/cenzura-i-kontrola-mediow-jak-wladze-prl-kontrolowaly-media\/","og_locale":"pl_PL","og_type":"article","og_title":"Cenzura i kontrola medi\u00f3w \u2013 Jak w\u0142adze PRL kontrolowa\u0142y media - Grudzie\u0144 1981: Historia i Pami\u0119\u0107","og_description":"Cenzura i kontrola medi\u00f3w w Polsce Ludowej by\u0142a wszechobecna i mia\u0142a na celu kontrolowanie tre\u015bci pojawiaj\u0105cych si\u0119 w prasie, radiu i telewizji. Aparat cenzury dzia\u0142aj\u0105cy na zlecenie w\u0142adz PRL skutecznie eliminowa\u0142 informacje niepo\u017c\u0105dane i utrwala\u0142 przekazy maj\u0105ce na celu podtrzymanie systemu komunistycznego. Jednak\u017ce wiele os\u00f3b nie zgadza\u0142o si\u0119 z tym stanem rzeczy i podejmowa\u0142o r\u00f3\u017cnorodne...","og_url":"https:\/\/pamiec81.pl\/index.php\/cenzura-i-kontrola-mediow-jak-wladze-prl-kontrolowaly-media\/","og_site_name":"Grudzie\u0144 1981: Historia i Pami\u0119\u0107","article_published_time":"2024-10-14T15:02:04+00:00","article_modified_time":"2024-10-14T15:03:40+00:00","og_image":[{"width":1000,"height":600,"url":"https:\/\/pamiec81.pl\/wp-content\/uploads\/2024\/10\/shutterstock_1146067166-e1728911665947.jpg","type":"image\/jpeg"}],"author":"pamiec81","twitter_card":"summary_large_image","twitter_misc":{"Napisane przez":"pamiec81","Szacowany czas czytania":"6 minut"},"schema":{"@context":"https:\/\/schema.org","@graph":[{"@type":"Article","@id":"https:\/\/pamiec81.pl\/index.php\/cenzura-i-kontrola-mediow-jak-wladze-prl-kontrolowaly-media\/#article","isPartOf":{"@id":"https:\/\/pamiec81.pl\/index.php\/cenzura-i-kontrola-mediow-jak-wladze-prl-kontrolowaly-media\/"},"author":{"name":"pamiec81","@id":"https:\/\/pamiec81.pl\/#\/schema\/person\/47024abcf028b8fcf0ddfcf373c4c57e"},"headline":"Cenzura i kontrola medi\u00f3w \u2013 Jak w\u0142adze PRL kontrolowa\u0142y media","datePublished":"2024-10-14T15:02:04+00:00","dateModified":"2024-10-14T15:03:40+00:00","mainEntityOfPage":{"@id":"https:\/\/pamiec81.pl\/index.php\/cenzura-i-kontrola-mediow-jak-wladze-prl-kontrolowaly-media\/"},"wordCount":1158,"publisher":{"@id":"https:\/\/pamiec81.pl\/#organization"},"image":{"@id":"https:\/\/pamiec81.pl\/index.php\/cenzura-i-kontrola-mediow-jak-wladze-prl-kontrolowaly-media\/#primaryimage"},"thumbnailUrl":"https:\/\/pamiec81.pl\/wp-content\/uploads\/2024\/10\/shutterstock_1146067166-e1728911665947.jpg","articleSection":["MEDIA I LITERATURA"],"inLanguage":"pl-PL"},{"@type":"WebPage","@id":"https:\/\/pamiec81.pl\/index.php\/cenzura-i-kontrola-mediow-jak-wladze-prl-kontrolowaly-media\/","url":"https:\/\/pamiec81.pl\/index.php\/cenzura-i-kontrola-mediow-jak-wladze-prl-kontrolowaly-media\/","name":"Cenzura i kontrola medi\u00f3w \u2013 Jak w\u0142adze PRL kontrolowa\u0142y media - Grudzie\u0144 1981: Historia i Pami\u0119\u0107","isPartOf":{"@id":"https:\/\/pamiec81.pl\/#website"},"primaryImageOfPage":{"@id":"https:\/\/pamiec81.pl\/index.php\/cenzura-i-kontrola-mediow-jak-wladze-prl-kontrolowaly-media\/#primaryimage"},"image":{"@id":"https:\/\/pamiec81.pl\/index.php\/cenzura-i-kontrola-mediow-jak-wladze-prl-kontrolowaly-media\/#primaryimage"},"thumbnailUrl":"https:\/\/pamiec81.pl\/wp-content\/uploads\/2024\/10\/shutterstock_1146067166-e1728911665947.jpg","datePublished":"2024-10-14T15:02:04+00:00","dateModified":"2024-10-14T15:03:40+00:00","breadcrumb":{"@id":"https:\/\/pamiec81.pl\/index.php\/cenzura-i-kontrola-mediow-jak-wladze-prl-kontrolowaly-media\/#breadcrumb"},"inLanguage":"pl-PL","potentialAction":[{"@type":"ReadAction","target":["https:\/\/pamiec81.pl\/index.php\/cenzura-i-kontrola-mediow-jak-wladze-prl-kontrolowaly-media\/"]}]},{"@type":"ImageObject","inLanguage":"pl-PL","@id":"https:\/\/pamiec81.pl\/index.php\/cenzura-i-kontrola-mediow-jak-wladze-prl-kontrolowaly-media\/#primaryimage","url":"https:\/\/pamiec81.pl\/wp-content\/uploads\/2024\/10\/shutterstock_1146067166-e1728911665947.jpg","contentUrl":"https:\/\/pamiec81.pl\/wp-content\/uploads\/2024\/10\/shutterstock_1146067166-e1728911665947.jpg","width":1000,"height":600,"caption":"Solidarno\u015b\u0107"},{"@type":"BreadcrumbList","@id":"https:\/\/pamiec81.pl\/index.php\/cenzura-i-kontrola-mediow-jak-wladze-prl-kontrolowaly-media\/#breadcrumb","itemListElement":[{"@type":"ListItem","position":1,"name":"Strona g\u0142\u00f3wna","item":"https:\/\/pamiec81.pl\/"},{"@type":"ListItem","position":2,"name":"Cenzura i kontrola medi\u00f3w \u2013 Jak w\u0142adze PRL kontrolowa\u0142y media"}]},{"@type":"WebSite","@id":"https:\/\/pamiec81.pl\/#website","url":"https:\/\/pamiec81.pl\/","name":"Grudzie\u0144 1981: Historia i Pami\u0119\u0107","description":"Upami\u0119tnijmy stan wojenny grudnia 1981. Razem odkrywajmy histori\u0119, dzielmy si\u0119 wspomnieniami i refleksjami o walce o wolno\u015b\u0107 i prawd\u0119.","publisher":{"@id":"https:\/\/pamiec81.pl\/#organization"},"potentialAction":[{"@type":"SearchAction","target":{"@type":"EntryPoint","urlTemplate":"https:\/\/pamiec81.pl\/?s={search_term_string}"},"query-input":{"@type":"PropertyValueSpecification","valueRequired":true,"valueName":"search_term_string"}}],"inLanguage":"pl-PL"},{"@type":"Organization","@id":"https:\/\/pamiec81.pl\/#organization","name":"Grudzie\u0144 1981: Historia i Pami\u0119\u0107","url":"https:\/\/pamiec81.pl\/","logo":{"@type":"ImageObject","inLanguage":"pl-PL","@id":"https:\/\/pamiec81.pl\/#\/schema\/logo\/image\/","url":"https:\/\/pamiec81.pl\/wp-content\/uploads\/2024\/10\/polskiemorsy.net__3_-removebg-preview.png","contentUrl":"https:\/\/pamiec81.pl\/wp-content\/uploads\/2024\/10\/polskiemorsy.net__3_-removebg-preview.png","width":300,"height":100,"caption":"Grudzie\u0144 1981: Historia i Pami\u0119\u0107"},"image":{"@id":"https:\/\/pamiec81.pl\/#\/schema\/logo\/image\/"}},{"@type":"Person","@id":"https:\/\/pamiec81.pl\/#\/schema\/person\/47024abcf028b8fcf0ddfcf373c4c57e","name":"pamiec81","image":{"@type":"ImageObject","inLanguage":"pl-PL","@id":"https:\/\/secure.gravatar.com\/avatar\/8c6c8a6ddc98c0d8c18a4a687166a69e5fdbc0475752245205a512500cb18d08?s=96&d=mm&r=g","url":"https:\/\/secure.gravatar.com\/avatar\/8c6c8a6ddc98c0d8c18a4a687166a69e5fdbc0475752245205a512500cb18d08?s=96&d=mm&r=g","contentUrl":"https:\/\/secure.gravatar.com\/avatar\/8c6c8a6ddc98c0d8c18a4a687166a69e5fdbc0475752245205a512500cb18d08?s=96&d=mm&r=g","caption":"pamiec81"},"sameAs":["https:\/\/pamiec81.pl"],"url":"https:\/\/pamiec81.pl\/index.php\/author\/pamiec\/"}]}},"_links":{"self":[{"href":"https:\/\/pamiec81.pl\/index.php\/wp-json\/wp\/v2\/posts\/1488","targetHints":{"allow":["GET"]}}],"collection":[{"href":"https:\/\/pamiec81.pl\/index.php\/wp-json\/wp\/v2\/posts"}],"about":[{"href":"https:\/\/pamiec81.pl\/index.php\/wp-json\/wp\/v2\/types\/post"}],"author":[{"embeddable":true,"href":"https:\/\/pamiec81.pl\/index.php\/wp-json\/wp\/v2\/users\/1"}],"replies":[{"embeddable":true,"href":"https:\/\/pamiec81.pl\/index.php\/wp-json\/wp\/v2\/comments?post=1488"}],"version-history":[{"count":2,"href":"https:\/\/pamiec81.pl\/index.php\/wp-json\/wp\/v2\/posts\/1488\/revisions"}],"predecessor-version":[{"id":1496,"href":"https:\/\/pamiec81.pl\/index.php\/wp-json\/wp\/v2\/posts\/1488\/revisions\/1496"}],"wp:featuredmedia":[{"embeddable":true,"href":"https:\/\/pamiec81.pl\/index.php\/wp-json\/wp\/v2\/media\/1370"}],"wp:attachment":[{"href":"https:\/\/pamiec81.pl\/index.php\/wp-json\/wp\/v2\/media?parent=1488"}],"wp:term":[{"taxonomy":"category","embeddable":true,"href":"https:\/\/pamiec81.pl\/index.php\/wp-json\/wp\/v2\/categories?post=1488"},{"taxonomy":"post_tag","embeddable":true,"href":"https:\/\/pamiec81.pl\/index.php\/wp-json\/wp\/v2\/tags?post=1488"}],"curies":[{"name":"wp","href":"https:\/\/api.w.org\/{rel}","templated":true}]}}