{"id":1467,"date":"2024-10-14T14:56:09","date_gmt":"2024-10-14T14:56:09","guid":{"rendered":"https:\/\/pamiec81.pl\/index.php\/zycie-w-oporze-wspomnienia-dzialaczy-podziemia-relacje-ludzi-zaangazowanych-w-podziemna-dzialalnosc-opozycyjna\/"},"modified":"2024-10-14T15:02:18","modified_gmt":"2024-10-14T15:02:18","slug":"zycie-w-oporze-wspomnienia-dzialaczy-podziemia","status":"publish","type":"post","link":"https:\/\/pamiec81.pl\/index.php\/zycie-w-oporze-wspomnienia-dzialaczy-podziemia\/","title":{"rendered":"\u017bycie w oporze \u2013 wspomnienia dzia\u0142aczy podziemia"},"content":{"rendered":"<p><strong>\u017bycie w oporze to temat, kt\u00f3ry fascynuje i budzi ogromne emocje. Wspomnienia dzia\u0142aczy podziemia s\u0105 nie tylko \u015bwiadectwem heroizmu, lecz r\u00f3wnie\u017c przypomnieniem trudnych czas\u00f3w, kiedy to codzienne \u017cycie by\u0142o splecione z nieustannym ryzykiem. Poni\u017cszy artyku\u0142 przybli\u017cy relacje os\u00f3b zaanga\u017cowanych w podziemn\u0105 dzia\u0142alno\u015b\u0107 opozycyjn\u0105, pokazuj\u0105c ich codzienno\u015b\u0107, motywacje oraz walk\u0119 o wolno\u015b\u0107.<\/strong><\/p>\n<h2><strong>T\u0142o historyczne oporu w Polsce<\/strong><\/h2>\n<h3 id=\"powstanie-podziemia\">Powstanie podziemia<\/h3>\n<p>Polskie podziemie zrodzi\u0142o si\u0119 w wyniku dzia\u0142a\u0144 komunistycznych w\u0142adz, kt\u00f3re surowo t\u0142umi\u0142y wszelkie formy opozycji. Po zako\u0144czeniu II wojny \u015bwiatowej, Polska znalaz\u0142a si\u0119 pod wp\u0142ywem Zwi\u0105zku Radzieckiego, co wp\u0142yn\u0119\u0142o na polityk\u0119 kraju. W odpowiedzi na represje, wielu Polak\u00f3w zadecydowa\u0142o o wej\u015bciu do podziemia, gdzie prowadzili dzia\u0142ania maj\u0105ce na celu walk\u0119 o niepodleg\u0142o\u015b\u0107 i wolno\u015b\u0107 s\u0142owa. <strong>Dzia\u0142ania te by\u0142y niejednokrotnie niebezpieczne i wymagaj\u0105ce niezwyk\u0142ej odwagi.<\/strong><\/p>\n<h3 id=\"g\u0142\u00f3wne-organizacje-opozycyjne\">G\u0142\u00f3wne organizacje opozycyjne<\/h3>\n<p>Do najwa\u017cniejszych organizacji opozycyjnych nale\u017ca\u0142y m.in.: Solidarno\u015b\u0107, Ruch Obrony Praw Cz\u0142owieka i Obywatela (ROPCiO) oraz Konfederacja Polski Niepodleg\u0142ej (KPN). Organizacje te, pomimo r\u00f3\u017cnorodno\u015bci cel\u00f3w i metod dzia\u0142ania, \u0142\u0105czy\u0142a jedna wsp\u00f3lna misja \u2013 d\u0105\u017cenie do uwolnienia Polski spod jarzma komunizmu.<\/p>\n<h2><strong>Codzienno\u015b\u0107 dzia\u0142aczy podziemia<\/strong><\/h2>\n<h3 id=\"ukrywanie-dzia\u0142alno\u015bci\">Ukrywanie dzia\u0142alno\u015bci<\/h3>\n<p>\u017bycie w podziemiu wymaga\u0142o skrupulatno\u015bci i ostro\u017cno\u015bci. Dzia\u0142acze musieli <strong>ukrywa\u0107 swoj\u0105 dzia\u0142alno\u015b\u0107 przed w\u0142adz\u0105 i cz\u0119sto nawet przed w\u0142asnymi rodzinami<\/strong>. Stosowali liczne metody kamufla\u017cu, takie jak fa\u0142szowanie dokument\u00f3w, u\u017cywanie pseudonim\u00f3w czy zaszywanie si\u0119 w tajnych miejscach.<\/p>\n<h3 id=\"ryzyko-dzia\u0142a\u0144\">Ryzyko dzia\u0142a\u0144<\/h3>\n<p>Ka\u017cda akcja podziemia by\u0142a obarczona ogromnym ryzykiem. Dzia\u0142acze byli \u015bwiadomi, \u017ce wpadka mog\u0142a oznacza\u0107 aresztowanie, tortury, a nawet \u015bmier\u0107. <strong>Wielu z nich ponios\u0142o najwy\u017csz\u0105 cen\u0119 za swoje przekonania<\/strong>, lecz to w\u0142a\u015bnie ich po\u015bwi\u0119cenie sta\u0142o si\u0119 fundamentem p\u00f3\u017aniejszej wolno\u015bci Polski.<\/p>\n<h2><strong>Motywacje i przekonania dzia\u0142aczy<\/strong><\/h2>\n<h3 id=\"g\u0142\u00f3wne-powody-zaanga\u017cowania\">G\u0142\u00f3wne powody zaanga\u017cowania<\/h3>\n<p>G\u0142\u00f3wne motywacje do w\u0142\u0105czenia si\u0119 w dzia\u0142alno\u015b\u0107 opozycyjn\u0105 wynika\u0142y z patriotyzmu, pragnienia niezale\u017cno\u015bci oraz potrzeby obrony podstawowych praw cz\u0142owieka. <strong>Wielu dzia\u0142aczy wierzy\u0142o, \u017ce ich dzia\u0142ania przyczyni\u0105 si\u0119 do zmiany systemu i poprawy \u017cycia przysz\u0142ych pokole\u0144<\/strong>. Nierzadko r\u00f3wnie\u017c osobiste do\u015bwiadczenia, takie jak represje doznane ze strony w\u0142adzy, by\u0142y decyduj\u0105cym bod\u017acem do podj\u0119cia dzia\u0142alno\u015bci opozycyjnej.<\/p>\n<h3 id=\"wytrwa\u0142o\u015b\u0107-i-determinacja\">Wytrwa\u0142o\u015b\u0107 i determinacja<\/h3>\n<p>Pomimo licznych przeciwno\u015bci, dzia\u0142acze podziemia wykazywali si\u0119 niesamowit\u0105 wytrwa\u0142o\u015bci\u0105 i determinacj\u0105. <strong>Ich niestrudzone d\u0105\u017cenie do osi\u0105gni\u0119cia celu<\/strong>, mimo niebezpiecze\u0144stw i trudno\u015bci, stanowi\u0142o przyk\u0142ad niezwyk\u0142ego heroizmu i po\u015bwi\u0119cenia. Praca ta cz\u0119sto zwi\u0105zana by\u0142a z dzia\u0142aniami konspiracyjnymi, organizacj\u0105 strajk\u00f3w oraz dystrybucj\u0105 nielegalnych materia\u0142\u00f3w.<\/p>\n<h2><strong>Formy dzia\u0142alno\u015bci podziemnej<\/strong><\/h2>\n<h3 id=\"prasa-podziemna\">Prasa podziemna<\/h3>\n<p>Jednym z kluczowych element\u00f3w dzia\u0142alno\u015bci podziemnej by\u0142a <strong>prasa niezale\u017cna<\/strong>, kt\u00f3ra stanowi\u0142a g\u0142\u00f3wne \u017ar\u00f3d\u0142o informacji na temat reali\u00f3w \u017cycia w Polsce oraz dzia\u0142alno\u015bci opozycyjnej. Dzi\u0119ki niej dzia\u0142acze mogli przekazywa\u0107 ludziom prawdziwe wiadomo\u015bci, omijaj\u0105c cenzur\u0119. Dystrybucja tych materia\u0142\u00f3w by\u0142a \u015bci\u015ble tajna i wymaga\u0142a ogromnej ostro\u017cno\u015bci.<\/p>\n<h3 id=\"akcje-protestacyjne\">Akcje protestacyjne<\/h3>\n<p>Akcje protestacyjne by\u0142y inn\u0105 form\u0105 wyrazu sprzeciwu wobec w\u0142adzy. Strajki, demonstracje oraz happeningi organizowane przez dzia\u0142aczy podziemia mia\u0142y na celu zwr\u00f3cenie uwagi spo\u0142ecze\u0144stwa oraz mi\u0119dzynarodowej opinii publicznej na sytuacj\u0119 w Polsce. <strong>Ka\u017cda taka akcja by\u0142a ryzykownym przedsi\u0119wzi\u0119ciem, kt\u00f3re cz\u0119sto ko\u0144czy\u0142o si\u0119 interwencj\u0105 milicji i aresztowaniami<\/strong>.<\/p>\n<h3 id=\"przemyt-i-dystrybucja-materia\u0142\u00f3w\">Przemyt i dystrybucja materia\u0142\u00f3w<\/h3>\n<p>Opozycjoni\u015bci zajmowali si\u0119 tak\u017ce przemytem i dystrybucj\u0105 materia\u0142\u00f3w propagandowych oraz sprz\u0119tu potrzebnego do prowadzenia dzia\u0142alno\u015bci konspiracyjnej. By\u0142y to m.in. ulotki, broszury, sprz\u0119t drukarski oraz cz\u0119\u015bci do maszyn do pisania. <strong>Cz\u0119sto ryzykowali swoje \u017cycie, aby dostarczy\u0107 te materia\u0142y do odizolowanych grup oporu w r\u00f3\u017cnych cz\u0119\u015bciach Polski<\/strong>.<\/p>\n<h2><strong>Wp\u0142yw dzia\u0142alno\u015bci podziemnej na spo\u0142ecze\u0144stwo<\/strong><\/h2>\n<h3 id=\"budowanie-\u015bwiadomo\u015bci-spo\u0142ecznej\">Budowanie \u015bwiadomo\u015bci spo\u0142ecznej<\/h3>\n<p>Dzia\u0142alno\u015b\u0107 podziemna odegra\u0142a ogromn\u0105 rol\u0119 w kszta\u0142towaniu \u015bwiadomo\u015bci spo\u0142ecznej. Dzi\u0119ki niej Polacy stawali si\u0119 coraz bardziej \u015bwiadomi prawdziwych intencji w\u0142adzy komunistycznej oraz globalnych reali\u00f3w politycznych. <strong>U\u015bwiadamianie spo\u0142ecze\u0144stwa by\u0142o kluczowym elementem w walce o odzyskanie niezale\u017cno\u015bci<\/strong>.<\/p>\n<h3 id=\"ruchy-spo\u0142eczne-i-ich-wsparcie\">Ruchy spo\u0142eczne i ich wsparcie<\/h3>\n<p>Wa\u017cnym aspektem by\u0142a r\u00f3wnie\u017c mobilizacja spo\u0142ecze\u0144stwa do dzia\u0142ania. Przyk\u0142ady heroizmu i po\u015bwi\u0119cenia dzia\u0142aczy podziemia inspirowa\u0142y innych do w\u0142\u0105czania si\u0119 w dzia\u0142ania opozycyjne. <strong>Solidarno\u015b\u0107, jako jedno z najwa\u017cniejszych ruch\u00f3w spo\u0142ecznych tamtych czas\u00f3w, zdobywa\u0142a coraz wi\u0119ksze poparcie w\u0142a\u015bnie dzi\u0119ki dzia\u0142alno\u015bci konspiracyjnej<\/strong>.<\/p>\n<h2><strong>Relacje uczestnik\u00f3w podziemia<\/strong><\/h2>\n<h3 id=\"wspomnienia-i-wywiady\">Wspomnienia i wywiady<\/h3>\n<p>Relacje dzia\u0142aczy podziemia s\u0105 nieocenionym \u015bwiadectwem tamtych czas\u00f3w. Wiele z tych historii zosta\u0142o spisanych w formie wspomnie\u0144 i wywiad\u00f3w, kt\u00f3re stanowi\u0105 cenny materia\u0142 historyczny. <strong>Wielu z nich, mimo up\u0142ywu lat, nadal \u017cywo pami\u0119ta tamte wydarzenia i ch\u0119tnie dzieli si\u0119 swoimi do\u015bwiadczeniami<\/strong>.<\/p>\n<h3 id=\"si\u0142a-wsp\u00f3lnoty\">Si\u0142a wsp\u00f3lnoty<\/h3>\n<p>Pomimo trudnych warunk\u00f3w, w jakich przysz\u0142o im dzia\u0142a\u0107, uczestnicy podziemia tworzyli siln\u0105 i zgran\u0105 wsp\u00f3lnot\u0119. <strong>Wsp\u00f3lne cele oraz duch solidarno\u015bci sprawia\u0142y, \u017ce dzia\u0142acze czuli si\u0119 cz\u0119\u015bci\u0105 czego\u015b wi\u0119kszego<\/strong>. Wzajemne wsparcie by\u0142o nieocenione, zw\u0142aszcza w chwilach kryzysu i zagro\u017cenia.<\/p>\n<h2><strong>Dziedzictwo i znaczenie dla wsp\u00f3\u0142czesno\u015bci<\/strong><\/h2>\n<h3 id=\"wp\u0142yw-na-polsk\u0105-histori\u0119\">Wp\u0142yw na polsk\u0105 histori\u0119<\/h3>\n<p>Dzia\u0142alno\u015b\u0107 podziemna mia\u0142a kluczowy wp\u0142yw na rozw\u00f3j sytuacji politycznej w Polsce. To dzi\u0119ki niej mo\u017cliwe sta\u0142o si\u0119 odrodzenie pa\u0144stwa polskiego i odzyskanie pe\u0142nej suwerenno\u015bci. <strong>Dzi\u015b patrzymy z dum\u0105 na osoby, kt\u00f3re by\u0142y gotowe po\u015bwi\u0119ci\u0107 swoje \u017cycie dla dobra narodu<\/strong>.<\/p>\n<h3 id=\"lekcje-na-przysz\u0142o\u015b\u0107\">Lekcje na przysz\u0142o\u015b\u0107<\/h3>\n<p>Historia polskiego podziemia dostarcza cennych lekcji na przysz\u0142o\u015b\u0107. Uczy nas odwagi, determinacji oraz konieczno\u015bci walki o swoje prawa i wolno\u015b\u0107. <strong>Warto\u015b\u0107 tych do\u015bwiadcze\u0144 jest nieoceniona i powinna by\u0107 przekazywana kolejnym pokoleniom jako przyk\u0142ad niez\u0142omnej si\u0142y ducha<\/strong>.<\/p>\n<p>Dzi\u0119ki powy\u017cszemu artyku\u0142owi czytelnik ma mo\u017cliwo\u015b\u0107 zrozumienia, jak trudne i niebezpieczne by\u0142o \u017cycie w podziemiu oraz jakie motywy kierowa\u0142y osobami zaanga\u017cowanymi w dzia\u0142alno\u015b\u0107 opozycyjn\u0105. Dzia\u0142acze podziemia, mimo licznych przeciwno\u015bci, odegrali kluczow\u0105 rol\u0119 w walce o wolno\u015b\u0107 i niepodleg\u0142o\u015b\u0107 Polski. Chen wrogo\u015b\u0107 i niepewno\u015b\u0107, ich niez\u0142omna postawa i po\u015bwi\u0119cenie buduj\u0105 fundamenty dla przysz\u0142ych pokole\u0144.<\/p>\n","protected":false},"excerpt":{"rendered":"<p>\u017bycie w oporze to temat, kt\u00f3ry fascynuje i budzi ogromne emocje. Wspomnienia dzia\u0142aczy podziemia s\u0105 nie tylko \u015bwiadectwem heroizmu, lecz r\u00f3wnie\u017c przypomnieniem trudnych czas\u00f3w, kiedy to codzienne \u017cycie by\u0142o splecione z nieustannym ryzykiem. Poni\u017cszy artyku\u0142 przybli\u017cy relacje os\u00f3b zaanga\u017cowanych w podziemn\u0105 dzia\u0142alno\u015b\u0107 opozycyjn\u0105, pokazuj\u0105c ich codzienno\u015b\u0107, motywacje oraz walk\u0119 o wolno\u015b\u0107. T\u0142o historyczne oporu w&#8230;<\/p>\n","protected":false},"author":1,"featured_media":1363,"comment_status":"closed","ping_status":"","sticky":false,"template":"","format":"standard","meta":{"_kadence_starter_templates_imported_post":false,"_kad_post_transparent":"","_kad_post_title":"","_kad_post_layout":"","_kad_post_sidebar_id":"","_kad_post_content_style":"","_kad_post_vertical_padding":"","_kad_post_feature":"","_kad_post_feature_position":"","_kad_post_header":false,"_kad_post_footer":false,"_kad_post_classname":"","footnotes":""},"categories":[14],"tags":[],"class_list":["post-1467","post","type-post","status-publish","format-standard","has-post-thumbnail","hentry","category-historia"],"yoast_head":"<!-- This site is optimized with the Yoast SEO plugin v27.5 - https:\/\/yoast.com\/product\/yoast-seo-wordpress\/ -->\n<title>\u017bycie w oporze \u2013 wspomnienia dzia\u0142aczy podziemia - Grudzie\u0144 1981: Historia i Pami\u0119\u0107<\/title>\n<meta name=\"robots\" content=\"index, follow, max-snippet:-1, max-image-preview:large, max-video-preview:-1\" \/>\n<link rel=\"canonical\" href=\"https:\/\/pamiec81.pl\/index.php\/zycie-w-oporze-wspomnienia-dzialaczy-podziemia\/\" \/>\n<meta property=\"og:locale\" content=\"pl_PL\" \/>\n<meta property=\"og:type\" content=\"article\" \/>\n<meta property=\"og:title\" content=\"\u017bycie w oporze \u2013 wspomnienia dzia\u0142aczy podziemia - Grudzie\u0144 1981: Historia i Pami\u0119\u0107\" \/>\n<meta property=\"og:description\" content=\"\u017bycie w oporze to temat, kt\u00f3ry fascynuje i budzi ogromne emocje. Wspomnienia dzia\u0142aczy podziemia s\u0105 nie tylko \u015bwiadectwem heroizmu, lecz r\u00f3wnie\u017c przypomnieniem trudnych czas\u00f3w, kiedy to codzienne \u017cycie by\u0142o splecione z nieustannym ryzykiem. Poni\u017cszy artyku\u0142 przybli\u017cy relacje os\u00f3b zaanga\u017cowanych w podziemn\u0105 dzia\u0142alno\u015b\u0107 opozycyjn\u0105, pokazuj\u0105c ich codzienno\u015b\u0107, motywacje oraz walk\u0119 o wolno\u015b\u0107. T\u0142o historyczne oporu w...\" \/>\n<meta property=\"og:url\" content=\"https:\/\/pamiec81.pl\/index.php\/zycie-w-oporze-wspomnienia-dzialaczy-podziemia\/\" \/>\n<meta property=\"og:site_name\" content=\"Grudzie\u0144 1981: Historia i Pami\u0119\u0107\" \/>\n<meta property=\"article:published_time\" content=\"2024-10-14T14:56:09+00:00\" \/>\n<meta property=\"article:modified_time\" content=\"2024-10-14T15:02:18+00:00\" \/>\n<meta property=\"og:image\" content=\"https:\/\/pamiec81.pl\/wp-content\/uploads\/2024\/10\/shutterstock_54223744.jpg\" \/>\n\t<meta property=\"og:image:width\" content=\"1000\" \/>\n\t<meta property=\"og:image:height\" content=\"667\" \/>\n\t<meta property=\"og:image:type\" content=\"image\/jpeg\" \/>\n<meta name=\"author\" content=\"pamiec81\" \/>\n<meta name=\"twitter:card\" content=\"summary_large_image\" \/>\n<meta name=\"twitter:label1\" content=\"Napisane przez\" \/>\n\t<meta name=\"twitter:data1\" content=\"pamiec81\" \/>\n\t<meta name=\"twitter:label2\" content=\"Szacowany czas czytania\" \/>\n\t<meta name=\"twitter:data2\" content=\"5 minut\" \/>\n<script type=\"application\/ld+json\" class=\"yoast-schema-graph\">{\"@context\":\"https:\\\/\\\/schema.org\",\"@graph\":[{\"@type\":\"Article\",\"@id\":\"https:\\\/\\\/pamiec81.pl\\\/index.php\\\/zycie-w-oporze-wspomnienia-dzialaczy-podziemia\\\/#article\",\"isPartOf\":{\"@id\":\"https:\\\/\\\/pamiec81.pl\\\/index.php\\\/zycie-w-oporze-wspomnienia-dzialaczy-podziemia\\\/\"},\"author\":{\"name\":\"pamiec81\",\"@id\":\"https:\\\/\\\/pamiec81.pl\\\/#\\\/schema\\\/person\\\/47024abcf028b8fcf0ddfcf373c4c57e\"},\"headline\":\"\u017bycie w oporze \u2013 wspomnienia dzia\u0142aczy podziemia\",\"datePublished\":\"2024-10-14T14:56:09+00:00\",\"dateModified\":\"2024-10-14T15:02:18+00:00\",\"mainEntityOfPage\":{\"@id\":\"https:\\\/\\\/pamiec81.pl\\\/index.php\\\/zycie-w-oporze-wspomnienia-dzialaczy-podziemia\\\/\"},\"wordCount\":1104,\"publisher\":{\"@id\":\"https:\\\/\\\/pamiec81.pl\\\/#organization\"},\"image\":{\"@id\":\"https:\\\/\\\/pamiec81.pl\\\/index.php\\\/zycie-w-oporze-wspomnienia-dzialaczy-podziemia\\\/#primaryimage\"},\"thumbnailUrl\":\"https:\\\/\\\/pamiec81.pl\\\/wp-content\\\/uploads\\\/2024\\\/10\\\/shutterstock_54223744.jpg\",\"articleSection\":[\"HISTORIA\"],\"inLanguage\":\"pl-PL\"},{\"@type\":\"WebPage\",\"@id\":\"https:\\\/\\\/pamiec81.pl\\\/index.php\\\/zycie-w-oporze-wspomnienia-dzialaczy-podziemia\\\/\",\"url\":\"https:\\\/\\\/pamiec81.pl\\\/index.php\\\/zycie-w-oporze-wspomnienia-dzialaczy-podziemia\\\/\",\"name\":\"\u017bycie w oporze \u2013 wspomnienia dzia\u0142aczy podziemia - Grudzie\u0144 1981: Historia i Pami\u0119\u0107\",\"isPartOf\":{\"@id\":\"https:\\\/\\\/pamiec81.pl\\\/#website\"},\"primaryImageOfPage\":{\"@id\":\"https:\\\/\\\/pamiec81.pl\\\/index.php\\\/zycie-w-oporze-wspomnienia-dzialaczy-podziemia\\\/#primaryimage\"},\"image\":{\"@id\":\"https:\\\/\\\/pamiec81.pl\\\/index.php\\\/zycie-w-oporze-wspomnienia-dzialaczy-podziemia\\\/#primaryimage\"},\"thumbnailUrl\":\"https:\\\/\\\/pamiec81.pl\\\/wp-content\\\/uploads\\\/2024\\\/10\\\/shutterstock_54223744.jpg\",\"datePublished\":\"2024-10-14T14:56:09+00:00\",\"dateModified\":\"2024-10-14T15:02:18+00:00\",\"breadcrumb\":{\"@id\":\"https:\\\/\\\/pamiec81.pl\\\/index.php\\\/zycie-w-oporze-wspomnienia-dzialaczy-podziemia\\\/#breadcrumb\"},\"inLanguage\":\"pl-PL\",\"potentialAction\":[{\"@type\":\"ReadAction\",\"target\":[\"https:\\\/\\\/pamiec81.pl\\\/index.php\\\/zycie-w-oporze-wspomnienia-dzialaczy-podziemia\\\/\"]}]},{\"@type\":\"ImageObject\",\"inLanguage\":\"pl-PL\",\"@id\":\"https:\\\/\\\/pamiec81.pl\\\/index.php\\\/zycie-w-oporze-wspomnienia-dzialaczy-podziemia\\\/#primaryimage\",\"url\":\"https:\\\/\\\/pamiec81.pl\\\/wp-content\\\/uploads\\\/2024\\\/10\\\/shutterstock_54223744.jpg\",\"contentUrl\":\"https:\\\/\\\/pamiec81.pl\\\/wp-content\\\/uploads\\\/2024\\\/10\\\/shutterstock_54223744.jpg\",\"width\":1000,\"height\":667,\"caption\":\"Op\u00f3r i represje\"},{\"@type\":\"BreadcrumbList\",\"@id\":\"https:\\\/\\\/pamiec81.pl\\\/index.php\\\/zycie-w-oporze-wspomnienia-dzialaczy-podziemia\\\/#breadcrumb\",\"itemListElement\":[{\"@type\":\"ListItem\",\"position\":1,\"name\":\"Strona g\u0142\u00f3wna\",\"item\":\"https:\\\/\\\/pamiec81.pl\\\/\"},{\"@type\":\"ListItem\",\"position\":2,\"name\":\"\u017bycie w oporze \u2013 wspomnienia dzia\u0142aczy podziemia\"}]},{\"@type\":\"WebSite\",\"@id\":\"https:\\\/\\\/pamiec81.pl\\\/#website\",\"url\":\"https:\\\/\\\/pamiec81.pl\\\/\",\"name\":\"Grudzie\u0144 1981: Historia i Pami\u0119\u0107\",\"description\":\"Upami\u0119tnijmy stan wojenny grudnia 1981. Razem odkrywajmy histori\u0119, dzielmy si\u0119 wspomnieniami i refleksjami o walce o wolno\u015b\u0107 i prawd\u0119.\",\"publisher\":{\"@id\":\"https:\\\/\\\/pamiec81.pl\\\/#organization\"},\"potentialAction\":[{\"@type\":\"SearchAction\",\"target\":{\"@type\":\"EntryPoint\",\"urlTemplate\":\"https:\\\/\\\/pamiec81.pl\\\/?s={search_term_string}\"},\"query-input\":{\"@type\":\"PropertyValueSpecification\",\"valueRequired\":true,\"valueName\":\"search_term_string\"}}],\"inLanguage\":\"pl-PL\"},{\"@type\":\"Organization\",\"@id\":\"https:\\\/\\\/pamiec81.pl\\\/#organization\",\"name\":\"Grudzie\u0144 1981: Historia i Pami\u0119\u0107\",\"url\":\"https:\\\/\\\/pamiec81.pl\\\/\",\"logo\":{\"@type\":\"ImageObject\",\"inLanguage\":\"pl-PL\",\"@id\":\"https:\\\/\\\/pamiec81.pl\\\/#\\\/schema\\\/logo\\\/image\\\/\",\"url\":\"https:\\\/\\\/pamiec81.pl\\\/wp-content\\\/uploads\\\/2024\\\/10\\\/polskiemorsy.net__3_-removebg-preview.png\",\"contentUrl\":\"https:\\\/\\\/pamiec81.pl\\\/wp-content\\\/uploads\\\/2024\\\/10\\\/polskiemorsy.net__3_-removebg-preview.png\",\"width\":300,\"height\":100,\"caption\":\"Grudzie\u0144 1981: Historia i Pami\u0119\u0107\"},\"image\":{\"@id\":\"https:\\\/\\\/pamiec81.pl\\\/#\\\/schema\\\/logo\\\/image\\\/\"}},{\"@type\":\"Person\",\"@id\":\"https:\\\/\\\/pamiec81.pl\\\/#\\\/schema\\\/person\\\/47024abcf028b8fcf0ddfcf373c4c57e\",\"name\":\"pamiec81\",\"image\":{\"@type\":\"ImageObject\",\"inLanguage\":\"pl-PL\",\"@id\":\"https:\\\/\\\/secure.gravatar.com\\\/avatar\\\/8c6c8a6ddc98c0d8c18a4a687166a69e5fdbc0475752245205a512500cb18d08?s=96&d=mm&r=g\",\"url\":\"https:\\\/\\\/secure.gravatar.com\\\/avatar\\\/8c6c8a6ddc98c0d8c18a4a687166a69e5fdbc0475752245205a512500cb18d08?s=96&d=mm&r=g\",\"contentUrl\":\"https:\\\/\\\/secure.gravatar.com\\\/avatar\\\/8c6c8a6ddc98c0d8c18a4a687166a69e5fdbc0475752245205a512500cb18d08?s=96&d=mm&r=g\",\"caption\":\"pamiec81\"},\"sameAs\":[\"https:\\\/\\\/pamiec81.pl\"],\"url\":\"https:\\\/\\\/pamiec81.pl\\\/index.php\\\/author\\\/pamiec\\\/\"}]}<\/script>\n<!-- \/ Yoast SEO plugin. -->","yoast_head_json":{"title":"\u017bycie w oporze \u2013 wspomnienia dzia\u0142aczy podziemia - Grudzie\u0144 1981: Historia i Pami\u0119\u0107","robots":{"index":"index","follow":"follow","max-snippet":"max-snippet:-1","max-image-preview":"max-image-preview:large","max-video-preview":"max-video-preview:-1"},"canonical":"https:\/\/pamiec81.pl\/index.php\/zycie-w-oporze-wspomnienia-dzialaczy-podziemia\/","og_locale":"pl_PL","og_type":"article","og_title":"\u017bycie w oporze \u2013 wspomnienia dzia\u0142aczy podziemia - Grudzie\u0144 1981: Historia i Pami\u0119\u0107","og_description":"\u017bycie w oporze to temat, kt\u00f3ry fascynuje i budzi ogromne emocje. Wspomnienia dzia\u0142aczy podziemia s\u0105 nie tylko \u015bwiadectwem heroizmu, lecz r\u00f3wnie\u017c przypomnieniem trudnych czas\u00f3w, kiedy to codzienne \u017cycie by\u0142o splecione z nieustannym ryzykiem. Poni\u017cszy artyku\u0142 przybli\u017cy relacje os\u00f3b zaanga\u017cowanych w podziemn\u0105 dzia\u0142alno\u015b\u0107 opozycyjn\u0105, pokazuj\u0105c ich codzienno\u015b\u0107, motywacje oraz walk\u0119 o wolno\u015b\u0107. T\u0142o historyczne oporu w...","og_url":"https:\/\/pamiec81.pl\/index.php\/zycie-w-oporze-wspomnienia-dzialaczy-podziemia\/","og_site_name":"Grudzie\u0144 1981: Historia i Pami\u0119\u0107","article_published_time":"2024-10-14T14:56:09+00:00","article_modified_time":"2024-10-14T15:02:18+00:00","og_image":[{"width":1000,"height":667,"url":"https:\/\/pamiec81.pl\/wp-content\/uploads\/2024\/10\/shutterstock_54223744.jpg","type":"image\/jpeg"}],"author":"pamiec81","twitter_card":"summary_large_image","twitter_misc":{"Napisane przez":"pamiec81","Szacowany czas czytania":"5 minut"},"schema":{"@context":"https:\/\/schema.org","@graph":[{"@type":"Article","@id":"https:\/\/pamiec81.pl\/index.php\/zycie-w-oporze-wspomnienia-dzialaczy-podziemia\/#article","isPartOf":{"@id":"https:\/\/pamiec81.pl\/index.php\/zycie-w-oporze-wspomnienia-dzialaczy-podziemia\/"},"author":{"name":"pamiec81","@id":"https:\/\/pamiec81.pl\/#\/schema\/person\/47024abcf028b8fcf0ddfcf373c4c57e"},"headline":"\u017bycie w oporze \u2013 wspomnienia dzia\u0142aczy podziemia","datePublished":"2024-10-14T14:56:09+00:00","dateModified":"2024-10-14T15:02:18+00:00","mainEntityOfPage":{"@id":"https:\/\/pamiec81.pl\/index.php\/zycie-w-oporze-wspomnienia-dzialaczy-podziemia\/"},"wordCount":1104,"publisher":{"@id":"https:\/\/pamiec81.pl\/#organization"},"image":{"@id":"https:\/\/pamiec81.pl\/index.php\/zycie-w-oporze-wspomnienia-dzialaczy-podziemia\/#primaryimage"},"thumbnailUrl":"https:\/\/pamiec81.pl\/wp-content\/uploads\/2024\/10\/shutterstock_54223744.jpg","articleSection":["HISTORIA"],"inLanguage":"pl-PL"},{"@type":"WebPage","@id":"https:\/\/pamiec81.pl\/index.php\/zycie-w-oporze-wspomnienia-dzialaczy-podziemia\/","url":"https:\/\/pamiec81.pl\/index.php\/zycie-w-oporze-wspomnienia-dzialaczy-podziemia\/","name":"\u017bycie w oporze \u2013 wspomnienia dzia\u0142aczy podziemia - Grudzie\u0144 1981: Historia i Pami\u0119\u0107","isPartOf":{"@id":"https:\/\/pamiec81.pl\/#website"},"primaryImageOfPage":{"@id":"https:\/\/pamiec81.pl\/index.php\/zycie-w-oporze-wspomnienia-dzialaczy-podziemia\/#primaryimage"},"image":{"@id":"https:\/\/pamiec81.pl\/index.php\/zycie-w-oporze-wspomnienia-dzialaczy-podziemia\/#primaryimage"},"thumbnailUrl":"https:\/\/pamiec81.pl\/wp-content\/uploads\/2024\/10\/shutterstock_54223744.jpg","datePublished":"2024-10-14T14:56:09+00:00","dateModified":"2024-10-14T15:02:18+00:00","breadcrumb":{"@id":"https:\/\/pamiec81.pl\/index.php\/zycie-w-oporze-wspomnienia-dzialaczy-podziemia\/#breadcrumb"},"inLanguage":"pl-PL","potentialAction":[{"@type":"ReadAction","target":["https:\/\/pamiec81.pl\/index.php\/zycie-w-oporze-wspomnienia-dzialaczy-podziemia\/"]}]},{"@type":"ImageObject","inLanguage":"pl-PL","@id":"https:\/\/pamiec81.pl\/index.php\/zycie-w-oporze-wspomnienia-dzialaczy-podziemia\/#primaryimage","url":"https:\/\/pamiec81.pl\/wp-content\/uploads\/2024\/10\/shutterstock_54223744.jpg","contentUrl":"https:\/\/pamiec81.pl\/wp-content\/uploads\/2024\/10\/shutterstock_54223744.jpg","width":1000,"height":667,"caption":"Op\u00f3r i represje"},{"@type":"BreadcrumbList","@id":"https:\/\/pamiec81.pl\/index.php\/zycie-w-oporze-wspomnienia-dzialaczy-podziemia\/#breadcrumb","itemListElement":[{"@type":"ListItem","position":1,"name":"Strona g\u0142\u00f3wna","item":"https:\/\/pamiec81.pl\/"},{"@type":"ListItem","position":2,"name":"\u017bycie w oporze \u2013 wspomnienia dzia\u0142aczy podziemia"}]},{"@type":"WebSite","@id":"https:\/\/pamiec81.pl\/#website","url":"https:\/\/pamiec81.pl\/","name":"Grudzie\u0144 1981: Historia i Pami\u0119\u0107","description":"Upami\u0119tnijmy stan wojenny grudnia 1981. Razem odkrywajmy histori\u0119, dzielmy si\u0119 wspomnieniami i refleksjami o walce o wolno\u015b\u0107 i prawd\u0119.","publisher":{"@id":"https:\/\/pamiec81.pl\/#organization"},"potentialAction":[{"@type":"SearchAction","target":{"@type":"EntryPoint","urlTemplate":"https:\/\/pamiec81.pl\/?s={search_term_string}"},"query-input":{"@type":"PropertyValueSpecification","valueRequired":true,"valueName":"search_term_string"}}],"inLanguage":"pl-PL"},{"@type":"Organization","@id":"https:\/\/pamiec81.pl\/#organization","name":"Grudzie\u0144 1981: Historia i Pami\u0119\u0107","url":"https:\/\/pamiec81.pl\/","logo":{"@type":"ImageObject","inLanguage":"pl-PL","@id":"https:\/\/pamiec81.pl\/#\/schema\/logo\/image\/","url":"https:\/\/pamiec81.pl\/wp-content\/uploads\/2024\/10\/polskiemorsy.net__3_-removebg-preview.png","contentUrl":"https:\/\/pamiec81.pl\/wp-content\/uploads\/2024\/10\/polskiemorsy.net__3_-removebg-preview.png","width":300,"height":100,"caption":"Grudzie\u0144 1981: Historia i Pami\u0119\u0107"},"image":{"@id":"https:\/\/pamiec81.pl\/#\/schema\/logo\/image\/"}},{"@type":"Person","@id":"https:\/\/pamiec81.pl\/#\/schema\/person\/47024abcf028b8fcf0ddfcf373c4c57e","name":"pamiec81","image":{"@type":"ImageObject","inLanguage":"pl-PL","@id":"https:\/\/secure.gravatar.com\/avatar\/8c6c8a6ddc98c0d8c18a4a687166a69e5fdbc0475752245205a512500cb18d08?s=96&d=mm&r=g","url":"https:\/\/secure.gravatar.com\/avatar\/8c6c8a6ddc98c0d8c18a4a687166a69e5fdbc0475752245205a512500cb18d08?s=96&d=mm&r=g","contentUrl":"https:\/\/secure.gravatar.com\/avatar\/8c6c8a6ddc98c0d8c18a4a687166a69e5fdbc0475752245205a512500cb18d08?s=96&d=mm&r=g","caption":"pamiec81"},"sameAs":["https:\/\/pamiec81.pl"],"url":"https:\/\/pamiec81.pl\/index.php\/author\/pamiec\/"}]}},"_links":{"self":[{"href":"https:\/\/pamiec81.pl\/index.php\/wp-json\/wp\/v2\/posts\/1467","targetHints":{"allow":["GET"]}}],"collection":[{"href":"https:\/\/pamiec81.pl\/index.php\/wp-json\/wp\/v2\/posts"}],"about":[{"href":"https:\/\/pamiec81.pl\/index.php\/wp-json\/wp\/v2\/types\/post"}],"author":[{"embeddable":true,"href":"https:\/\/pamiec81.pl\/index.php\/wp-json\/wp\/v2\/users\/1"}],"replies":[{"embeddable":true,"href":"https:\/\/pamiec81.pl\/index.php\/wp-json\/wp\/v2\/comments?post=1467"}],"version-history":[{"count":1,"href":"https:\/\/pamiec81.pl\/index.php\/wp-json\/wp\/v2\/posts\/1467\/revisions"}],"predecessor-version":[{"id":1489,"href":"https:\/\/pamiec81.pl\/index.php\/wp-json\/wp\/v2\/posts\/1467\/revisions\/1489"}],"wp:featuredmedia":[{"embeddable":true,"href":"https:\/\/pamiec81.pl\/index.php\/wp-json\/wp\/v2\/media\/1363"}],"wp:attachment":[{"href":"https:\/\/pamiec81.pl\/index.php\/wp-json\/wp\/v2\/media?parent=1467"}],"wp:term":[{"taxonomy":"category","embeddable":true,"href":"https:\/\/pamiec81.pl\/index.php\/wp-json\/wp\/v2\/categories?post=1467"},{"taxonomy":"post_tag","embeddable":true,"href":"https:\/\/pamiec81.pl\/index.php\/wp-json\/wp\/v2\/tags?post=1467"}],"curies":[{"name":"wp","href":"https:\/\/api.w.org\/{rel}","templated":true}]}}