{"id":1460,"date":"2024-10-14T14:48:59","date_gmt":"2024-10-14T14:48:59","guid":{"rendered":"https:\/\/pamiec81.pl\/index.php\/solidarnosc-miedzynarodowa-jakie-wsparcie-opozycja-w-polsce-otrzymywala-od-polonii-i-innych-organizacji-za-granica\/"},"modified":"2024-10-14T15:04:53","modified_gmt":"2024-10-14T15:04:53","slug":"solidarnosc-miedzynarodowa","status":"publish","type":"post","link":"https:\/\/pamiec81.pl\/index.php\/solidarnosc-miedzynarodowa\/","title":{"rendered":"Solidarno\u015b\u0107 mi\u0119dzynarodowa"},"content":{"rendered":"<p><strong>Solidarno\u015b\u0107 mi\u0119dzynarodowa by\u0142a kluczowym elementem w walce polskiej opozycji z re\u017cimem komunistycznym. Polacy na emigracji oraz r\u00f3\u017cne organizacje mi\u0119dzynarodowe odgrywa\u0142y fundamentaln\u0105 rol\u0119 w dostarczaniu wsparcia materialnego, moralnego i politycznego. To wsparcie pomog\u0142o opozycji przetrwa\u0107 najtrudniejsze chwile i w ko\u0144cu przyczyni\u0142o si\u0119 do upadku komunizmu w Polsce.<\/strong><\/p>\n<h2 id=\"solidarno\u015b\u0107-mi\u0119dzynarodowa--historia-i-znaczenie\">Solidarno\u015b\u0107 mi\u0119dzynarodowa \u2013 historia i znaczenie<\/h2>\n<h3 id=\"pocz\u0105tki-mi\u0119dzynarodowej-solidarno\u015bci\">Pocz\u0105tki mi\u0119dzynarodowej solidarno\u015bci<\/h3>\n<p>Solidarno\u015b\u0107 mi\u0119dzynarodowa rozpocz\u0119\u0142a si\u0119 ju\u017c w latach sze\u015b\u0107dziesi\u0105tych XX wieku, gdy rz\u0105dy komunistyczne w Europie Wschodniej zacz\u0119\u0142y stosowa\u0107 represje wobec swoich obywateli. Spo\u0142eczno\u015b\u0107 mi\u0119dzynarodowa, w tym Polonia na zachodzie, zwraca\u0142a coraz wi\u0119ksz\u0105 uwag\u0119 na sytuacj\u0119 w Polsce. W p\u00f3\u017aniejszych latach, a zw\u0142aszcza po wprowadzeniu stanu wojennego w grudniu 1981 roku, zainteresowanie to przerodzi\u0142o si\u0119 w aktywne dzia\u0142ania wspieraj\u0105ce opozycj\u0119. Ruchy obywatelskie, organizacje religijne oraz r\u00f3\u017cne fundacje na ca\u0142ym \u015bwiecie zacz\u0119\u0142y organizowa\u0107 pomoc dla Polak\u00f3w, kt\u00f3rzy walczyli o wolno\u015b\u0107 i demokracj\u0119.<\/p>\n<h3 id=\"znaczenie-wsparcia-mi\u0119dzynarodowego-dla-opozycji\">Znaczenie wsparcia mi\u0119dzynarodowego dla opozycji<\/h3>\n<p>Wsparcie mi\u0119dzynarodowe mia\u0142o ogromne znaczenie dla polskiej opozycji. Pomaga\u0142o nie tylko w sferach materialnych, takich jak dostarczanie sprz\u0119tu drukarskiego czy lek\u00f3w, ale tak\u017ce moralnych i politycznych. Solidarno\u015b\u0107 mi\u0119dzynarodowa dawa\u0142a opozycjonistom nadziej\u0119 i wiar\u0119 w sukces. Mi\u0119dzynarodowe uznanie dla Solidarno\u015bci zwi\u0119ksza\u0142o jej legitymizacj\u0119 w oczach Polak\u00f3w i dodawa\u0142o odwagi do kontynuowania walki. Wp\u0142ywowe media na ca\u0142ym \u015bwiecie, dzi\u0119ki wsparciu zachodnich dziennikarzy i aktywist\u00f3w, relacjonowa\u0142y wydarzenia w Polsce, co z kolei wywo\u0142ywa\u0142o reakcje polityczne na najwy\u017cszych szczeblach rz\u0105d\u00f3w pa\u0144stw Zachodnich.<\/p>\n<h2 id=\"polonia-i-jej-rola-w-wsparciu-opozycji\">Polonia i jej rola w wsparciu opozycji<\/h2>\n<h3 id=\"organizacje-polonijne-na-ca\u0142ym-\u015bwiecie\">Organizacje polonijne na ca\u0142ym \u015bwiecie<\/h3>\n<p>Polonia na ca\u0142ym \u015bwiecie, licz\u0105ca miliony os\u00f3b, by\u0142a jedn\u0105 z najwa\u017cniejszych si\u0142 wspieraj\u0105cych polsk\u0105 opozycj\u0119. W USA, Kanadzie, Wielkiej Brytanii, Francji i innych krajach powsta\u0142y liczne organizacje, takie jak Kongres Polonii Ameryka\u0144skiej, kt\u00f3re aktywnie dzia\u0142a\u0142y na rzecz wsparcia dla Polski. Polskie organizacje poza granicami kraju zbiera\u0142y fundusze, organizowa\u0142y demonstracje i lobbowa\u0142y rz\u0105dy swoich kraj\u00f3w, aby wywiera\u0142y presj\u0119 na re\u017cim komunistyczny w Polsce.<\/p>\n<h3 id=\"polskie-media-na-emigracji\">Polskie media na emigracji<\/h3>\n<p>Na emigracji dzia\u0142a\u0142y r\u00f3wnie\u017c polskie media, kt\u00f3re odgrywa\u0142y kluczow\u0105 rol\u0119 w informowaniu o sytuacji w Polsce. Radio Wolna Europa, G\u0142os Ameryki, a tak\u017ce r\u00f3\u017cne gazety i periodyki, jak paryski \u201eKultura\u201d, by\u0142y \u017ar\u00f3d\u0142ami wiarygodnych informacji oraz miejscami wymiany my\u015bli dla polskich intelektualist\u00f3w i opozycjonist\u00f3w. Media te dostarcza\u0142y wiadomo\u015bci niezale\u017cne od cenzury pa\u0144stwowej, co mia\u0142o kolosalne znaczenie zar\u00f3wno dla Polak\u00f3w w kraju, jak i poza jego granicami.<\/p>\n<h2 id=\"organizacje-mi\u0119dzynarodowe-i-ich-wk\u0142ad\">Organizacje mi\u0119dzynarodowe i ich wk\u0142ad<\/h2>\n<h3 id=\"rola-ko\u015bcio\u0142a-katolickiego\">Rola ko\u015bcio\u0142a katolickiego<\/h3>\n<p>Ko\u015bci\u00f3\u0142 katolicki, zar\u00f3wno w Polsce, jak i na ca\u0142ym \u015bwiecie, odgrywa\u0142 niezwykle wa\u017cn\u0105 rol\u0119 w wsparciu opozycji. Jan Pawe\u0142 II, papie\u017c Polak, by\u0142 szczeg\u00f3lnie zaanga\u017cowany w sprawy polskie, otwarcie wspiera\u0142 ruch Solidarno\u015bci i apelowa\u0142 o pok\u00f3j oraz przestrzeganie praw cz\u0142owieka. Ko\u015bci\u00f3\u0142 katolicki organizowa\u0142 pomoc humanitarn\u0105, dostarcza\u0142 \u017cywno\u015b\u0107, leki i materia\u0142y do druku, kt\u00f3re by\u0142y niezb\u0119dne dla podziemnej dzia\u0142alno\u015bci opozycji.<\/p>\n<h3 id=\"fundacje-i-organizacje-pozarz\u0105dowe\">Fundacje i organizacje pozarz\u0105dowe<\/h3>\n<p>R\u00f3\u017cne mi\u0119dzynarodowe fundacje i organizacje pozarz\u0105dowe, takie jak Amnesty International, Human Rights Watch, czy Fundacja im. Stefana Batorego, tak\u017ce anga\u017cowa\u0142y si\u0119 w pomoc dla Polski. Te organizacje nie tylko dostarcza\u0142y wsparcia materialnego, ale r\u00f3wnie\u017c dokumentowa\u0142y przypadki \u0142amania praw cz\u0142owieka, co mia\u0142o znaczenie dla prowadzenia mi\u0119dzynarodowej presji na rz\u0105d PRL.<\/p>\n<h2 id=\"formy-wsparcia-materialnego-i-finansowego\">Formy wsparcia materialnego i finansowego<\/h2>\n<h3 id=\"pomoc-humanitarna\">Pomoc humanitarna<\/h3>\n<p>Pomoc humanitarna odgrywa\u0142a kluczow\u0105 rol\u0119 w wsparciu opozycji w Polsce. Zar\u00f3wno Polonia, jak i r\u00f3\u017cne mi\u0119dzynarodowe organizacje wysy\u0142a\u0142y do Polski \u017cywno\u015b\u0107, leki, odzie\u017c oraz inne niezb\u0119dne towary. Pomoc ta by\u0142a szczeg\u00f3lnie wa\u017cna w okresach wzmo\u017conych represji, takich jak stan wojenny, gdy dost\u0119p do podstawowych produkt\u00f3w by\u0142 ograniczony przez w\u0142adze komunistyczne.<\/p>\n<h3 id=\"wsparcie-finansowe\">Wsparcie finansowe<\/h3>\n<p>Wsparcie finansowe, zar\u00f3wno od os\u00f3b prywatnych, jak i od organizacji, by\u0142o jednym z kluczowych element\u00f3w solidarno\u015bci mi\u0119dzynarodowej. \u015arodki te pozwala\u0142y na finansowanie dzia\u0142alno\u015bci opozycyjnej, w tym drukowania ulotek, organizowania demonstracji i prowadzenia dzia\u0142alno\u015bci podziemnej. Fundusze by\u0142y r\u00f3wnie\u017c przeznaczane na pomoc dla rodzin internowanych i wi\u0119zionych dzia\u0142aczy Solidarno\u015bci.<\/p>\n<h2 id=\"wp\u0142yw-medi\u00f3w-mi\u0119dzynarodowych\">Wp\u0142yw medi\u00f3w mi\u0119dzynarodowych<\/h2>\n<h3 id=\"relacje-mi\u0119dzynarodowe-dotycz\u0105ce-polski\">Relacje mi\u0119dzynarodowe dotycz\u0105ce Polski<\/h3>\n<p>Mi\u0119dzynarodowa prasa, telewizja i radio odgrywa\u0142y kluczow\u0105 rol\u0119 w informowaniu \u015bwiata o sytuacji w Polsce. Dziennikarze z ca\u0142ego \u015bwiata, zainspirowani ruchem Solidarno\u015bci, relacjonowali wydarzenia z Polski, nara\u017caj\u0105c si\u0119 cz\u0119sto na represje ze strony w\u0142adz PRL. Relacje te przyczynia\u0142y si\u0119 do wzrostu \u015bwiadomo\u015bci na Zachodzie, a tym samym do intensyfikacji mi\u0119dzynarodowego wsparcia dla polskiej opozycji.<\/p>\n<h3 id=\"kampanie-medialne-na-rzecz-solidarno\u015bci\">Kampanie medialne na rzecz Solidarno\u015bci<\/h3>\n<p>Wspieraj\u0105cy Polsce aktywi\u015bci organizowali r\u00f3wnie\u017c kampanie medialne maj\u0105ce na celu zwi\u0119kszenie wsparcia i \u015bwiadomo\u015bci spo\u0142ecznej. Public Relations z Zachodu wraz z r\u00f3\u017cnymi organizacjami praw cz\u0142owieka prowadzili kampanie informacyjne, kt\u00f3re mia\u0142y na celu przekonanie mi\u0119dzynarodowej opinii publicznej do konieczno\u015bci wspierania ruchu oporu w Polsce. Te dzia\u0142ania mia\u0142y du\u017cy wp\u0142yw na mi\u0119dzynarodow\u0105 opini\u0119 publiczn\u0105 i polityk\u00f3w.<\/p>\n<h2 id=\"polityczna-presja-mi\u0119dzynarodowa\">Polityczna presja mi\u0119dzynarodowa<\/h2>\n<h3 id=\"sankcje-i-embarga\">Sankcje i embarga<\/h3>\n<p>Reakcje rz\u0105d\u00f3w pa\u0144stw zachodnich mia\u0142y r\u00f3wnie\u017c du\u017ce znaczenie dla sytuacji w Polsce. Wprowadzane by\u0142y sankcje ekonomiczne oraz polityczne embarga wobec re\u017cimu komunistycznego. Presja dyplomatyczna mia\u0142a na celu sk\u0142onienie w\u0142adz PRL do z\u0142agodzenia represji i podj\u0119cia dialogu z opozycj\u0105. Polityka sankcji by\u0142a wsparciem symbolicznym, kt\u00f3re jednak mia\u0142o istotny wp\u0142yw na morale opozycjonist\u00f3w.<\/p>\n<h3 id=\"dyplomacja-i-mediacje\">Dyplomacja i mediacje<\/h3>\n<p>Rz\u0105dy pa\u0144stw zachodnich, takie jak Stany Zjednoczone, Wielka Brytania czy Francja, anga\u017cowa\u0142y si\u0119 w dzia\u0142ania dyplomatyczne maj\u0105ce na celu wywarcie presji na rz\u0105d PRL. By\u0142a to forma wsparcia zar\u00f3wno bezpo\u015bredniego, jak i po\u015bredniego, poprzez mi\u0119dzynarodowe organizacje takie jak ONZ czy OBWE. Mediacje te mia\u0142y na celu zmniejszenie napi\u0119\u0107 i promowanie dialogu mi\u0119dzy w\u0142adzami a opozycj\u0105.<\/p>\n<p><strong>Solidarno\u015b\u0107 mi\u0119dzynarodowa okaza\u0142a si\u0119 jednym z najwa\u017cniejszych czynnik\u00f3w wspieraj\u0105cych polsk\u0105 opozycj\u0119 w trudnych czasach PRL. Dzi\u0119ki wsparciu Polonii oraz mi\u0119dzynarodowych organizacji, mo\u017cliwe by\u0142o nie tylko przetrwanie, ale i rozw\u00f3j opozycyjnych struktur, kt\u00f3re w ko\u0144cu doprowadzi\u0142y do demokratycznych przemian.<\/strong> Przyk\u0142ad Polski pokazuje, jak istotna mo\u017ce by\u0107 pomoc i solidarno\u015b\u0107 mi\u0119dzynarodowa w walce o wolno\u015b\u0107 i demokracj\u0119.<\/p>\n","protected":false},"excerpt":{"rendered":"<p>Solidarno\u015b\u0107 mi\u0119dzynarodowa by\u0142a kluczowym elementem w walce polskiej opozycji z re\u017cimem komunistycznym. Polacy na emigracji oraz r\u00f3\u017cne organizacje mi\u0119dzynarodowe odgrywa\u0142y fundamentaln\u0105 rol\u0119 w dostarczaniu wsparcia materialnego, moralnego i politycznego. To wsparcie pomog\u0142o opozycji przetrwa\u0107 najtrudniejsze chwile i w ko\u0144cu przyczyni\u0142o si\u0119 do upadku komunizmu w Polsce. Solidarno\u015b\u0107 mi\u0119dzynarodowa \u2013 historia i znaczenie Pocz\u0105tki mi\u0119dzynarodowej solidarno\u015bci&#8230;<\/p>\n","protected":false},"author":1,"featured_media":1364,"comment_status":"closed","ping_status":"closed","sticky":false,"template":"","format":"standard","meta":{"_kadence_starter_templates_imported_post":false,"_kad_post_transparent":"","_kad_post_title":"","_kad_post_layout":"","_kad_post_sidebar_id":"","_kad_post_content_style":"","_kad_post_vertical_padding":"","_kad_post_feature":"","_kad_post_feature_position":"","_kad_post_header":false,"_kad_post_footer":false,"_kad_post_classname":"","footnotes":""},"categories":[14],"tags":[],"class_list":["post-1460","post","type-post","status-publish","format-standard","has-post-thumbnail","hentry","category-historia"],"yoast_head":"<!-- This site is optimized with the Yoast SEO plugin v27.5 - https:\/\/yoast.com\/product\/yoast-seo-wordpress\/ -->\n<title>Solidarno\u015b\u0107 mi\u0119dzynarodowa - Grudzie\u0144 1981: Historia i Pami\u0119\u0107<\/title>\n<meta name=\"robots\" content=\"index, follow, max-snippet:-1, max-image-preview:large, max-video-preview:-1\" \/>\n<link rel=\"canonical\" href=\"https:\/\/pamiec81.pl\/index.php\/solidarnosc-miedzynarodowa\/\" \/>\n<meta property=\"og:locale\" content=\"pl_PL\" \/>\n<meta property=\"og:type\" content=\"article\" \/>\n<meta property=\"og:title\" content=\"Solidarno\u015b\u0107 mi\u0119dzynarodowa - Grudzie\u0144 1981: Historia i Pami\u0119\u0107\" \/>\n<meta property=\"og:description\" content=\"Solidarno\u015b\u0107 mi\u0119dzynarodowa by\u0142a kluczowym elementem w walce polskiej opozycji z re\u017cimem komunistycznym. Polacy na emigracji oraz r\u00f3\u017cne organizacje mi\u0119dzynarodowe odgrywa\u0142y fundamentaln\u0105 rol\u0119 w dostarczaniu wsparcia materialnego, moralnego i politycznego. To wsparcie pomog\u0142o opozycji przetrwa\u0107 najtrudniejsze chwile i w ko\u0144cu przyczyni\u0142o si\u0119 do upadku komunizmu w Polsce. Solidarno\u015b\u0107 mi\u0119dzynarodowa \u2013 historia i znaczenie Pocz\u0105tki mi\u0119dzynarodowej solidarno\u015bci...\" \/>\n<meta property=\"og:url\" content=\"https:\/\/pamiec81.pl\/index.php\/solidarnosc-miedzynarodowa\/\" \/>\n<meta property=\"og:site_name\" content=\"Grudzie\u0144 1981: Historia i Pami\u0119\u0107\" \/>\n<meta property=\"article:published_time\" content=\"2024-10-14T14:48:59+00:00\" \/>\n<meta property=\"article:modified_time\" content=\"2024-10-14T15:04:53+00:00\" \/>\n<meta property=\"og:image\" content=\"https:\/\/pamiec81.pl\/wp-content\/uploads\/2024\/10\/shutterstock_54223741.jpg\" \/>\n\t<meta property=\"og:image:width\" content=\"1000\" \/>\n\t<meta property=\"og:image:height\" content=\"667\" \/>\n\t<meta property=\"og:image:type\" content=\"image\/jpeg\" \/>\n<meta name=\"author\" content=\"pamiec81\" \/>\n<meta name=\"twitter:card\" content=\"summary_large_image\" \/>\n<meta name=\"twitter:label1\" content=\"Napisane przez\" \/>\n\t<meta name=\"twitter:data1\" content=\"pamiec81\" \/>\n\t<meta name=\"twitter:label2\" content=\"Szacowany czas czytania\" \/>\n\t<meta name=\"twitter:data2\" content=\"6 minut\" \/>\n<script type=\"application\/ld+json\" class=\"yoast-schema-graph\">{\"@context\":\"https:\\\/\\\/schema.org\",\"@graph\":[{\"@type\":\"Article\",\"@id\":\"https:\\\/\\\/pamiec81.pl\\\/index.php\\\/solidarnosc-miedzynarodowa\\\/#article\",\"isPartOf\":{\"@id\":\"https:\\\/\\\/pamiec81.pl\\\/index.php\\\/solidarnosc-miedzynarodowa\\\/\"},\"author\":{\"name\":\"pamiec81\",\"@id\":\"https:\\\/\\\/pamiec81.pl\\\/#\\\/schema\\\/person\\\/47024abcf028b8fcf0ddfcf373c4c57e\"},\"headline\":\"Solidarno\u015b\u0107 mi\u0119dzynarodowa\",\"datePublished\":\"2024-10-14T14:48:59+00:00\",\"dateModified\":\"2024-10-14T15:04:53+00:00\",\"mainEntityOfPage\":{\"@id\":\"https:\\\/\\\/pamiec81.pl\\\/index.php\\\/solidarnosc-miedzynarodowa\\\/\"},\"wordCount\":1127,\"publisher\":{\"@id\":\"https:\\\/\\\/pamiec81.pl\\\/#organization\"},\"image\":{\"@id\":\"https:\\\/\\\/pamiec81.pl\\\/index.php\\\/solidarnosc-miedzynarodowa\\\/#primaryimage\"},\"thumbnailUrl\":\"https:\\\/\\\/pamiec81.pl\\\/wp-content\\\/uploads\\\/2024\\\/10\\\/shutterstock_54223741.jpg\",\"articleSection\":[\"HISTORIA\"],\"inLanguage\":\"pl-PL\"},{\"@type\":\"WebPage\",\"@id\":\"https:\\\/\\\/pamiec81.pl\\\/index.php\\\/solidarnosc-miedzynarodowa\\\/\",\"url\":\"https:\\\/\\\/pamiec81.pl\\\/index.php\\\/solidarnosc-miedzynarodowa\\\/\",\"name\":\"Solidarno\u015b\u0107 mi\u0119dzynarodowa - Grudzie\u0144 1981: Historia i Pami\u0119\u0107\",\"isPartOf\":{\"@id\":\"https:\\\/\\\/pamiec81.pl\\\/#website\"},\"primaryImageOfPage\":{\"@id\":\"https:\\\/\\\/pamiec81.pl\\\/index.php\\\/solidarnosc-miedzynarodowa\\\/#primaryimage\"},\"image\":{\"@id\":\"https:\\\/\\\/pamiec81.pl\\\/index.php\\\/solidarnosc-miedzynarodowa\\\/#primaryimage\"},\"thumbnailUrl\":\"https:\\\/\\\/pamiec81.pl\\\/wp-content\\\/uploads\\\/2024\\\/10\\\/shutterstock_54223741.jpg\",\"datePublished\":\"2024-10-14T14:48:59+00:00\",\"dateModified\":\"2024-10-14T15:04:53+00:00\",\"breadcrumb\":{\"@id\":\"https:\\\/\\\/pamiec81.pl\\\/index.php\\\/solidarnosc-miedzynarodowa\\\/#breadcrumb\"},\"inLanguage\":\"pl-PL\",\"potentialAction\":[{\"@type\":\"ReadAction\",\"target\":[\"https:\\\/\\\/pamiec81.pl\\\/index.php\\\/solidarnosc-miedzynarodowa\\\/\"]}]},{\"@type\":\"ImageObject\",\"inLanguage\":\"pl-PL\",\"@id\":\"https:\\\/\\\/pamiec81.pl\\\/index.php\\\/solidarnosc-miedzynarodowa\\\/#primaryimage\",\"url\":\"https:\\\/\\\/pamiec81.pl\\\/wp-content\\\/uploads\\\/2024\\\/10\\\/shutterstock_54223741.jpg\",\"contentUrl\":\"https:\\\/\\\/pamiec81.pl\\\/wp-content\\\/uploads\\\/2024\\\/10\\\/shutterstock_54223741.jpg\",\"width\":1000,\"height\":667,\"caption\":\"Stan wojenny\"},{\"@type\":\"BreadcrumbList\",\"@id\":\"https:\\\/\\\/pamiec81.pl\\\/index.php\\\/solidarnosc-miedzynarodowa\\\/#breadcrumb\",\"itemListElement\":[{\"@type\":\"ListItem\",\"position\":1,\"name\":\"Strona g\u0142\u00f3wna\",\"item\":\"https:\\\/\\\/pamiec81.pl\\\/\"},{\"@type\":\"ListItem\",\"position\":2,\"name\":\"Solidarno\u015b\u0107 mi\u0119dzynarodowa\"}]},{\"@type\":\"WebSite\",\"@id\":\"https:\\\/\\\/pamiec81.pl\\\/#website\",\"url\":\"https:\\\/\\\/pamiec81.pl\\\/\",\"name\":\"Grudzie\u0144 1981: Historia i Pami\u0119\u0107\",\"description\":\"Upami\u0119tnijmy stan wojenny grudnia 1981. Razem odkrywajmy histori\u0119, dzielmy si\u0119 wspomnieniami i refleksjami o walce o wolno\u015b\u0107 i prawd\u0119.\",\"publisher\":{\"@id\":\"https:\\\/\\\/pamiec81.pl\\\/#organization\"},\"potentialAction\":[{\"@type\":\"SearchAction\",\"target\":{\"@type\":\"EntryPoint\",\"urlTemplate\":\"https:\\\/\\\/pamiec81.pl\\\/?s={search_term_string}\"},\"query-input\":{\"@type\":\"PropertyValueSpecification\",\"valueRequired\":true,\"valueName\":\"search_term_string\"}}],\"inLanguage\":\"pl-PL\"},{\"@type\":\"Organization\",\"@id\":\"https:\\\/\\\/pamiec81.pl\\\/#organization\",\"name\":\"Grudzie\u0144 1981: Historia i Pami\u0119\u0107\",\"url\":\"https:\\\/\\\/pamiec81.pl\\\/\",\"logo\":{\"@type\":\"ImageObject\",\"inLanguage\":\"pl-PL\",\"@id\":\"https:\\\/\\\/pamiec81.pl\\\/#\\\/schema\\\/logo\\\/image\\\/\",\"url\":\"https:\\\/\\\/pamiec81.pl\\\/wp-content\\\/uploads\\\/2024\\\/10\\\/polskiemorsy.net__3_-removebg-preview.png\",\"contentUrl\":\"https:\\\/\\\/pamiec81.pl\\\/wp-content\\\/uploads\\\/2024\\\/10\\\/polskiemorsy.net__3_-removebg-preview.png\",\"width\":300,\"height\":100,\"caption\":\"Grudzie\u0144 1981: Historia i Pami\u0119\u0107\"},\"image\":{\"@id\":\"https:\\\/\\\/pamiec81.pl\\\/#\\\/schema\\\/logo\\\/image\\\/\"}},{\"@type\":\"Person\",\"@id\":\"https:\\\/\\\/pamiec81.pl\\\/#\\\/schema\\\/person\\\/47024abcf028b8fcf0ddfcf373c4c57e\",\"name\":\"pamiec81\",\"image\":{\"@type\":\"ImageObject\",\"inLanguage\":\"pl-PL\",\"@id\":\"https:\\\/\\\/secure.gravatar.com\\\/avatar\\\/8c6c8a6ddc98c0d8c18a4a687166a69e5fdbc0475752245205a512500cb18d08?s=96&d=mm&r=g\",\"url\":\"https:\\\/\\\/secure.gravatar.com\\\/avatar\\\/8c6c8a6ddc98c0d8c18a4a687166a69e5fdbc0475752245205a512500cb18d08?s=96&d=mm&r=g\",\"contentUrl\":\"https:\\\/\\\/secure.gravatar.com\\\/avatar\\\/8c6c8a6ddc98c0d8c18a4a687166a69e5fdbc0475752245205a512500cb18d08?s=96&d=mm&r=g\",\"caption\":\"pamiec81\"},\"sameAs\":[\"https:\\\/\\\/pamiec81.pl\"],\"url\":\"https:\\\/\\\/pamiec81.pl\\\/index.php\\\/author\\\/pamiec\\\/\"}]}<\/script>\n<!-- \/ Yoast SEO plugin. -->","yoast_head_json":{"title":"Solidarno\u015b\u0107 mi\u0119dzynarodowa - Grudzie\u0144 1981: Historia i Pami\u0119\u0107","robots":{"index":"index","follow":"follow","max-snippet":"max-snippet:-1","max-image-preview":"max-image-preview:large","max-video-preview":"max-video-preview:-1"},"canonical":"https:\/\/pamiec81.pl\/index.php\/solidarnosc-miedzynarodowa\/","og_locale":"pl_PL","og_type":"article","og_title":"Solidarno\u015b\u0107 mi\u0119dzynarodowa - Grudzie\u0144 1981: Historia i Pami\u0119\u0107","og_description":"Solidarno\u015b\u0107 mi\u0119dzynarodowa by\u0142a kluczowym elementem w walce polskiej opozycji z re\u017cimem komunistycznym. Polacy na emigracji oraz r\u00f3\u017cne organizacje mi\u0119dzynarodowe odgrywa\u0142y fundamentaln\u0105 rol\u0119 w dostarczaniu wsparcia materialnego, moralnego i politycznego. To wsparcie pomog\u0142o opozycji przetrwa\u0107 najtrudniejsze chwile i w ko\u0144cu przyczyni\u0142o si\u0119 do upadku komunizmu w Polsce. Solidarno\u015b\u0107 mi\u0119dzynarodowa \u2013 historia i znaczenie Pocz\u0105tki mi\u0119dzynarodowej solidarno\u015bci...","og_url":"https:\/\/pamiec81.pl\/index.php\/solidarnosc-miedzynarodowa\/","og_site_name":"Grudzie\u0144 1981: Historia i Pami\u0119\u0107","article_published_time":"2024-10-14T14:48:59+00:00","article_modified_time":"2024-10-14T15:04:53+00:00","og_image":[{"width":1000,"height":667,"url":"https:\/\/pamiec81.pl\/wp-content\/uploads\/2024\/10\/shutterstock_54223741.jpg","type":"image\/jpeg"}],"author":"pamiec81","twitter_card":"summary_large_image","twitter_misc":{"Napisane przez":"pamiec81","Szacowany czas czytania":"6 minut"},"schema":{"@context":"https:\/\/schema.org","@graph":[{"@type":"Article","@id":"https:\/\/pamiec81.pl\/index.php\/solidarnosc-miedzynarodowa\/#article","isPartOf":{"@id":"https:\/\/pamiec81.pl\/index.php\/solidarnosc-miedzynarodowa\/"},"author":{"name":"pamiec81","@id":"https:\/\/pamiec81.pl\/#\/schema\/person\/47024abcf028b8fcf0ddfcf373c4c57e"},"headline":"Solidarno\u015b\u0107 mi\u0119dzynarodowa","datePublished":"2024-10-14T14:48:59+00:00","dateModified":"2024-10-14T15:04:53+00:00","mainEntityOfPage":{"@id":"https:\/\/pamiec81.pl\/index.php\/solidarnosc-miedzynarodowa\/"},"wordCount":1127,"publisher":{"@id":"https:\/\/pamiec81.pl\/#organization"},"image":{"@id":"https:\/\/pamiec81.pl\/index.php\/solidarnosc-miedzynarodowa\/#primaryimage"},"thumbnailUrl":"https:\/\/pamiec81.pl\/wp-content\/uploads\/2024\/10\/shutterstock_54223741.jpg","articleSection":["HISTORIA"],"inLanguage":"pl-PL"},{"@type":"WebPage","@id":"https:\/\/pamiec81.pl\/index.php\/solidarnosc-miedzynarodowa\/","url":"https:\/\/pamiec81.pl\/index.php\/solidarnosc-miedzynarodowa\/","name":"Solidarno\u015b\u0107 mi\u0119dzynarodowa - Grudzie\u0144 1981: Historia i Pami\u0119\u0107","isPartOf":{"@id":"https:\/\/pamiec81.pl\/#website"},"primaryImageOfPage":{"@id":"https:\/\/pamiec81.pl\/index.php\/solidarnosc-miedzynarodowa\/#primaryimage"},"image":{"@id":"https:\/\/pamiec81.pl\/index.php\/solidarnosc-miedzynarodowa\/#primaryimage"},"thumbnailUrl":"https:\/\/pamiec81.pl\/wp-content\/uploads\/2024\/10\/shutterstock_54223741.jpg","datePublished":"2024-10-14T14:48:59+00:00","dateModified":"2024-10-14T15:04:53+00:00","breadcrumb":{"@id":"https:\/\/pamiec81.pl\/index.php\/solidarnosc-miedzynarodowa\/#breadcrumb"},"inLanguage":"pl-PL","potentialAction":[{"@type":"ReadAction","target":["https:\/\/pamiec81.pl\/index.php\/solidarnosc-miedzynarodowa\/"]}]},{"@type":"ImageObject","inLanguage":"pl-PL","@id":"https:\/\/pamiec81.pl\/index.php\/solidarnosc-miedzynarodowa\/#primaryimage","url":"https:\/\/pamiec81.pl\/wp-content\/uploads\/2024\/10\/shutterstock_54223741.jpg","contentUrl":"https:\/\/pamiec81.pl\/wp-content\/uploads\/2024\/10\/shutterstock_54223741.jpg","width":1000,"height":667,"caption":"Stan wojenny"},{"@type":"BreadcrumbList","@id":"https:\/\/pamiec81.pl\/index.php\/solidarnosc-miedzynarodowa\/#breadcrumb","itemListElement":[{"@type":"ListItem","position":1,"name":"Strona g\u0142\u00f3wna","item":"https:\/\/pamiec81.pl\/"},{"@type":"ListItem","position":2,"name":"Solidarno\u015b\u0107 mi\u0119dzynarodowa"}]},{"@type":"WebSite","@id":"https:\/\/pamiec81.pl\/#website","url":"https:\/\/pamiec81.pl\/","name":"Grudzie\u0144 1981: Historia i Pami\u0119\u0107","description":"Upami\u0119tnijmy stan wojenny grudnia 1981. Razem odkrywajmy histori\u0119, dzielmy si\u0119 wspomnieniami i refleksjami o walce o wolno\u015b\u0107 i prawd\u0119.","publisher":{"@id":"https:\/\/pamiec81.pl\/#organization"},"potentialAction":[{"@type":"SearchAction","target":{"@type":"EntryPoint","urlTemplate":"https:\/\/pamiec81.pl\/?s={search_term_string}"},"query-input":{"@type":"PropertyValueSpecification","valueRequired":true,"valueName":"search_term_string"}}],"inLanguage":"pl-PL"},{"@type":"Organization","@id":"https:\/\/pamiec81.pl\/#organization","name":"Grudzie\u0144 1981: Historia i Pami\u0119\u0107","url":"https:\/\/pamiec81.pl\/","logo":{"@type":"ImageObject","inLanguage":"pl-PL","@id":"https:\/\/pamiec81.pl\/#\/schema\/logo\/image\/","url":"https:\/\/pamiec81.pl\/wp-content\/uploads\/2024\/10\/polskiemorsy.net__3_-removebg-preview.png","contentUrl":"https:\/\/pamiec81.pl\/wp-content\/uploads\/2024\/10\/polskiemorsy.net__3_-removebg-preview.png","width":300,"height":100,"caption":"Grudzie\u0144 1981: Historia i Pami\u0119\u0107"},"image":{"@id":"https:\/\/pamiec81.pl\/#\/schema\/logo\/image\/"}},{"@type":"Person","@id":"https:\/\/pamiec81.pl\/#\/schema\/person\/47024abcf028b8fcf0ddfcf373c4c57e","name":"pamiec81","image":{"@type":"ImageObject","inLanguage":"pl-PL","@id":"https:\/\/secure.gravatar.com\/avatar\/8c6c8a6ddc98c0d8c18a4a687166a69e5fdbc0475752245205a512500cb18d08?s=96&d=mm&r=g","url":"https:\/\/secure.gravatar.com\/avatar\/8c6c8a6ddc98c0d8c18a4a687166a69e5fdbc0475752245205a512500cb18d08?s=96&d=mm&r=g","contentUrl":"https:\/\/secure.gravatar.com\/avatar\/8c6c8a6ddc98c0d8c18a4a687166a69e5fdbc0475752245205a512500cb18d08?s=96&d=mm&r=g","caption":"pamiec81"},"sameAs":["https:\/\/pamiec81.pl"],"url":"https:\/\/pamiec81.pl\/index.php\/author\/pamiec\/"}]}},"_links":{"self":[{"href":"https:\/\/pamiec81.pl\/index.php\/wp-json\/wp\/v2\/posts\/1460","targetHints":{"allow":["GET"]}}],"collection":[{"href":"https:\/\/pamiec81.pl\/index.php\/wp-json\/wp\/v2\/posts"}],"about":[{"href":"https:\/\/pamiec81.pl\/index.php\/wp-json\/wp\/v2\/types\/post"}],"author":[{"embeddable":true,"href":"https:\/\/pamiec81.pl\/index.php\/wp-json\/wp\/v2\/users\/1"}],"replies":[{"embeddable":true,"href":"https:\/\/pamiec81.pl\/index.php\/wp-json\/wp\/v2\/comments?post=1460"}],"version-history":[{"count":2,"href":"https:\/\/pamiec81.pl\/index.php\/wp-json\/wp\/v2\/posts\/1460\/revisions"}],"predecessor-version":[{"id":1502,"href":"https:\/\/pamiec81.pl\/index.php\/wp-json\/wp\/v2\/posts\/1460\/revisions\/1502"}],"wp:featuredmedia":[{"embeddable":true,"href":"https:\/\/pamiec81.pl\/index.php\/wp-json\/wp\/v2\/media\/1364"}],"wp:attachment":[{"href":"https:\/\/pamiec81.pl\/index.php\/wp-json\/wp\/v2\/media?parent=1460"}],"wp:term":[{"taxonomy":"category","embeddable":true,"href":"https:\/\/pamiec81.pl\/index.php\/wp-json\/wp\/v2\/categories?post=1460"},{"taxonomy":"post_tag","embeddable":true,"href":"https:\/\/pamiec81.pl\/index.php\/wp-json\/wp\/v2\/tags?post=1460"}],"curies":[{"name":"wp","href":"https:\/\/api.w.org\/{rel}","templated":true}]}}