{"id":1458,"date":"2024-10-14T14:46:59","date_gmt":"2024-10-14T14:46:59","guid":{"rendered":"https:\/\/pamiec81.pl\/index.php\/zachod-wobec-stanu-wojennego-jakie-byly-reakcje-krajow-zachodnich-takich-jak-usa-i-panstwa-europy-zachodniej-na-wprowadzenie-stanu-wojennego-w-polsce\/"},"modified":"2024-10-14T15:05:07","modified_gmt":"2024-10-14T15:05:07","slug":"zachod-wobec-stanu-wojennego","status":"publish","type":"post","link":"https:\/\/pamiec81.pl\/index.php\/zachod-wobec-stanu-wojennego\/","title":{"rendered":"Zach\u00f3d wobec stanu wojennego"},"content":{"rendered":"<p><strong>Stosunek Zachodu wobec wprowadzenia stanu wojennego w Polsce w grudniu 1981 roku by\u0142 istotnym elementem polityki mi\u0119dzynarodowej tamtej dekady. Wprowadzenie stanu wojennego spotka\u0142o si\u0119 z r\u00f3\u017cnorodnymi reakcjami ze strony kraj\u00f3w takich jak USA oraz pa\u0144stw Europy Zachodniej, kt\u00f3re krytykowa\u0142y decyzje polskich w\u0142adz i podj\u0119\u0142y konkretne dzia\u0142ania, by wyrazi\u0107 swoje niezadowolenie.<\/strong><\/p>\n<h2 id=\"reakcje-stan\u00f3w-zjednoczonych\">Reakcje Stan\u00f3w Zjednoczonych<\/h2>\n<h3 id=\"polityka-administracji-reagana\">Polityka administracji Reagana<\/h3>\n<p>Administracja prezydenta Ronalda Reagana by\u0142a jednym z najgor\u0119tszych przeciwnik\u00f3w wprowadzenia stanu wojennego w Polsce. <strong>Prezydent Reagan uzna\u0142 decyzj\u0119 genera\u0142a Wojciecha Jaruzelskiego za bezpo\u015bredni atak na demokratyczne ruchy w Europie Wschodniej i na sam\u0105 struktur\u0119 NATO.<\/strong> W odpowiedzi, USA wprowadzi\u0142o sankcje gospodarcze i polityczne przeciw PRL, w tym zwr\u00f3cono szczeg\u00f3ln\u0105 uwag\u0119 na ograniczenie eksportu technologii i wsparcia ekonomicznego.<\/p>\n<h3 id=\"sankcje-gospodarcze-i-polityczne\">Sankcje gospodarcze i polityczne<\/h3>\n<p>Sankcje mia\u0142y na celu os\u0142abienie polskiej gospodarki, kt\u00f3ra zreszt\u0105 ju\u017c przed wprowadzeniem stanu wojennego by\u0142a w powa\u017cnym kryzysie. <strong>Ameryka\u0144skie embargo obejmowa\u0142o takie obszary jak eksport sprz\u0119tu komercyjnego, technologii dla sektora energetycznego i dostawy \u017cywno\u015bci.<\/strong> By\u0142o to znacz\u0105ce, poniewa\u017c Polska silnie polega\u0142a na importowanych technologiach i surowcach z Zachodu. Reagan posun\u0105\u0142 si\u0119 dalej, wmawiaj\u0105c innym sojusznikom w NATO podobne dzia\u0142ania.<\/p>\n<h3 id=\"wsparcie-dla-solidarno\u015bci\">Wsparcie dla \u201eSolidarno\u015bci\u201d<\/h3>\n<p>USA tak\u017ce udzieli\u0142o wsparcia antykomunistycznej opozycji w Polsce. <strong>Celem by\u0142o wzmocnienie ruchu \u201eSolidarno\u015b\u0107\u201d, kt\u00f3rego liderem by\u0142 Lech Wa\u0142\u0119sa.<\/strong> Wsparcie to nie ogranicza\u0142o si\u0119 tylko do deklaracji politycznych, ale obejmowa\u0142o r\u00f3wnie\u017c pomoc finansow\u0105 i logistyczn\u0105, co przyczyni\u0142o si\u0119 do utrzymania ruchu oporu w Polsce.<\/p>\n<h2 id=\"reakcje-kraj\u00f3w-europy-zachodniej\">Reakcje kraj\u00f3w Europy Zachodniej<\/h2>\n<h3 id=\"postawa-wielkiej-brytanii\">Postawa Wielkiej Brytanii<\/h3>\n<p>Wielka Brytania pod przewodnictwem premier Margaret Thatcher r\u00f3wnie\u017c niezw\u0142ocznie pot\u0119pi\u0142a wprowadzenie stanu wojennego. <strong>Thatcher wyrazi\u0142a swoje poparcie dla ruchu \u201eSolidarno\u015b\u0107\u201d i wprowadzi\u0142a restrykcje wobec PRL, wielokrotnie podkre\u015blaj\u0105c znaczenie wolno\u015bci i demokracji.<\/strong> Wielka Brytania razem z USA apelowa\u0142a do innych kraj\u00f3w w NATO o przy\u0142\u0105czenie si\u0119 do sankcji.<\/p>\n<h3 id=\"dzia\u0142ania-francji\">Dzia\u0142ania Francji<\/h3>\n<p>Francja pod wodz\u0105 prezydenta Fran\u00e7ois Mitterranda zareagowa\u0142a podobnie, cho\u0107 bardziej ostro\u017cnie. <strong>Francja skupi\u0142a si\u0119 na dzia\u0142aniach dyplomatycznych, staraj\u0105c si\u0119 utrzyma\u0107 dialog z PRL, ale r\u00f3wnie\u017c ograniczy\u0142a niekt\u00f3re formy wsp\u00f3\u0142pracy gospodarczej.<\/strong> Mitterrand podkre\u015bla\u0142, \u017ce wprowadzenie stanu wojennego by\u0142o sprzeczne z warto\u015bciami republika\u0144skimi, kt\u00f3re Francja mocno respektuje.<\/p>\n<h3 id=\"niemcy-zachodnie-i-ich-reakcja\">Niemcy Zachodnie i ich reakcja<\/h3>\n<p>Niemcy Zachodnie, z racji swojego geograficznego i politycznego po\u0142o\u017cenia, mia\u0142y szczeg\u00f3lne powi\u0105zania z PRL. <strong>Kanclerz Helmut Schmidt i jego nast\u0119pca Helmut Kohl stanowczo pot\u0119pili wprowadzenie stanu wojennego i przy\u0142\u0105czyli si\u0119 do wsp\u00f3lnej polityki sankcji.<\/strong> Niemcy Zachodnie by\u0142y tak\u017ce jednym z kluczowych graczy w ramach koordynacji dzia\u0142a\u0144 NATO przeciwko PRL.<\/p>\n<h2 id=\"wp\u0142yw-sankcji-na-prl\">Wp\u0142yw sankcji na PRL<\/h2>\n<h3 id=\"gospodarcze-konsekwencje\">Gospodarcze konsekwencje<\/h3>\n<p>Sankcje na\u0142o\u017cone przez kraje zachodnie mia\u0142y powa\u017cne konsekwencje dla polskiej gospodarki. <strong>Ograniczenia w handlu mi\u0119dzynarodowym doprowadzi\u0142y do zwi\u0119kszenia trudno\u015bci ekonomicznych, zw\u0142aszcza w sektorach technologii i energetyki.<\/strong> Polska, kt\u00f3ra ju\u017c wcze\u015bniej boryka\u0142a si\u0119 z kryzysem gospodarczym, teraz musia\u0142a radzi\u0107 sobie z dodatkowymi obci\u0105\u017ceniami.<\/p>\n<h3 id=\"polityczna-izolacja\">Polityczna izolacja<\/h3>\n<p>Polityczna izolacja PRL by\u0142a r\u00f3wnie\u017c jednym z cel\u00f3w zachodnich sankcji. <strong>Wielu zachodnich przyw\u00f3dc\u00f3w odm\u00f3wi\u0142o spotka\u0144 z przedstawicielami polskiego rz\u0105du, co dodatkowo wzmacnia\u0142o izolacj\u0119 mi\u0119dzynarodow\u0105 kraju.<\/strong> Izolacja ta mia\u0142a na celu wykazanie, \u017ce decyzje polskich w\u0142adz by\u0142y nie do przyj\u0119cia w kr\u0119gach mi\u0119dzynarodowych.<\/p>\n<h3 id=\"moralne-wsparcie-dla-opozycji\">Moralne wsparcie dla opozycji<\/h3>\n<p>Zach\u00f3d nie tylko wprowadza\u0142 sankcje, ale r\u00f3wnie\u017c stara\u0142 si\u0119 zademonstrowa\u0107 swoj\u0105 solidarno\u015b\u0107 z polsk\u0105 opozycj\u0105. <strong>Wielu intelektualist\u00f3w, artyst\u00f3w i polityk\u00f3w w Europie Zachodniej anga\u017cowa\u0142o si\u0119 w akcje wsparcia dla \u201eSolidarno\u015bci\u201d i innych opozycyjnych ruch\u00f3w.<\/strong> Organizowano zbi\u00f3rki, manifestacje i kampanie medialne maj\u0105ce na celu zwr\u00f3ci\u0107 globaln\u0105 uwag\u0119 na sytuacj\u0119 w Polsce.<\/p>\n<h2 id=\"d\u0142ugofalowe-skutki\">D\u0142ugofalowe skutki<\/h2>\n<h3 id=\"zmiana-polityki-globalnej\">Zmiana polityki globalnej<\/h3>\n<p>Wprowadzenie stanu wojennego i zachodnie reakcje na ten czyn wp\u0142yn\u0119\u0142y na zmiany w globalnej polityce. <strong>By\u0142o to jedno z wielu wydarze\u0144, kt\u00f3re doprowadzi\u0142y do eskalacji zimnej wojny oraz zmiany dynamiki relacji mi\u0119dzy Wschodem a Zachodem.<\/strong><\/p>\n<h3 id=\"wzmocnienie-nato\">Wzmocnienie NATO<\/h3>\n<p>Reakcje Zachodu na wprowadzenie stanu wojennego w Polsce r\u00f3wnie\u017c wzmocni\u0142y wsp\u00f3\u0142prac\u0119 w ramach NATO. <strong>Kraje cz\u0142onkowskie koordynowa\u0142y swoje dzia\u0142ania i sankcje, co przyczyni\u0142o si\u0119 do silniejszego i bardziej zjednoczonego frontu przeciwko ZSRR i jego satelitom.<\/strong><\/p>\n<h3 id=\"wzrost-oporu-w-polsce\">Wzrost oporu w Polsce<\/h3>\n<p>Wsparcie moralne i materialne ze strony Zachodu mia\u0142o r\u00f3wnie\u017c istotny wp\u0142yw na morale i si\u0142\u0119 polskiej opozycji. <strong>Dzi\u0119ki temu \u201eSolidarno\u015b\u0107\u201d i inne ruchy oporu by\u0142y w stanie przetrwa\u0107 i kontynuowa\u0107 swoj\u0105 dzia\u0142alno\u015b\u0107 mimo trudnych warunk\u00f3w panuj\u0105cych w kraju.<\/strong> Ostatecznie te dzia\u0142ania przyczyni\u0142y si\u0119 do os\u0142abienia w\u0142adzy komunistycznej w Polsce i wprowadzenia zmian demokratycznych w p\u00f3\u017aniejszych latach.<\/p>\n<h2 id=\"zakres-wsparcia-mi\u0119dzynarodowego\">Zakres wsparcia mi\u0119dzynarodowego<\/h2>\n<h3 id=\"pomoc-humanitarna\">Pomoc humanitarna<\/h3>\n<p>Nie tylko sankcje by\u0142y narz\u0119dziem reakcji Zachodu. <strong>Wiele kraj\u00f3w zaanga\u017cowa\u0142o si\u0119 r\u00f3wnie\u017c w pomoc humanitarn\u0105 dla Polski, wysy\u0142aj\u0105c \u017cywno\u015b\u0107, leki oraz inne niezb\u0119dne artyku\u0142y.<\/strong> Organizacje mi\u0119dzynarodowe oraz ko\u015bcio\u0142y odgrywa\u0142y tutaj kluczow\u0105 rol\u0119.<\/p>\n<h3 id=\"kampanie-informacyjne\">Kampanie informacyjne<\/h3>\n<p>Zachodnie kraje realizowa\u0142y tak\u017ce kampanie informacyjne maj\u0105ce na celu zwi\u0119kszenie \u015bwiadomo\u015bci spo\u0142ecznej o sytuacji w Polsce. <strong>Media, zw\u0142aszcza w USA i Europie Zachodniej, regularnie relacjonowa\u0142y wydarzenia w Polsce, co pomaga\u0142o w mobilizowaniu wsparcia dla opozycji.<\/strong><\/p>\n<h3 id=\"konferencje-i-deklaracje\">Konferencje i deklaracje<\/h3>\n<p>Wielu przyw\u00f3dc\u00f3w Zachodu organizowa\u0142o konferencje mi\u0119dzynarodowe, na kt\u00f3rych problem stanu wojennego w Polsce by\u0142 g\u0142\u00f3wnym tematem. <strong>Deklaracje solidarno\u015bciowe oraz polityczne dokumenty pot\u0119piaj\u0105ce dzia\u0142ania w\u0142adz PRL by\u0142y cz\u0119sto publikowane, co mia\u0142o na celu wywarcie presji mi\u0119dzynarodowej.<\/strong><\/p>\n<h2 id=\"reakcje-spo\u0142ecze\u0144stw-zachodnich\">Reakcje spo\u0142ecze\u0144stw zachodnich<\/h2>\n<h3 id=\"mobilizacja-spo\u0142eczna\">Mobilizacja spo\u0142eczna<\/h3>\n<p>Spo\u0142ecze\u0144stwa zachodnie r\u00f3wnie\u017c wyra\u017ca\u0142y swoje zdanie na temat wprowadzenia stanu wojennego. <strong>Ruchy spo\u0142eczne i organizacje pozarz\u0105dowe organizowa\u0142y manifestacje oraz akcje wsparcia dla \u201eSolidarno\u015bci\u201d.<\/strong> W wielu miastach Europy Zachodniej odbywa\u0142y si\u0119 demonstracje, w kt\u00f3rych brano udzia\u0142 tysi\u0105ce ludzi.<\/p>\n<h3 id=\"rola-medi\u00f3w\">Rola medi\u00f3w<\/h3>\n<p>Media w krajach zachodnich odegra\u0142y kluczow\u0105 rol\u0119 w informowaniu spo\u0142ecze\u0144stw o sytuacji w Polsce. <strong>Relacje prasowe, reporta\u017ce telewizyjne i radiowe stale porusza\u0142y temat wprowadzenia stanu wojennego, co pomaga\u0142o utrzyma\u0107 wysoki poziom zainteresowania i wsparcia spo\u0142ecznego.<\/strong><\/p>\n<h3 id=\"akcje-charytatywne\">Akcje charytatywne<\/h3>\n<p>W odpowiedzi na trudn\u0105 sytuacj\u0119 w Polsce, organizowano liczne akcje charytatywne. <strong>Spo\u0142ecze\u0144stwa zachodnie zbiera\u0142y fundusze na pomoc dla polskich rodzin i na wsparcie ruch\u00f3w opozycyjnych.<\/strong> Skala tych dzia\u0142a\u0144 by\u0142a ogromna i pokazywa\u0142a szerok\u0105 solidarno\u015b\u0107 ludzi z zachodniej Europy z Polakami.<\/p>\n<p>Wprowadzenie stanu wojennego w Polsce w 1981 roku spotka\u0142o si\u0119 z szerokim i wielowymiarowym odzewem ze strony kraj\u00f3w zachodnich. Od sankcji gospodarczych i izolacji politycznej po wsparcie opozycji i akcje humanitarne \u2013 reakcje Zachodu mia\u0142y znacz\u0105cy wp\u0142yw na histori\u0119 Polski i Europy w tamtym okresie. Te dzia\u0142ania mia\u0142y nie tylko kr\u00f3tkoterminowe efekty, ale r\u00f3wnie\u017c przyczyni\u0142y si\u0119 do wi\u0119kszych zmian geopolitycznych, kt\u00f3re wp\u0142yn\u0119\u0142y na koniec zimnej wojny i transformacj\u0119 ustrojow\u0105 w Europie Wschodniej.<\/p>\n","protected":false},"excerpt":{"rendered":"<p>Stosunek Zachodu wobec wprowadzenia stanu wojennego w Polsce w grudniu 1981 roku by\u0142 istotnym elementem polityki mi\u0119dzynarodowej tamtej dekady. Wprowadzenie stanu wojennego spotka\u0142o si\u0119 z r\u00f3\u017cnorodnymi reakcjami ze strony kraj\u00f3w takich jak USA oraz pa\u0144stw Europy Zachodniej, kt\u00f3re krytykowa\u0142y decyzje polskich w\u0142adz i podj\u0119\u0142y konkretne dzia\u0142ania, by wyrazi\u0107 swoje niezadowolenie. Reakcje Stan\u00f3w Zjednoczonych Polityka administracji&#8230;<\/p>\n","protected":false},"author":1,"featured_media":1379,"comment_status":"closed","ping_status":"closed","sticky":false,"template":"","format":"standard","meta":{"_kadence_starter_templates_imported_post":false,"_kad_post_transparent":"","_kad_post_title":"","_kad_post_layout":"","_kad_post_sidebar_id":"","_kad_post_content_style":"","_kad_post_vertical_padding":"","_kad_post_feature":"","_kad_post_feature_position":"","_kad_post_header":false,"_kad_post_footer":false,"_kad_post_classname":"","footnotes":""},"categories":[14],"tags":[],"class_list":["post-1458","post","type-post","status-publish","format-standard","has-post-thumbnail","hentry","category-historia"],"yoast_head":"<!-- This site is optimized with the Yoast SEO plugin v27.5 - https:\/\/yoast.com\/product\/yoast-seo-wordpress\/ -->\n<title>Zach\u00f3d wobec stanu wojennego - Grudzie\u0144 1981: Historia i Pami\u0119\u0107<\/title>\n<meta name=\"robots\" content=\"index, follow, max-snippet:-1, max-image-preview:large, max-video-preview:-1\" \/>\n<link rel=\"canonical\" href=\"https:\/\/pamiec81.pl\/index.php\/zachod-wobec-stanu-wojennego\/\" \/>\n<meta property=\"og:locale\" content=\"pl_PL\" \/>\n<meta property=\"og:type\" content=\"article\" \/>\n<meta property=\"og:title\" content=\"Zach\u00f3d wobec stanu wojennego - Grudzie\u0144 1981: Historia i Pami\u0119\u0107\" \/>\n<meta property=\"og:description\" content=\"Stosunek Zachodu wobec wprowadzenia stanu wojennego w Polsce w grudniu 1981 roku by\u0142 istotnym elementem polityki mi\u0119dzynarodowej tamtej dekady. Wprowadzenie stanu wojennego spotka\u0142o si\u0119 z r\u00f3\u017cnorodnymi reakcjami ze strony kraj\u00f3w takich jak USA oraz pa\u0144stw Europy Zachodniej, kt\u00f3re krytykowa\u0142y decyzje polskich w\u0142adz i podj\u0119\u0142y konkretne dzia\u0142ania, by wyrazi\u0107 swoje niezadowolenie. Reakcje Stan\u00f3w Zjednoczonych Polityka administracji...\" \/>\n<meta property=\"og:url\" content=\"https:\/\/pamiec81.pl\/index.php\/zachod-wobec-stanu-wojennego\/\" \/>\n<meta property=\"og:site_name\" content=\"Grudzie\u0144 1981: Historia i Pami\u0119\u0107\" \/>\n<meta property=\"article:published_time\" content=\"2024-10-14T14:46:59+00:00\" \/>\n<meta property=\"article:modified_time\" content=\"2024-10-14T15:05:07+00:00\" \/>\n<meta property=\"og:image\" content=\"https:\/\/pamiec81.pl\/wp-content\/uploads\/2024\/10\/shutterstock_2453679157.jpg\" \/>\n\t<meta property=\"og:image:width\" content=\"1000\" \/>\n\t<meta property=\"og:image:height\" content=\"665\" \/>\n\t<meta property=\"og:image:type\" content=\"image\/jpeg\" \/>\n<meta name=\"author\" content=\"pamiec81\" \/>\n<meta name=\"twitter:card\" content=\"summary_large_image\" \/>\n<meta name=\"twitter:label1\" content=\"Napisane przez\" \/>\n\t<meta name=\"twitter:data1\" content=\"pamiec81\" \/>\n\t<meta name=\"twitter:label2\" content=\"Szacowany czas czytania\" \/>\n\t<meta name=\"twitter:data2\" content=\"6 minut\" \/>\n<script type=\"application\/ld+json\" class=\"yoast-schema-graph\">{\"@context\":\"https:\\\/\\\/schema.org\",\"@graph\":[{\"@type\":\"Article\",\"@id\":\"https:\\\/\\\/pamiec81.pl\\\/index.php\\\/zachod-wobec-stanu-wojennego\\\/#article\",\"isPartOf\":{\"@id\":\"https:\\\/\\\/pamiec81.pl\\\/index.php\\\/zachod-wobec-stanu-wojennego\\\/\"},\"author\":{\"name\":\"pamiec81\",\"@id\":\"https:\\\/\\\/pamiec81.pl\\\/#\\\/schema\\\/person\\\/47024abcf028b8fcf0ddfcf373c4c57e\"},\"headline\":\"Zach\u00f3d wobec stanu wojennego\",\"datePublished\":\"2024-10-14T14:46:59+00:00\",\"dateModified\":\"2024-10-14T15:05:07+00:00\",\"mainEntityOfPage\":{\"@id\":\"https:\\\/\\\/pamiec81.pl\\\/index.php\\\/zachod-wobec-stanu-wojennego\\\/\"},\"wordCount\":1204,\"publisher\":{\"@id\":\"https:\\\/\\\/pamiec81.pl\\\/#organization\"},\"image\":{\"@id\":\"https:\\\/\\\/pamiec81.pl\\\/index.php\\\/zachod-wobec-stanu-wojennego\\\/#primaryimage\"},\"thumbnailUrl\":\"https:\\\/\\\/pamiec81.pl\\\/wp-content\\\/uploads\\\/2024\\\/10\\\/shutterstock_2453679157.jpg\",\"articleSection\":[\"HISTORIA\"],\"inLanguage\":\"pl-PL\"},{\"@type\":\"WebPage\",\"@id\":\"https:\\\/\\\/pamiec81.pl\\\/index.php\\\/zachod-wobec-stanu-wojennego\\\/\",\"url\":\"https:\\\/\\\/pamiec81.pl\\\/index.php\\\/zachod-wobec-stanu-wojennego\\\/\",\"name\":\"Zach\u00f3d wobec stanu wojennego - Grudzie\u0144 1981: Historia i Pami\u0119\u0107\",\"isPartOf\":{\"@id\":\"https:\\\/\\\/pamiec81.pl\\\/#website\"},\"primaryImageOfPage\":{\"@id\":\"https:\\\/\\\/pamiec81.pl\\\/index.php\\\/zachod-wobec-stanu-wojennego\\\/#primaryimage\"},\"image\":{\"@id\":\"https:\\\/\\\/pamiec81.pl\\\/index.php\\\/zachod-wobec-stanu-wojennego\\\/#primaryimage\"},\"thumbnailUrl\":\"https:\\\/\\\/pamiec81.pl\\\/wp-content\\\/uploads\\\/2024\\\/10\\\/shutterstock_2453679157.jpg\",\"datePublished\":\"2024-10-14T14:46:59+00:00\",\"dateModified\":\"2024-10-14T15:05:07+00:00\",\"breadcrumb\":{\"@id\":\"https:\\\/\\\/pamiec81.pl\\\/index.php\\\/zachod-wobec-stanu-wojennego\\\/#breadcrumb\"},\"inLanguage\":\"pl-PL\",\"potentialAction\":[{\"@type\":\"ReadAction\",\"target\":[\"https:\\\/\\\/pamiec81.pl\\\/index.php\\\/zachod-wobec-stanu-wojennego\\\/\"]}]},{\"@type\":\"ImageObject\",\"inLanguage\":\"pl-PL\",\"@id\":\"https:\\\/\\\/pamiec81.pl\\\/index.php\\\/zachod-wobec-stanu-wojennego\\\/#primaryimage\",\"url\":\"https:\\\/\\\/pamiec81.pl\\\/wp-content\\\/uploads\\\/2024\\\/10\\\/shutterstock_2453679157.jpg\",\"contentUrl\":\"https:\\\/\\\/pamiec81.pl\\\/wp-content\\\/uploads\\\/2024\\\/10\\\/shutterstock_2453679157.jpg\",\"width\":1000,\"height\":665,\"caption\":\"Stan wojenny\"},{\"@type\":\"BreadcrumbList\",\"@id\":\"https:\\\/\\\/pamiec81.pl\\\/index.php\\\/zachod-wobec-stanu-wojennego\\\/#breadcrumb\",\"itemListElement\":[{\"@type\":\"ListItem\",\"position\":1,\"name\":\"Strona g\u0142\u00f3wna\",\"item\":\"https:\\\/\\\/pamiec81.pl\\\/\"},{\"@type\":\"ListItem\",\"position\":2,\"name\":\"Zach\u00f3d wobec stanu wojennego\"}]},{\"@type\":\"WebSite\",\"@id\":\"https:\\\/\\\/pamiec81.pl\\\/#website\",\"url\":\"https:\\\/\\\/pamiec81.pl\\\/\",\"name\":\"Grudzie\u0144 1981: Historia i Pami\u0119\u0107\",\"description\":\"Upami\u0119tnijmy stan wojenny grudnia 1981. Razem odkrywajmy histori\u0119, dzielmy si\u0119 wspomnieniami i refleksjami o walce o wolno\u015b\u0107 i prawd\u0119.\",\"publisher\":{\"@id\":\"https:\\\/\\\/pamiec81.pl\\\/#organization\"},\"potentialAction\":[{\"@type\":\"SearchAction\",\"target\":{\"@type\":\"EntryPoint\",\"urlTemplate\":\"https:\\\/\\\/pamiec81.pl\\\/?s={search_term_string}\"},\"query-input\":{\"@type\":\"PropertyValueSpecification\",\"valueRequired\":true,\"valueName\":\"search_term_string\"}}],\"inLanguage\":\"pl-PL\"},{\"@type\":\"Organization\",\"@id\":\"https:\\\/\\\/pamiec81.pl\\\/#organization\",\"name\":\"Grudzie\u0144 1981: Historia i Pami\u0119\u0107\",\"url\":\"https:\\\/\\\/pamiec81.pl\\\/\",\"logo\":{\"@type\":\"ImageObject\",\"inLanguage\":\"pl-PL\",\"@id\":\"https:\\\/\\\/pamiec81.pl\\\/#\\\/schema\\\/logo\\\/image\\\/\",\"url\":\"https:\\\/\\\/pamiec81.pl\\\/wp-content\\\/uploads\\\/2024\\\/10\\\/polskiemorsy.net__3_-removebg-preview.png\",\"contentUrl\":\"https:\\\/\\\/pamiec81.pl\\\/wp-content\\\/uploads\\\/2024\\\/10\\\/polskiemorsy.net__3_-removebg-preview.png\",\"width\":300,\"height\":100,\"caption\":\"Grudzie\u0144 1981: Historia i Pami\u0119\u0107\"},\"image\":{\"@id\":\"https:\\\/\\\/pamiec81.pl\\\/#\\\/schema\\\/logo\\\/image\\\/\"}},{\"@type\":\"Person\",\"@id\":\"https:\\\/\\\/pamiec81.pl\\\/#\\\/schema\\\/person\\\/47024abcf028b8fcf0ddfcf373c4c57e\",\"name\":\"pamiec81\",\"image\":{\"@type\":\"ImageObject\",\"inLanguage\":\"pl-PL\",\"@id\":\"https:\\\/\\\/secure.gravatar.com\\\/avatar\\\/8c6c8a6ddc98c0d8c18a4a687166a69e5fdbc0475752245205a512500cb18d08?s=96&d=mm&r=g\",\"url\":\"https:\\\/\\\/secure.gravatar.com\\\/avatar\\\/8c6c8a6ddc98c0d8c18a4a687166a69e5fdbc0475752245205a512500cb18d08?s=96&d=mm&r=g\",\"contentUrl\":\"https:\\\/\\\/secure.gravatar.com\\\/avatar\\\/8c6c8a6ddc98c0d8c18a4a687166a69e5fdbc0475752245205a512500cb18d08?s=96&d=mm&r=g\",\"caption\":\"pamiec81\"},\"sameAs\":[\"https:\\\/\\\/pamiec81.pl\"],\"url\":\"https:\\\/\\\/pamiec81.pl\\\/index.php\\\/author\\\/pamiec\\\/\"}]}<\/script>\n<!-- \/ Yoast SEO plugin. -->","yoast_head_json":{"title":"Zach\u00f3d wobec stanu wojennego - Grudzie\u0144 1981: Historia i Pami\u0119\u0107","robots":{"index":"index","follow":"follow","max-snippet":"max-snippet:-1","max-image-preview":"max-image-preview:large","max-video-preview":"max-video-preview:-1"},"canonical":"https:\/\/pamiec81.pl\/index.php\/zachod-wobec-stanu-wojennego\/","og_locale":"pl_PL","og_type":"article","og_title":"Zach\u00f3d wobec stanu wojennego - Grudzie\u0144 1981: Historia i Pami\u0119\u0107","og_description":"Stosunek Zachodu wobec wprowadzenia stanu wojennego w Polsce w grudniu 1981 roku by\u0142 istotnym elementem polityki mi\u0119dzynarodowej tamtej dekady. Wprowadzenie stanu wojennego spotka\u0142o si\u0119 z r\u00f3\u017cnorodnymi reakcjami ze strony kraj\u00f3w takich jak USA oraz pa\u0144stw Europy Zachodniej, kt\u00f3re krytykowa\u0142y decyzje polskich w\u0142adz i podj\u0119\u0142y konkretne dzia\u0142ania, by wyrazi\u0107 swoje niezadowolenie. Reakcje Stan\u00f3w Zjednoczonych Polityka administracji...","og_url":"https:\/\/pamiec81.pl\/index.php\/zachod-wobec-stanu-wojennego\/","og_site_name":"Grudzie\u0144 1981: Historia i Pami\u0119\u0107","article_published_time":"2024-10-14T14:46:59+00:00","article_modified_time":"2024-10-14T15:05:07+00:00","og_image":[{"width":1000,"height":665,"url":"https:\/\/pamiec81.pl\/wp-content\/uploads\/2024\/10\/shutterstock_2453679157.jpg","type":"image\/jpeg"}],"author":"pamiec81","twitter_card":"summary_large_image","twitter_misc":{"Napisane przez":"pamiec81","Szacowany czas czytania":"6 minut"},"schema":{"@context":"https:\/\/schema.org","@graph":[{"@type":"Article","@id":"https:\/\/pamiec81.pl\/index.php\/zachod-wobec-stanu-wojennego\/#article","isPartOf":{"@id":"https:\/\/pamiec81.pl\/index.php\/zachod-wobec-stanu-wojennego\/"},"author":{"name":"pamiec81","@id":"https:\/\/pamiec81.pl\/#\/schema\/person\/47024abcf028b8fcf0ddfcf373c4c57e"},"headline":"Zach\u00f3d wobec stanu wojennego","datePublished":"2024-10-14T14:46:59+00:00","dateModified":"2024-10-14T15:05:07+00:00","mainEntityOfPage":{"@id":"https:\/\/pamiec81.pl\/index.php\/zachod-wobec-stanu-wojennego\/"},"wordCount":1204,"publisher":{"@id":"https:\/\/pamiec81.pl\/#organization"},"image":{"@id":"https:\/\/pamiec81.pl\/index.php\/zachod-wobec-stanu-wojennego\/#primaryimage"},"thumbnailUrl":"https:\/\/pamiec81.pl\/wp-content\/uploads\/2024\/10\/shutterstock_2453679157.jpg","articleSection":["HISTORIA"],"inLanguage":"pl-PL"},{"@type":"WebPage","@id":"https:\/\/pamiec81.pl\/index.php\/zachod-wobec-stanu-wojennego\/","url":"https:\/\/pamiec81.pl\/index.php\/zachod-wobec-stanu-wojennego\/","name":"Zach\u00f3d wobec stanu wojennego - Grudzie\u0144 1981: Historia i Pami\u0119\u0107","isPartOf":{"@id":"https:\/\/pamiec81.pl\/#website"},"primaryImageOfPage":{"@id":"https:\/\/pamiec81.pl\/index.php\/zachod-wobec-stanu-wojennego\/#primaryimage"},"image":{"@id":"https:\/\/pamiec81.pl\/index.php\/zachod-wobec-stanu-wojennego\/#primaryimage"},"thumbnailUrl":"https:\/\/pamiec81.pl\/wp-content\/uploads\/2024\/10\/shutterstock_2453679157.jpg","datePublished":"2024-10-14T14:46:59+00:00","dateModified":"2024-10-14T15:05:07+00:00","breadcrumb":{"@id":"https:\/\/pamiec81.pl\/index.php\/zachod-wobec-stanu-wojennego\/#breadcrumb"},"inLanguage":"pl-PL","potentialAction":[{"@type":"ReadAction","target":["https:\/\/pamiec81.pl\/index.php\/zachod-wobec-stanu-wojennego\/"]}]},{"@type":"ImageObject","inLanguage":"pl-PL","@id":"https:\/\/pamiec81.pl\/index.php\/zachod-wobec-stanu-wojennego\/#primaryimage","url":"https:\/\/pamiec81.pl\/wp-content\/uploads\/2024\/10\/shutterstock_2453679157.jpg","contentUrl":"https:\/\/pamiec81.pl\/wp-content\/uploads\/2024\/10\/shutterstock_2453679157.jpg","width":1000,"height":665,"caption":"Stan wojenny"},{"@type":"BreadcrumbList","@id":"https:\/\/pamiec81.pl\/index.php\/zachod-wobec-stanu-wojennego\/#breadcrumb","itemListElement":[{"@type":"ListItem","position":1,"name":"Strona g\u0142\u00f3wna","item":"https:\/\/pamiec81.pl\/"},{"@type":"ListItem","position":2,"name":"Zach\u00f3d wobec stanu wojennego"}]},{"@type":"WebSite","@id":"https:\/\/pamiec81.pl\/#website","url":"https:\/\/pamiec81.pl\/","name":"Grudzie\u0144 1981: Historia i Pami\u0119\u0107","description":"Upami\u0119tnijmy stan wojenny grudnia 1981. Razem odkrywajmy histori\u0119, dzielmy si\u0119 wspomnieniami i refleksjami o walce o wolno\u015b\u0107 i prawd\u0119.","publisher":{"@id":"https:\/\/pamiec81.pl\/#organization"},"potentialAction":[{"@type":"SearchAction","target":{"@type":"EntryPoint","urlTemplate":"https:\/\/pamiec81.pl\/?s={search_term_string}"},"query-input":{"@type":"PropertyValueSpecification","valueRequired":true,"valueName":"search_term_string"}}],"inLanguage":"pl-PL"},{"@type":"Organization","@id":"https:\/\/pamiec81.pl\/#organization","name":"Grudzie\u0144 1981: Historia i Pami\u0119\u0107","url":"https:\/\/pamiec81.pl\/","logo":{"@type":"ImageObject","inLanguage":"pl-PL","@id":"https:\/\/pamiec81.pl\/#\/schema\/logo\/image\/","url":"https:\/\/pamiec81.pl\/wp-content\/uploads\/2024\/10\/polskiemorsy.net__3_-removebg-preview.png","contentUrl":"https:\/\/pamiec81.pl\/wp-content\/uploads\/2024\/10\/polskiemorsy.net__3_-removebg-preview.png","width":300,"height":100,"caption":"Grudzie\u0144 1981: Historia i Pami\u0119\u0107"},"image":{"@id":"https:\/\/pamiec81.pl\/#\/schema\/logo\/image\/"}},{"@type":"Person","@id":"https:\/\/pamiec81.pl\/#\/schema\/person\/47024abcf028b8fcf0ddfcf373c4c57e","name":"pamiec81","image":{"@type":"ImageObject","inLanguage":"pl-PL","@id":"https:\/\/secure.gravatar.com\/avatar\/8c6c8a6ddc98c0d8c18a4a687166a69e5fdbc0475752245205a512500cb18d08?s=96&d=mm&r=g","url":"https:\/\/secure.gravatar.com\/avatar\/8c6c8a6ddc98c0d8c18a4a687166a69e5fdbc0475752245205a512500cb18d08?s=96&d=mm&r=g","contentUrl":"https:\/\/secure.gravatar.com\/avatar\/8c6c8a6ddc98c0d8c18a4a687166a69e5fdbc0475752245205a512500cb18d08?s=96&d=mm&r=g","caption":"pamiec81"},"sameAs":["https:\/\/pamiec81.pl"],"url":"https:\/\/pamiec81.pl\/index.php\/author\/pamiec\/"}]}},"_links":{"self":[{"href":"https:\/\/pamiec81.pl\/index.php\/wp-json\/wp\/v2\/posts\/1458","targetHints":{"allow":["GET"]}}],"collection":[{"href":"https:\/\/pamiec81.pl\/index.php\/wp-json\/wp\/v2\/posts"}],"about":[{"href":"https:\/\/pamiec81.pl\/index.php\/wp-json\/wp\/v2\/types\/post"}],"author":[{"embeddable":true,"href":"https:\/\/pamiec81.pl\/index.php\/wp-json\/wp\/v2\/users\/1"}],"replies":[{"embeddable":true,"href":"https:\/\/pamiec81.pl\/index.php\/wp-json\/wp\/v2\/comments?post=1458"}],"version-history":[{"count":2,"href":"https:\/\/pamiec81.pl\/index.php\/wp-json\/wp\/v2\/posts\/1458\/revisions"}],"predecessor-version":[{"id":1504,"href":"https:\/\/pamiec81.pl\/index.php\/wp-json\/wp\/v2\/posts\/1458\/revisions\/1504"}],"wp:featuredmedia":[{"embeddable":true,"href":"https:\/\/pamiec81.pl\/index.php\/wp-json\/wp\/v2\/media\/1379"}],"wp:attachment":[{"href":"https:\/\/pamiec81.pl\/index.php\/wp-json\/wp\/v2\/media?parent=1458"}],"wp:term":[{"taxonomy":"category","embeddable":true,"href":"https:\/\/pamiec81.pl\/index.php\/wp-json\/wp\/v2\/categories?post=1458"},{"taxonomy":"post_tag","embeddable":true,"href":"https:\/\/pamiec81.pl\/index.php\/wp-json\/wp\/v2\/tags?post=1458"}],"curies":[{"name":"wp","href":"https:\/\/api.w.org\/{rel}","templated":true}]}}