{"id":1457,"date":"2024-10-14T14:46:09","date_gmt":"2024-10-14T14:46:09","guid":{"rendered":"https:\/\/pamiec81.pl\/index.php\/miedzynarodowa-reakcja-na-stan-wojenny\/"},"modified":"2024-10-14T15:01:09","modified_gmt":"2024-10-14T15:01:09","slug":"miedzynarodowa-reakcja-na-stan-wojenny","status":"publish","type":"post","link":"https:\/\/pamiec81.pl\/index.php\/miedzynarodowa-reakcja-na-stan-wojenny\/","title":{"rendered":"Mi\u0119dzynarodowa reakcja na stan wojenny"},"content":{"rendered":"<p><strong>Stan wojenny, kt\u00f3ry wprowadzono w Polsce 13 grudnia 1981 roku, wzbudzi\u0142 ogromne zainteresowanie i r\u00f3\u017cnorodne reakcje na ca\u0142ym \u015bwiecie. Mi\u0119dzynarodowa spo\u0142eczno\u015b\u0107 by\u0142a zszokowana tak drastycznym krokiem w\u0142adz PRL, co wywo\u0142a\u0142o fale protest\u00f3w, sankcji oraz wsparcia dla opozycji.<\/strong><\/p>\n<h3 id=\"reakcje-rz\u0105d\u00f3w-pa\u0144stw-zachodnich\">Reakcje rz\u0105d\u00f3w pa\u0144stw zachodnich<\/h3>\n<h4 id=\"stanowisko-stan\u00f3w-zjednoczonych\">Stanowisko Stan\u00f3w Zjednoczonych<\/h4>\n<p>USA szybko zareagowa\u0142o na wydarzenia w Polsce, widz\u0105c wprowadzenie stanu wojennego jako akt t\u0142umienia demokratycznych aspiracji Polak\u00f3w przez w\u0142adze komunistyczne. Prezydent Ronald Reagan natychmiast pot\u0119pi\u0142 dzia\u0142ania Wojciecha Jaruzelskiego i wprowadzi\u0142 sankcje gospodarcze, kt\u00f3re mia\u0142y na celu izolacj\u0119 re\u017cimu PRL na arenie mi\u0119dzynarodowej. Sankcje obejmowa\u0142y ograniczenia handlowe oraz zamro\u017cenie pomocy ekonomicznej. Dodatkowo, ameryka\u0144skie organizacje pozarz\u0105dowe zwi\u0119kszy\u0142y swoje wsparcie dla polskiej opozycji, dostarczaj\u0105c m.in. sprz\u0119t radiowy i drukarski.<\/p>\n<h4 id=\"reakcje-kraj\u00f3w-europy-zachodniej\">Reakcje kraj\u00f3w Europy Zachodniej<\/h4>\n<p>Wielka Brytania, Francja i Niemcy Wschodnie r\u00f3wnie\u017c wyrazi\u0142y swoje zaniepokojenie sytuacj\u0105 w Polsce. W ci\u0105gu pierwszych dni od wprowadzenia stanu wojennego, liderzy tych kraj\u00f3w pot\u0119pili dzia\u0142ania w\u0142adz PRL i zaapelowali o natychmiastowe przywr\u00f3cenie swob\u00f3d obywatelskich. Brytyjski premier Margaret Thatcher opublikowa\u0142a o\u015bwiadczenie, w kt\u00f3rym wyrazi\u0142a solidarno\u015b\u0107 z polskim narodem i zobowi\u0105za\u0142a si\u0119 do udzielenia wszelkiej mo\u017cliwej pomocy opozycji demokratycznej.<\/p>\n<h3 id=\"reakcje-instytucji-mi\u0119dzynarodowych\">Reakcje instytucji mi\u0119dzynarodowych<\/h3>\n<h4 id=\"organizacja-narod\u00f3w-zjednoczonych\">Organizacja Narod\u00f3w Zjednoczonych<\/h4>\n<p>ONZ szybko skierowa\u0142a uwag\u0119 na sytuacj\u0119 w Polsce, przyjmuj\u0105c rezolucj\u0119 pot\u0119piaj\u0105c\u0105 wprowadzenie stanu wojennego i wzywaj\u0105c\u0105 do ochrony praw cz\u0142owieka. Kilka pa\u0144stw cz\u0142onkowskich ONZ apelowa\u0142o o zwo\u0142anie nadzwyczajnego posiedzenia Rady Bezpiecze\u0144stwa, aby przedyskutowa\u0107 mo\u017cliwe sankcje i \u015brodki nacisku na rz\u0105d PRL.<\/p>\n<h4 id=\"unia-europejska\">Unia Europejska<\/h4>\n<p>Chocia\u017c w latach 80. Unia Europejska jeszcze nie istnia\u0142a w obecnej formie, Wsp\u00f3lnota Europejska (EC) r\u00f3wnie\u017c wyrazi\u0142a swoje zaniepokojenie. Kraje cz\u0142onkowskie EC zareagowa\u0142y wsp\u00f3lnie, wprowadzaj\u0105c r\u00f3\u017cnorodne sankcje ekonomiczne i polityczne wobec PRL. W po\u0142\u0105czeniu z USA, starano si\u0119 stworzy\u0107 szerok\u0105 koalicj\u0119, kt\u00f3rej celem by\u0142o zwi\u0119kszenie presji na polski re\u017cim.<\/p>\n<h3 id=\"reakcje-spo\u0142eczno\u015bci-mi\u0119dzynarodowej\">Reakcje spo\u0142eczno\u015bci mi\u0119dzynarodowej<\/h3>\n<h4 id=\"protesty-mi\u0119dzynarodowe\">Protesty mi\u0119dzynarodowe<\/h4>\n<p>Na ca\u0142ym \u015bwiecie zorganizowano liczne demonstracje i wiece poparcia dla polskiej opozycji. W miastach takich jak Londyn, Pary\u017c, Nowy Jork i Sydney, tysi\u0105ce ludzi wysz\u0142o na ulice, aby wyrazi\u0107 solidarno\u015b\u0107 z Polakami. Transparenty i has\u0142a skandowane przez protestuj\u0105cych podkre\u015bla\u0142y potrzeb\u0119 demokracji i wolno\u015bci w Polsce.<\/p>\n<h4 id=\"rola-diaspory-polskiej\">Rola diaspory polskiej<\/h4>\n<p>Polonia na ca\u0142ym \u015bwiecie r\u00f3wnie\u017c odegra\u0142a kluczow\u0105 rol\u0119 w mobilizacji wsparcia. W Stanach Zjednoczonych, Kanadzie, Australii i innych krajach, organizowano liczne akcje informacyjne, zbi\u00f3rki pieni\u0119dzy oraz wysy\u0142ano listy protestacyjne do rz\u0105d\u00f3w swoich kraj\u00f3w, apeluj\u0105c o interwencj\u0119 i pomoc dla Polski.<\/p>\n<h3 id=\"sankcje-gospodarcze-i-ich-skutki\">Sankcje gospodarcze i ich skutki<\/h3>\n<h4 id=\"wp\u0142yw-na-gospodark\u0119-prl\">Wp\u0142yw na gospodark\u0119 PRL<\/h4>\n<p>Sankcje wprowadzone przez Zach\u00f3d mia\u0142y powa\u017cne konsekwencje dla gospodarki PRL. Ograniczenia handlowe oraz zamro\u017cenie kredyt\u00f3w mi\u0119dzynarodowych doprowadzi\u0142y do pog\u0142\u0119bienia problem\u00f3w ekonomicznych, z kt\u00f3rymi Polska boryka\u0142a si\u0119 ju\u017c wcze\u015bniej. Import wielu strategicznych surowc\u00f3w zosta\u0142 ograniczony, co wp\u0142yn\u0119\u0142o na przemys\u0142 krajowy i codzienne \u017cycie obywateli.<\/p>\n<h4 id=\"skutki-spo\u0142eczne\">Skutki spo\u0142eczne<\/h4>\n<p>Sankcje mia\u0142y tak\u017ce spory wp\u0142yw na spo\u0142ecze\u0144stwo. Brak dost\u0119pu do finansowania i produkt\u00f3w z Zachodu pogorszy\u0142 standard \u017cycia wielu Polak\u00f3w. Coraz wi\u0119cej ludzi zacz\u0119\u0142o zdawa\u0107 sobie spraw\u0119 z izolacji mi\u0119dzynarodowej i jej konsekwencji, co w d\u0142u\u017cszej perspektywie przyczyni\u0142o si\u0119 do wzrostu niezadowolenia z re\u017cimu.<\/p>\n<h3 id=\"dzia\u0142ania-opozycji-i-pomoc-mi\u0119dzynarodowa\">Dzia\u0142ania opozycji i pomoc mi\u0119dzynarodowa<\/h3>\n<h4 id=\"rola-solidarno\u015bci\">Rola Solidarno\u015bci<\/h4>\n<p>Solidarno\u015b\u0107, chocia\u017c oficjalnie zdelegalizowana, kontynuowa\u0142a dzia\u0142alno\u015b\u0107 w podziemiu. Tajne struktury organizacji by\u0142y wspierane finansowo i materialnie przez mi\u0119dzynarodowe organizacje oraz rz\u0105dy pa\u0144stw zachodnich. Pomoc ta obejmowa\u0142a nie tylko fundusze, ale r\u00f3wnie\u017c sprz\u0119t drukarski, literatur\u0119 oraz sprz\u0119t komunikacyjny.<\/p>\n<h4 id=\"wsparcie-ze-strony-ko\u015bcio\u0142a-katolickiego\">Wsparcie ze strony ko\u015bcio\u0142a katolickiego<\/h4>\n<p>Ko\u015bci\u00f3\u0142 katolicki, zar\u00f3wno w Polsce, jak i na arenie mi\u0119dzynarodowej, odegra\u0142 kluczow\u0105 rol\u0119 w oporze przeciwko stanowi wojennemu. Papie\u017c Jan Pawe\u0142 II wielokrotnie wyra\u017ca\u0142 swoje wsparcie dla Solidarno\u015bci oraz apelowa\u0142 o poszanowanie praw cz\u0142owieka w Polsce. Ko\u015bcio\u0142y sta\u0142y si\u0119 miejscami spotka\u0144 i schronienia dla dzia\u0142aczy opozycji.<\/p>\n<h3 id=\"reakcje-blok\u00f3w-wschodnich-i-kraj\u00f3w-komunistycznych\">Reakcje blok\u00f3w wschodnich i kraj\u00f3w komunistycznych<\/h3>\n<h4 id=\"stanowisko-zsrr\">Stanowisko ZSRR<\/h4>\n<p>Zwi\u0105zek Radziecki oficjalnie popar\u0142 decyzj\u0119 o wprowadzeniu stanu wojennego, uznaj\u0105c to za konieczny krok w obronie socjalizmu. Moskwa wyrazi\u0142a gotowo\u015b\u0107 do udzielenia wsparcia w\u0142adzom PRL, zar\u00f3wno finansowego, jak i militarnego, cho\u0107 ostatecznie do \u017cadnej bezpo\u015bredniej interwencji nie dosz\u0142o. Wewn\u0119trzne memoranda sugeruj\u0105 jednak, \u017ce radzieckie kierownictwo mia\u0142o obawy co do stabilno\u015bci regionu.<\/p>\n<h4 id=\"reakcje-innych-kraj\u00f3w-socjalistycznych\">Reakcje innych kraj\u00f3w socjalistycznych<\/h4>\n<p>Inne kraje socjalistyczne r\u00f3wnie\u017c popar\u0142y wprowadzenie stanu wojennego, chocia\u017c w niekt\u00f3rych z nich mo\u017cna by\u0142o dostrzec pewne symptomy niezadowolenia. Przyk\u0142adem mog\u0105 by\u0107 W\u0119gry, kt\u00f3re co prawda oficjalnie popar\u0142y decyzj\u0119 Jaruzelskiego, ale w\u015br\u00f3d w\u0119gierskiej opozycji pojawi\u0142y si\u0119 g\u0142osy krytyki wobec tak drastycznych dzia\u0142a\u0144.<\/p>\n<h3 id=\"wp\u0142yw-stanu-wojennego-na-mi\u0119dzynarodow\u0105-polityk\u0119\">Wp\u0142yw stanu wojennego na mi\u0119dzynarodow\u0105 polityk\u0119<\/h3>\n<h4 id=\"polityka-zimnowojenna\">Polityka zimnowojenna<\/h4>\n<p>Wprowadzenie stanu wojennego wp\u0142yn\u0119\u0142o na relacje mi\u0119dzy Wschodem a Zachodem, dodatkowo zaostrzaj\u0105c napi\u0119cia zimnowojenne. Zach\u00f3d postrzega\u0142 to jako kolejny przyk\u0142ad agresji komunistycznej, co spowodowa\u0142o zwi\u0119kszon\u0105 gotowo\u015b\u0107 militarn\u0105 NATO. W tym kontek\u015bcie Polska sta\u0142a si\u0119 kolejnym punktem zapalnym w globalnej rywalizacji.<\/p>\n<h4 id=\"d\u0142ugofalowe-efekty\">D\u0142ugofalowe efekty<\/h4>\n<p>Chocia\u017c bezpo\u015brednie efekty stanu wojennego by\u0142y bardzo bolesne dla Polski, w d\u0142u\u017cszej perspektywie dzia\u0142ania te przyczyni\u0142y si\u0119 do przyspieszenia upadku re\u017cimu komunistycznego. Zwi\u0119kszona mi\u0119dzynarodowa presja, po\u0142\u0105czona z narastaj\u0105cym niezadowoleniem wewn\u0105trz kraju, doprowadzi\u0142y w ko\u0144cu do Okr\u0105g\u0142ego Sto\u0142u i pierwszych wolnych wybor\u00f3w w 1989 roku.<\/p>\n<p>Stan wojenny i reakcja mi\u0119dzynarodowa na jego wprowadzenie mia\u0142y kluczowy wp\u0142yw na histori\u0119 Polski i \u015bwiata. Wydarzenia te pokaza\u0142y, jak globalna opinia publiczna oraz nacisk mi\u0119dzynarodowy mog\u0105 wp\u0142ywa\u0107 na rozw\u00f3j sytuacji politycznej w danym kraju. Sankcje, protesty oraz mi\u0119dzynarodowe wsparcie dla opozycji odegra\u0142y znacz\u0105c\u0105 rol\u0119 w os\u0142abieniu re\u017cimu komunistycznego w Polsce i przyspieszy\u0142y demokratyczne przemiany w Europie Wschodniej.<\/p>\n","protected":false},"excerpt":{"rendered":"<p>Stan wojenny, kt\u00f3ry wprowadzono w Polsce 13 grudnia 1981 roku, wzbudzi\u0142 ogromne zainteresowanie i r\u00f3\u017cnorodne reakcje na ca\u0142ym \u015bwiecie. Mi\u0119dzynarodowa spo\u0142eczno\u015b\u0107 by\u0142a zszokowana tak drastycznym krokiem w\u0142adz PRL, co wywo\u0142a\u0142o fale protest\u00f3w, sankcji oraz wsparcia dla opozycji. Reakcje rz\u0105d\u00f3w pa\u0144stw zachodnich Stanowisko Stan\u00f3w Zjednoczonych USA szybko zareagowa\u0142o na wydarzenia w Polsce, widz\u0105c wprowadzenie stanu wojennego&#8230;<\/p>\n","protected":false},"author":1,"featured_media":1368,"comment_status":"closed","ping_status":"","sticky":false,"template":"","format":"standard","meta":{"_kadence_starter_templates_imported_post":false,"_kad_post_transparent":"","_kad_post_title":"","_kad_post_layout":"","_kad_post_sidebar_id":"","_kad_post_content_style":"","_kad_post_vertical_padding":"","_kad_post_feature":"","_kad_post_feature_position":"","_kad_post_header":false,"_kad_post_footer":false,"_kad_post_classname":"","footnotes":""},"categories":[14],"tags":[],"class_list":["post-1457","post","type-post","status-publish","format-standard","has-post-thumbnail","hentry","category-historia"],"yoast_head":"<!-- This site is optimized with the Yoast SEO plugin v27.5 - https:\/\/yoast.com\/product\/yoast-seo-wordpress\/ -->\n<title>Mi\u0119dzynarodowa reakcja na stan wojenny - Grudzie\u0144 1981: Historia i Pami\u0119\u0107<\/title>\n<meta name=\"robots\" content=\"index, follow, max-snippet:-1, max-image-preview:large, max-video-preview:-1\" \/>\n<link rel=\"canonical\" href=\"https:\/\/pamiec81.pl\/index.php\/miedzynarodowa-reakcja-na-stan-wojenny\/\" \/>\n<meta property=\"og:locale\" content=\"pl_PL\" \/>\n<meta property=\"og:type\" content=\"article\" \/>\n<meta property=\"og:title\" content=\"Mi\u0119dzynarodowa reakcja na stan wojenny - Grudzie\u0144 1981: Historia i Pami\u0119\u0107\" \/>\n<meta property=\"og:description\" content=\"Stan wojenny, kt\u00f3ry wprowadzono w Polsce 13 grudnia 1981 roku, wzbudzi\u0142 ogromne zainteresowanie i r\u00f3\u017cnorodne reakcje na ca\u0142ym \u015bwiecie. Mi\u0119dzynarodowa spo\u0142eczno\u015b\u0107 by\u0142a zszokowana tak drastycznym krokiem w\u0142adz PRL, co wywo\u0142a\u0142o fale protest\u00f3w, sankcji oraz wsparcia dla opozycji. Reakcje rz\u0105d\u00f3w pa\u0144stw zachodnich Stanowisko Stan\u00f3w Zjednoczonych USA szybko zareagowa\u0142o na wydarzenia w Polsce, widz\u0105c wprowadzenie stanu wojennego...\" \/>\n<meta property=\"og:url\" content=\"https:\/\/pamiec81.pl\/index.php\/miedzynarodowa-reakcja-na-stan-wojenny\/\" \/>\n<meta property=\"og:site_name\" content=\"Grudzie\u0144 1981: Historia i Pami\u0119\u0107\" \/>\n<meta property=\"article:published_time\" content=\"2024-10-14T14:46:09+00:00\" \/>\n<meta property=\"article:modified_time\" content=\"2024-10-14T15:01:09+00:00\" \/>\n<meta property=\"og:image\" content=\"https:\/\/pamiec81.pl\/wp-content\/uploads\/2024\/10\/shutterstock_2324819439.jpg\" \/>\n\t<meta property=\"og:image:width\" content=\"1000\" \/>\n\t<meta property=\"og:image:height\" content=\"667\" \/>\n\t<meta property=\"og:image:type\" content=\"image\/jpeg\" \/>\n<meta name=\"author\" content=\"pamiec81\" \/>\n<meta name=\"twitter:card\" content=\"summary_large_image\" \/>\n<meta name=\"twitter:label1\" content=\"Napisane przez\" \/>\n\t<meta name=\"twitter:data1\" content=\"pamiec81\" \/>\n\t<meta name=\"twitter:label2\" content=\"Szacowany czas czytania\" \/>\n\t<meta name=\"twitter:data2\" content=\"5 minut\" \/>\n<script type=\"application\/ld+json\" class=\"yoast-schema-graph\">{\"@context\":\"https:\\\/\\\/schema.org\",\"@graph\":[{\"@type\":\"Article\",\"@id\":\"https:\\\/\\\/pamiec81.pl\\\/index.php\\\/miedzynarodowa-reakcja-na-stan-wojenny\\\/#article\",\"isPartOf\":{\"@id\":\"https:\\\/\\\/pamiec81.pl\\\/index.php\\\/miedzynarodowa-reakcja-na-stan-wojenny\\\/\"},\"author\":{\"name\":\"pamiec81\",\"@id\":\"https:\\\/\\\/pamiec81.pl\\\/#\\\/schema\\\/person\\\/47024abcf028b8fcf0ddfcf373c4c57e\"},\"headline\":\"Mi\u0119dzynarodowa reakcja na stan wojenny\",\"datePublished\":\"2024-10-14T14:46:09+00:00\",\"dateModified\":\"2024-10-14T15:01:09+00:00\",\"mainEntityOfPage\":{\"@id\":\"https:\\\/\\\/pamiec81.pl\\\/index.php\\\/miedzynarodowa-reakcja-na-stan-wojenny\\\/\"},\"wordCount\":1047,\"publisher\":{\"@id\":\"https:\\\/\\\/pamiec81.pl\\\/#organization\"},\"image\":{\"@id\":\"https:\\\/\\\/pamiec81.pl\\\/index.php\\\/miedzynarodowa-reakcja-na-stan-wojenny\\\/#primaryimage\"},\"thumbnailUrl\":\"https:\\\/\\\/pamiec81.pl\\\/wp-content\\\/uploads\\\/2024\\\/10\\\/shutterstock_2324819439.jpg\",\"articleSection\":[\"HISTORIA\"],\"inLanguage\":\"pl-PL\"},{\"@type\":\"WebPage\",\"@id\":\"https:\\\/\\\/pamiec81.pl\\\/index.php\\\/miedzynarodowa-reakcja-na-stan-wojenny\\\/\",\"url\":\"https:\\\/\\\/pamiec81.pl\\\/index.php\\\/miedzynarodowa-reakcja-na-stan-wojenny\\\/\",\"name\":\"Mi\u0119dzynarodowa reakcja na stan wojenny - Grudzie\u0144 1981: Historia i Pami\u0119\u0107\",\"isPartOf\":{\"@id\":\"https:\\\/\\\/pamiec81.pl\\\/#website\"},\"primaryImageOfPage\":{\"@id\":\"https:\\\/\\\/pamiec81.pl\\\/index.php\\\/miedzynarodowa-reakcja-na-stan-wojenny\\\/#primaryimage\"},\"image\":{\"@id\":\"https:\\\/\\\/pamiec81.pl\\\/index.php\\\/miedzynarodowa-reakcja-na-stan-wojenny\\\/#primaryimage\"},\"thumbnailUrl\":\"https:\\\/\\\/pamiec81.pl\\\/wp-content\\\/uploads\\\/2024\\\/10\\\/shutterstock_2324819439.jpg\",\"datePublished\":\"2024-10-14T14:46:09+00:00\",\"dateModified\":\"2024-10-14T15:01:09+00:00\",\"breadcrumb\":{\"@id\":\"https:\\\/\\\/pamiec81.pl\\\/index.php\\\/miedzynarodowa-reakcja-na-stan-wojenny\\\/#breadcrumb\"},\"inLanguage\":\"pl-PL\",\"potentialAction\":[{\"@type\":\"ReadAction\",\"target\":[\"https:\\\/\\\/pamiec81.pl\\\/index.php\\\/miedzynarodowa-reakcja-na-stan-wojenny\\\/\"]}]},{\"@type\":\"ImageObject\",\"inLanguage\":\"pl-PL\",\"@id\":\"https:\\\/\\\/pamiec81.pl\\\/index.php\\\/miedzynarodowa-reakcja-na-stan-wojenny\\\/#primaryimage\",\"url\":\"https:\\\/\\\/pamiec81.pl\\\/wp-content\\\/uploads\\\/2024\\\/10\\\/shutterstock_2324819439.jpg\",\"contentUrl\":\"https:\\\/\\\/pamiec81.pl\\\/wp-content\\\/uploads\\\/2024\\\/10\\\/shutterstock_2324819439.jpg\",\"width\":1000,\"height\":667,\"caption\":\"Historia Polski\"},{\"@type\":\"BreadcrumbList\",\"@id\":\"https:\\\/\\\/pamiec81.pl\\\/index.php\\\/miedzynarodowa-reakcja-na-stan-wojenny\\\/#breadcrumb\",\"itemListElement\":[{\"@type\":\"ListItem\",\"position\":1,\"name\":\"Strona g\u0142\u00f3wna\",\"item\":\"https:\\\/\\\/pamiec81.pl\\\/\"},{\"@type\":\"ListItem\",\"position\":2,\"name\":\"Mi\u0119dzynarodowa reakcja na stan wojenny\"}]},{\"@type\":\"WebSite\",\"@id\":\"https:\\\/\\\/pamiec81.pl\\\/#website\",\"url\":\"https:\\\/\\\/pamiec81.pl\\\/\",\"name\":\"Grudzie\u0144 1981: Historia i Pami\u0119\u0107\",\"description\":\"Upami\u0119tnijmy stan wojenny grudnia 1981. Razem odkrywajmy histori\u0119, dzielmy si\u0119 wspomnieniami i refleksjami o walce o wolno\u015b\u0107 i prawd\u0119.\",\"publisher\":{\"@id\":\"https:\\\/\\\/pamiec81.pl\\\/#organization\"},\"potentialAction\":[{\"@type\":\"SearchAction\",\"target\":{\"@type\":\"EntryPoint\",\"urlTemplate\":\"https:\\\/\\\/pamiec81.pl\\\/?s={search_term_string}\"},\"query-input\":{\"@type\":\"PropertyValueSpecification\",\"valueRequired\":true,\"valueName\":\"search_term_string\"}}],\"inLanguage\":\"pl-PL\"},{\"@type\":\"Organization\",\"@id\":\"https:\\\/\\\/pamiec81.pl\\\/#organization\",\"name\":\"Grudzie\u0144 1981: Historia i Pami\u0119\u0107\",\"url\":\"https:\\\/\\\/pamiec81.pl\\\/\",\"logo\":{\"@type\":\"ImageObject\",\"inLanguage\":\"pl-PL\",\"@id\":\"https:\\\/\\\/pamiec81.pl\\\/#\\\/schema\\\/logo\\\/image\\\/\",\"url\":\"https:\\\/\\\/pamiec81.pl\\\/wp-content\\\/uploads\\\/2024\\\/10\\\/polskiemorsy.net__3_-removebg-preview.png\",\"contentUrl\":\"https:\\\/\\\/pamiec81.pl\\\/wp-content\\\/uploads\\\/2024\\\/10\\\/polskiemorsy.net__3_-removebg-preview.png\",\"width\":300,\"height\":100,\"caption\":\"Grudzie\u0144 1981: Historia i Pami\u0119\u0107\"},\"image\":{\"@id\":\"https:\\\/\\\/pamiec81.pl\\\/#\\\/schema\\\/logo\\\/image\\\/\"}},{\"@type\":\"Person\",\"@id\":\"https:\\\/\\\/pamiec81.pl\\\/#\\\/schema\\\/person\\\/47024abcf028b8fcf0ddfcf373c4c57e\",\"name\":\"pamiec81\",\"image\":{\"@type\":\"ImageObject\",\"inLanguage\":\"pl-PL\",\"@id\":\"https:\\\/\\\/secure.gravatar.com\\\/avatar\\\/8c6c8a6ddc98c0d8c18a4a687166a69e5fdbc0475752245205a512500cb18d08?s=96&d=mm&r=g\",\"url\":\"https:\\\/\\\/secure.gravatar.com\\\/avatar\\\/8c6c8a6ddc98c0d8c18a4a687166a69e5fdbc0475752245205a512500cb18d08?s=96&d=mm&r=g\",\"contentUrl\":\"https:\\\/\\\/secure.gravatar.com\\\/avatar\\\/8c6c8a6ddc98c0d8c18a4a687166a69e5fdbc0475752245205a512500cb18d08?s=96&d=mm&r=g\",\"caption\":\"pamiec81\"},\"sameAs\":[\"https:\\\/\\\/pamiec81.pl\"],\"url\":\"https:\\\/\\\/pamiec81.pl\\\/index.php\\\/author\\\/pamiec\\\/\"}]}<\/script>\n<!-- \/ Yoast SEO plugin. -->","yoast_head_json":{"title":"Mi\u0119dzynarodowa reakcja na stan wojenny - Grudzie\u0144 1981: Historia i Pami\u0119\u0107","robots":{"index":"index","follow":"follow","max-snippet":"max-snippet:-1","max-image-preview":"max-image-preview:large","max-video-preview":"max-video-preview:-1"},"canonical":"https:\/\/pamiec81.pl\/index.php\/miedzynarodowa-reakcja-na-stan-wojenny\/","og_locale":"pl_PL","og_type":"article","og_title":"Mi\u0119dzynarodowa reakcja na stan wojenny - Grudzie\u0144 1981: Historia i Pami\u0119\u0107","og_description":"Stan wojenny, kt\u00f3ry wprowadzono w Polsce 13 grudnia 1981 roku, wzbudzi\u0142 ogromne zainteresowanie i r\u00f3\u017cnorodne reakcje na ca\u0142ym \u015bwiecie. Mi\u0119dzynarodowa spo\u0142eczno\u015b\u0107 by\u0142a zszokowana tak drastycznym krokiem w\u0142adz PRL, co wywo\u0142a\u0142o fale protest\u00f3w, sankcji oraz wsparcia dla opozycji. Reakcje rz\u0105d\u00f3w pa\u0144stw zachodnich Stanowisko Stan\u00f3w Zjednoczonych USA szybko zareagowa\u0142o na wydarzenia w Polsce, widz\u0105c wprowadzenie stanu wojennego...","og_url":"https:\/\/pamiec81.pl\/index.php\/miedzynarodowa-reakcja-na-stan-wojenny\/","og_site_name":"Grudzie\u0144 1981: Historia i Pami\u0119\u0107","article_published_time":"2024-10-14T14:46:09+00:00","article_modified_time":"2024-10-14T15:01:09+00:00","og_image":[{"width":1000,"height":667,"url":"https:\/\/pamiec81.pl\/wp-content\/uploads\/2024\/10\/shutterstock_2324819439.jpg","type":"image\/jpeg"}],"author":"pamiec81","twitter_card":"summary_large_image","twitter_misc":{"Napisane przez":"pamiec81","Szacowany czas czytania":"5 minut"},"schema":{"@context":"https:\/\/schema.org","@graph":[{"@type":"Article","@id":"https:\/\/pamiec81.pl\/index.php\/miedzynarodowa-reakcja-na-stan-wojenny\/#article","isPartOf":{"@id":"https:\/\/pamiec81.pl\/index.php\/miedzynarodowa-reakcja-na-stan-wojenny\/"},"author":{"name":"pamiec81","@id":"https:\/\/pamiec81.pl\/#\/schema\/person\/47024abcf028b8fcf0ddfcf373c4c57e"},"headline":"Mi\u0119dzynarodowa reakcja na stan wojenny","datePublished":"2024-10-14T14:46:09+00:00","dateModified":"2024-10-14T15:01:09+00:00","mainEntityOfPage":{"@id":"https:\/\/pamiec81.pl\/index.php\/miedzynarodowa-reakcja-na-stan-wojenny\/"},"wordCount":1047,"publisher":{"@id":"https:\/\/pamiec81.pl\/#organization"},"image":{"@id":"https:\/\/pamiec81.pl\/index.php\/miedzynarodowa-reakcja-na-stan-wojenny\/#primaryimage"},"thumbnailUrl":"https:\/\/pamiec81.pl\/wp-content\/uploads\/2024\/10\/shutterstock_2324819439.jpg","articleSection":["HISTORIA"],"inLanguage":"pl-PL"},{"@type":"WebPage","@id":"https:\/\/pamiec81.pl\/index.php\/miedzynarodowa-reakcja-na-stan-wojenny\/","url":"https:\/\/pamiec81.pl\/index.php\/miedzynarodowa-reakcja-na-stan-wojenny\/","name":"Mi\u0119dzynarodowa reakcja na stan wojenny - Grudzie\u0144 1981: Historia i Pami\u0119\u0107","isPartOf":{"@id":"https:\/\/pamiec81.pl\/#website"},"primaryImageOfPage":{"@id":"https:\/\/pamiec81.pl\/index.php\/miedzynarodowa-reakcja-na-stan-wojenny\/#primaryimage"},"image":{"@id":"https:\/\/pamiec81.pl\/index.php\/miedzynarodowa-reakcja-na-stan-wojenny\/#primaryimage"},"thumbnailUrl":"https:\/\/pamiec81.pl\/wp-content\/uploads\/2024\/10\/shutterstock_2324819439.jpg","datePublished":"2024-10-14T14:46:09+00:00","dateModified":"2024-10-14T15:01:09+00:00","breadcrumb":{"@id":"https:\/\/pamiec81.pl\/index.php\/miedzynarodowa-reakcja-na-stan-wojenny\/#breadcrumb"},"inLanguage":"pl-PL","potentialAction":[{"@type":"ReadAction","target":["https:\/\/pamiec81.pl\/index.php\/miedzynarodowa-reakcja-na-stan-wojenny\/"]}]},{"@type":"ImageObject","inLanguage":"pl-PL","@id":"https:\/\/pamiec81.pl\/index.php\/miedzynarodowa-reakcja-na-stan-wojenny\/#primaryimage","url":"https:\/\/pamiec81.pl\/wp-content\/uploads\/2024\/10\/shutterstock_2324819439.jpg","contentUrl":"https:\/\/pamiec81.pl\/wp-content\/uploads\/2024\/10\/shutterstock_2324819439.jpg","width":1000,"height":667,"caption":"Historia Polski"},{"@type":"BreadcrumbList","@id":"https:\/\/pamiec81.pl\/index.php\/miedzynarodowa-reakcja-na-stan-wojenny\/#breadcrumb","itemListElement":[{"@type":"ListItem","position":1,"name":"Strona g\u0142\u00f3wna","item":"https:\/\/pamiec81.pl\/"},{"@type":"ListItem","position":2,"name":"Mi\u0119dzynarodowa reakcja na stan wojenny"}]},{"@type":"WebSite","@id":"https:\/\/pamiec81.pl\/#website","url":"https:\/\/pamiec81.pl\/","name":"Grudzie\u0144 1981: Historia i Pami\u0119\u0107","description":"Upami\u0119tnijmy stan wojenny grudnia 1981. Razem odkrywajmy histori\u0119, dzielmy si\u0119 wspomnieniami i refleksjami o walce o wolno\u015b\u0107 i prawd\u0119.","publisher":{"@id":"https:\/\/pamiec81.pl\/#organization"},"potentialAction":[{"@type":"SearchAction","target":{"@type":"EntryPoint","urlTemplate":"https:\/\/pamiec81.pl\/?s={search_term_string}"},"query-input":{"@type":"PropertyValueSpecification","valueRequired":true,"valueName":"search_term_string"}}],"inLanguage":"pl-PL"},{"@type":"Organization","@id":"https:\/\/pamiec81.pl\/#organization","name":"Grudzie\u0144 1981: Historia i Pami\u0119\u0107","url":"https:\/\/pamiec81.pl\/","logo":{"@type":"ImageObject","inLanguage":"pl-PL","@id":"https:\/\/pamiec81.pl\/#\/schema\/logo\/image\/","url":"https:\/\/pamiec81.pl\/wp-content\/uploads\/2024\/10\/polskiemorsy.net__3_-removebg-preview.png","contentUrl":"https:\/\/pamiec81.pl\/wp-content\/uploads\/2024\/10\/polskiemorsy.net__3_-removebg-preview.png","width":300,"height":100,"caption":"Grudzie\u0144 1981: Historia i Pami\u0119\u0107"},"image":{"@id":"https:\/\/pamiec81.pl\/#\/schema\/logo\/image\/"}},{"@type":"Person","@id":"https:\/\/pamiec81.pl\/#\/schema\/person\/47024abcf028b8fcf0ddfcf373c4c57e","name":"pamiec81","image":{"@type":"ImageObject","inLanguage":"pl-PL","@id":"https:\/\/secure.gravatar.com\/avatar\/8c6c8a6ddc98c0d8c18a4a687166a69e5fdbc0475752245205a512500cb18d08?s=96&d=mm&r=g","url":"https:\/\/secure.gravatar.com\/avatar\/8c6c8a6ddc98c0d8c18a4a687166a69e5fdbc0475752245205a512500cb18d08?s=96&d=mm&r=g","contentUrl":"https:\/\/secure.gravatar.com\/avatar\/8c6c8a6ddc98c0d8c18a4a687166a69e5fdbc0475752245205a512500cb18d08?s=96&d=mm&r=g","caption":"pamiec81"},"sameAs":["https:\/\/pamiec81.pl"],"url":"https:\/\/pamiec81.pl\/index.php\/author\/pamiec\/"}]}},"_links":{"self":[{"href":"https:\/\/pamiec81.pl\/index.php\/wp-json\/wp\/v2\/posts\/1457","targetHints":{"allow":["GET"]}}],"collection":[{"href":"https:\/\/pamiec81.pl\/index.php\/wp-json\/wp\/v2\/posts"}],"about":[{"href":"https:\/\/pamiec81.pl\/index.php\/wp-json\/wp\/v2\/types\/post"}],"author":[{"embeddable":true,"href":"https:\/\/pamiec81.pl\/index.php\/wp-json\/wp\/v2\/users\/1"}],"replies":[{"embeddable":true,"href":"https:\/\/pamiec81.pl\/index.php\/wp-json\/wp\/v2\/comments?post=1457"}],"version-history":[{"count":1,"href":"https:\/\/pamiec81.pl\/index.php\/wp-json\/wp\/v2\/posts\/1457\/revisions"}],"predecessor-version":[{"id":1487,"href":"https:\/\/pamiec81.pl\/index.php\/wp-json\/wp\/v2\/posts\/1457\/revisions\/1487"}],"wp:featuredmedia":[{"embeddable":true,"href":"https:\/\/pamiec81.pl\/index.php\/wp-json\/wp\/v2\/media\/1368"}],"wp:attachment":[{"href":"https:\/\/pamiec81.pl\/index.php\/wp-json\/wp\/v2\/media?parent=1457"}],"wp:term":[{"taxonomy":"category","embeddable":true,"href":"https:\/\/pamiec81.pl\/index.php\/wp-json\/wp\/v2\/categories?post=1457"},{"taxonomy":"post_tag","embeddable":true,"href":"https:\/\/pamiec81.pl\/index.php\/wp-json\/wp\/v2\/tags?post=1457"}],"curies":[{"name":"wp","href":"https:\/\/api.w.org\/{rel}","templated":true}]}}