{"id":1453,"date":"2024-10-14T14:41:59","date_gmt":"2024-10-14T14:41:59","guid":{"rendered":"https:\/\/pamiec81.pl\/index.php\/stan-wojenny-a-gospodarka\/"},"modified":"2024-10-14T14:56:54","modified_gmt":"2024-10-14T14:56:54","slug":"stan-wojenny-a-gospodarka","status":"publish","type":"post","link":"https:\/\/pamiec81.pl\/index.php\/stan-wojenny-a-gospodarka\/","title":{"rendered":"Stan wojenny a gospodarka"},"content":{"rendered":"<p><strong>Stan wojenny w Polsce, wprowadzony 13 grudnia 1981 roku, mia\u0142 ogromny wp\u0142yw na r\u00f3\u017cne aspekty \u017cycia spo\u0142ecznego i ekonomicznego. Jego skutki dla gospodarki by\u0142y szczeg\u00f3lnie dotkliwe i odczuwalne przez wiele lat. Artyku\u0142 ten ma na celu szczeg\u00f3\u0142owe om\u00f3wienie wp\u0142ywu stanu wojennego na gospodark\u0119 Polski, zwracaj\u0105c uwag\u0119 na kluczowe obszary takie jak produkcja przemys\u0142owa, handel, zatrudnienie oraz jako\u015b\u0107 \u017cycia obywateli.<\/strong><\/p>\n<h2 id=\"wprowadzenie-do-stanu-wojennego\">Wprowadzenie do stanu wojennego<\/h2>\n<h3 id=\"przyczyny-wprowadzenia-stanu-wojennego\">Przyczyny wprowadzenia stanu wojennego<\/h3>\n<p>Stan wojenny wprowadzono w Polsce z powodu rosn\u0105cego napi\u0119cia politycznego i spo\u0142ecznego. By\u0142 to czas, gdy Solidarno\u015b\u0107, pierwsza niezale\u017cna organizacja zwi\u0105zkowa w krajach bloku wschodniego, zdobywa\u0142a coraz wi\u0119ksze poparcie. <strong>W\u0142adze komunistyczne obawia\u0142y si\u0119 utraty kontroli nad krajem, co doprowadzi\u0142o do dramatycznej decyzji o wprowadzeniu stanu wojennego.<\/strong> Decyzja ta mia\u0142a na celu zd\u0142awienie wolno\u015bciowych d\u0105\u017ce\u0144 spo\u0142ecze\u0144stwa oraz przywr\u00f3cenie porz\u0105dku publicznego.<\/p>\n<h3 id=\"przebieg-stanu-wojennego\">Przebieg stanu wojennego<\/h3>\n<p>Stan wojenny trwa\u0142 od 13 grudnia 1981 roku do 22 lipca 1983 roku. W\u0142adze wprowadzi\u0142y szereg restrykcji, w tym godzin\u0119 policyjn\u0105, zawieszenie dzia\u0142alno\u015bci zwi\u0105zkowej oraz ograniczenie wolno\u015bci prasy. <strong>Tysi\u0105ce ludzi, w tym dzia\u0142acze Solidarno\u015bci i inni opozycjoni\u015bci, zosta\u0142o internowanych.<\/strong> Podejmowane dzia\u0142ania mia\u0142y na celu sparali\u017cowanie oporu spo\u0142ecznego i utrzymanie w\u0142adzy w r\u0119kach komunist\u00f3w.<\/p>\n<h2 id=\"wp\u0142yw-stanu-wojennego-na-gospodark\u0119\">Wp\u0142yw stanu wojennego na gospodark\u0119<\/h2>\n<h3 id=\"spadek-produkcji-przemys\u0142owej\">Spadek produkcji przemys\u0142owej<\/h3>\n<p>Stan wojenny mia\u0142 katastrofalny wp\u0142yw na produkcj\u0119 przemys\u0142ow\u0105 w Polsce. Zak\u0142ady pracy zosta\u0142y obj\u0119te surowymi restrykcjami, co wp\u0142yn\u0119\u0142o na ich funkcjonowanie. <strong>W wyniku strajk\u00f3w i protest\u00f3w, kt\u00f3re by\u0142y t\u0142umione si\u0142\u0105, produkcja w wielu bran\u017cach znacznie spad\u0142a.<\/strong> Niedobory surowc\u00f3w oraz brak inwestycji dodatkowo pog\u0142\u0119bi\u0142y kryzys przemys\u0142owy.<\/p>\n<h3 id=\"handel-i-jego-restrykcje\">Handel i jego restrykcje<\/h3>\n<p>Zarz\u0105dzenia stanu wojennego obj\u0119\u0142y r\u00f3wnie\u017c handel, zar\u00f3wno wewn\u0119trzny, jak i mi\u0119dzynarodowy. <strong>Wprowadzono szereg regulacji dotycz\u0105cych eksportu i importu, co z kolei doprowadzi\u0142o do znacznych trudno\u015bci w zaopatrzeniu rynku.<\/strong> Skutkowa\u0142o to niedoborami podstawowych towar\u00f3w oraz wzrostem cen, co bezpo\u015brednio uderza\u0142o w spo\u0142ecze\u0144stwo.<\/p>\n<h3 id=\"problemy-z-zatrudnieniem\">Problemy z zatrudnieniem<\/h3>\n<p>Jednym z najbardziej odczuwalnych skutk\u00f3w stanu wojennego by\u0142o pogorszenie sytuacji na rynku pracy. <strong>Wielu pracownik\u00f3w zosta\u0142o zwolnionych lub zmuszonych do pracy w warunkach, kt\u00f3re pogarsza\u0142y ich bezpiecze\u0144stwo i komfort.<\/strong> Bezrobocie ros\u0142o, a perspektywy na znalezienie nowego zatrudnienia by\u0142y znikome. Wynagrodzenia by\u0142y niskie, co dodatkowo pog\u0142\u0119bia\u0142o trudn\u0105 sytuacj\u0119 finansow\u0105 wielu rodzin.<\/p>\n<h2 id=\"d\u0142ugoterminowe-skutki-gospodarcze\">D\u0142ugoterminowe skutki gospodarcze<\/h2>\n<h3 id=\"dezintegracja-systemu-ekonomicznego\">Dezintegracja systemu ekonomicznego<\/h3>\n<p>Stan wojenny przyczyni\u0142 si\u0119 do dezintegracji ju\u017c i tak s\u0142abego systemu ekonomicznego. <strong>Brak zaufania spo\u0142ecznego do w\u0142adz oraz zniszczenie struktur zwi\u0105zkowych doprowadzi\u0142y do g\u0142\u0119bokiej destabilizacji spo\u0142ecznej.<\/strong> By\u0142o to niekorzystne zar\u00f3wno dla kr\u00f3tkoterminowej, jak i d\u0142ugoterminowej stabilno\u015bci gospodarczej kraju.<\/p>\n<h3 id=\"zmiany-w-strukturze-w\u0142asno\u015bciowej\">Zmiany w strukturze w\u0142asno\u015bciowej<\/h3>\n<p>Wprowadzenie stanu wojennego wp\u0142yn\u0119\u0142o tak\u017ce na zmian\u0119 struktury w\u0142asno\u015bciowej w Polsce. <strong>Wiele zak\u0142ad\u00f3w przemys\u0142owych zosta\u0142o znacjonalizowanych, co mia\u0142o na celu wi\u0119ksz\u0105 kontrol\u0119 gospodarki przez pa\u0144stwo.<\/strong> Jednak\u017ce, zamiast poprawi\u0107 sytuacj\u0119, kroki te cz\u0119sto prowadzi\u0142y do jeszcze wi\u0119kszej nieefektywno\u015bci i marnotrawstwa zasob\u00f3w.<\/p>\n<h2 id=\"wp\u0142yw-na-\u017cycie-codzienne-obywateli\">Wp\u0142yw na \u017cycie codzienne obywateli<\/h2>\n<h3 id=\"pogorszenie-warunk\u00f3w-\u017cycia\">Pogorszenie warunk\u00f3w \u017cycia<\/h3>\n<p>Stan wojenny znacz\u0105co wp\u0142yn\u0105\u0142 na codzienne \u017cycie obywateli. <strong>Niedobory towar\u00f3w, kartki na \u017cywno\u015b\u0107 oraz inne \u015brodki reglamentacyjne sta\u0142y si\u0119 codzienno\u015bci\u0105.<\/strong> Wiele rodzin zmaga\u0142o si\u0119 z problemami zwi\u0105zanymi z dost\u0119pem do podstawowych produkt\u00f3w, co mia\u0142o bezpo\u015bredni wp\u0142yw na jako\u015b\u0107 \u017cycia.<\/p>\n<h3 id=\"reakcje-spo\u0142eczne-i-op\u00f3r\">Reakcje spo\u0142eczne i op\u00f3r<\/h3>\n<p>Mimo represji, spo\u0142ecze\u0144stwo nie pozostawa\u0142o bierne wobec trudno\u015bci. <strong>Protesty, akcje strajkowe oraz dzia\u0142alno\u015b\u0107 podziemna mia\u0142y na celu walk\u0119 o prawa obywatelskie i popraw\u0119 warunk\u00f3w \u017cycia.<\/strong> Solidarno\u015b\u0107, mimo \u017ce dzia\u0142a\u0142a w tajemnicy, wci\u0105\u017c by\u0142a wa\u017cnym czynnikiem mobilizuj\u0105cym spo\u0142ecze\u0144stwo do oporu.<\/p>\n<h2 id=\"rola-mi\u0119dzynarodowej-spo\u0142eczno\u015bci\">Rola mi\u0119dzynarodowej spo\u0142eczno\u015bci<\/h2>\n<h3 id=\"sankcje-gospodarcze\">Sankcje gospodarcze<\/h3>\n<p>Mi\u0119dzynarodowa spo\u0142eczno\u015b\u0107 zareagowa\u0142a na wprowadzenie stanu wojennego w Polsce poprzez na\u0142o\u017cenie sankcji gospodarczych. <strong>Pa\u0144stwa zachodnie wprowadzi\u0142y restrykcje handlowe oraz finansowe, kt\u00f3re mia\u0142y na celu wywarcie presji na w\u0142adze komunistyczne.<\/strong> Sankcje te mia\u0142y jednak ograniczony wp\u0142yw na prze\u0142amanie impasu politycznego w kraju.<\/p>\n<h3 id=\"pomoc-humanitarna-i-wsparcie\">Pomoc humanitarna i wsparcie<\/h3>\n<p><strong>R\u00f3wnocze\u015bnie z sankcjami, Polska otrzymywa\u0142a r\u00f3wnie\u017c pomoc humanitarn\u0105 od kraj\u00f3w zachodnich i organizacji mi\u0119dzynarodowych.<\/strong> By\u0142a to forma wsparcia dla spo\u0142ecze\u0144stwa, kt\u00f3re zmaga\u0142o si\u0119 z trudno\u015bciami dnia codziennego. Organizacje charytatywne dostarcza\u0142y \u017cywno\u015b\u0107, leki oraz inne podstawowe produkty, kt\u00f3re \u0142agodzi\u0142y skutki kryzysu.<\/p>\n<h2 id=\"perspektywy-odbudowy-po-stanie-wojennym\">Perspektywy odbudowy po stanie wojennym<\/h2>\n<h3 id=\"proces-transformacji-systemowej\">Proces transformacji systemowej<\/h3>\n<p>Po zako\u0144czeniu stanu wojennego, Polska stan\u0119\u0142a przed ogromnym wyzwaniem, jakim by\u0142a odbudowa gospodarki. <strong>Proces transformacji systemowej wi\u0105za\u0142 si\u0119 z licznymi trudno\u015bciami, ale by\u0142 niezb\u0119dny do przywr\u00f3cenia stabilno\u015bci gospodarczej.<\/strong> Zmiany te wymaga\u0142y reform politycznych, gospodarczych oraz spo\u0142ecznych, kt\u00f3re mia\u0142y na celu wprowadzenie wolnorynkowych mechanizm\u00f3w i demokratyzacj\u0119 pa\u0144stwa.<\/p>\n<h3 id=\"wsparcie-mi\u0119dzynarodowe\">Wsparcie mi\u0119dzynarodowe<\/h3>\n<p>Odbudowa Polski nie by\u0142aby mo\u017cliwa bez wsparcia mi\u0119dzynarodowego. <strong>Programy pomocowe, kredyty oraz inwestycje zagraniczne odegra\u0142y kluczow\u0105 rol\u0119 w procesie transformacji.<\/strong> Dzi\u0119ki nim mo\u017cliwe by\u0142o wdro\u017cenie reform, kt\u00f3re stopniowo przyczynia\u0142y si\u0119 do poprawy sytuacji gospodarczej kraju.<\/p>\n<p><strong>Podsumowuj\u0105c, stan wojenny wprowadzi\u0142 Polsk\u0119 w g\u0142\u0119boki kryzys gospodarczy, kt\u00f3rego skutki by\u0142y odczuwalne przez wiele lat. Zmiany w strukturze gospodarczej, problemy z produkcj\u0105 przemys\u0142ow\u0105 oraz handel by\u0142y jednymi z wielu wyzwa\u0144, kt\u00f3re musia\u0142o stawi\u0107 czo\u0142a polskie spo\u0142ecze\u0144stwo. Mimo restrykcji i trudno\u015bci, op\u00f3r spo\u0142eczny oraz wsparcie mi\u0119dzynarodowe umo\u017cliwi\u0142y Polsce stopniowe przezwyci\u0119\u017cenie kryzysu i rozpocz\u0119cie drogi do demokratyzacji i odbudowy gospodarczej.<\/strong><\/p>\n","protected":false},"excerpt":{"rendered":"<p>Stan wojenny w Polsce, wprowadzony 13 grudnia 1981 roku, mia\u0142 ogromny wp\u0142yw na r\u00f3\u017cne aspekty \u017cycia spo\u0142ecznego i ekonomicznego. Jego skutki dla gospodarki by\u0142y szczeg\u00f3lnie dotkliwe i odczuwalne przez wiele lat. Artyku\u0142 ten ma na celu szczeg\u00f3\u0142owe om\u00f3wienie wp\u0142ywu stanu wojennego na gospodark\u0119 Polski, zwracaj\u0105c uwag\u0119 na kluczowe obszary takie jak produkcja przemys\u0142owa, handel, zatrudnienie&#8230;<\/p>\n","protected":false},"author":1,"featured_media":1377,"comment_status":"closed","ping_status":"","sticky":false,"template":"","format":"standard","meta":{"_kadence_starter_templates_imported_post":false,"_kad_post_transparent":"","_kad_post_title":"","_kad_post_layout":"","_kad_post_sidebar_id":"","_kad_post_content_style":"","_kad_post_vertical_padding":"","_kad_post_feature":"","_kad_post_feature_position":"","_kad_post_header":false,"_kad_post_footer":false,"_kad_post_classname":"","footnotes":""},"categories":[14],"tags":[],"class_list":["post-1453","post","type-post","status-publish","format-standard","has-post-thumbnail","hentry","category-historia"],"yoast_head":"<!-- This site is optimized with the Yoast SEO plugin v27.5 - https:\/\/yoast.com\/product\/yoast-seo-wordpress\/ -->\n<title>Stan wojenny a gospodarka - Grudzie\u0144 1981: Historia i Pami\u0119\u0107<\/title>\n<meta name=\"robots\" content=\"index, follow, max-snippet:-1, max-image-preview:large, max-video-preview:-1\" \/>\n<link rel=\"canonical\" href=\"https:\/\/pamiec81.pl\/index.php\/stan-wojenny-a-gospodarka\/\" \/>\n<meta property=\"og:locale\" content=\"pl_PL\" \/>\n<meta property=\"og:type\" content=\"article\" \/>\n<meta property=\"og:title\" content=\"Stan wojenny a gospodarka - Grudzie\u0144 1981: Historia i Pami\u0119\u0107\" \/>\n<meta property=\"og:description\" content=\"Stan wojenny w Polsce, wprowadzony 13 grudnia 1981 roku, mia\u0142 ogromny wp\u0142yw na r\u00f3\u017cne aspekty \u017cycia spo\u0142ecznego i ekonomicznego. Jego skutki dla gospodarki by\u0142y szczeg\u00f3lnie dotkliwe i odczuwalne przez wiele lat. Artyku\u0142 ten ma na celu szczeg\u00f3\u0142owe om\u00f3wienie wp\u0142ywu stanu wojennego na gospodark\u0119 Polski, zwracaj\u0105c uwag\u0119 na kluczowe obszary takie jak produkcja przemys\u0142owa, handel, zatrudnienie...\" \/>\n<meta property=\"og:url\" content=\"https:\/\/pamiec81.pl\/index.php\/stan-wojenny-a-gospodarka\/\" \/>\n<meta property=\"og:site_name\" content=\"Grudzie\u0144 1981: Historia i Pami\u0119\u0107\" \/>\n<meta property=\"article:published_time\" content=\"2024-10-14T14:41:59+00:00\" \/>\n<meta property=\"article:modified_time\" content=\"2024-10-14T14:56:54+00:00\" \/>\n<meta property=\"og:image\" content=\"https:\/\/pamiec81.pl\/wp-content\/uploads\/2024\/10\/shutterstock_2347979459.jpg\" \/>\n\t<meta property=\"og:image:width\" content=\"1000\" \/>\n\t<meta property=\"og:image:height\" content=\"664\" \/>\n\t<meta property=\"og:image:type\" content=\"image\/jpeg\" \/>\n<meta name=\"author\" content=\"pamiec81\" \/>\n<meta name=\"twitter:card\" content=\"summary_large_image\" \/>\n<meta name=\"twitter:label1\" content=\"Napisane przez\" \/>\n\t<meta name=\"twitter:data1\" content=\"pamiec81\" \/>\n\t<meta name=\"twitter:label2\" content=\"Szacowany czas czytania\" \/>\n\t<meta name=\"twitter:data2\" content=\"5 minut\" \/>\n<script type=\"application\/ld+json\" class=\"yoast-schema-graph\">{\"@context\":\"https:\\\/\\\/schema.org\",\"@graph\":[{\"@type\":\"Article\",\"@id\":\"https:\\\/\\\/pamiec81.pl\\\/index.php\\\/stan-wojenny-a-gospodarka\\\/#article\",\"isPartOf\":{\"@id\":\"https:\\\/\\\/pamiec81.pl\\\/index.php\\\/stan-wojenny-a-gospodarka\\\/\"},\"author\":{\"name\":\"pamiec81\",\"@id\":\"https:\\\/\\\/pamiec81.pl\\\/#\\\/schema\\\/person\\\/47024abcf028b8fcf0ddfcf373c4c57e\"},\"headline\":\"Stan wojenny a gospodarka\",\"datePublished\":\"2024-10-14T14:41:59+00:00\",\"dateModified\":\"2024-10-14T14:56:54+00:00\",\"mainEntityOfPage\":{\"@id\":\"https:\\\/\\\/pamiec81.pl\\\/index.php\\\/stan-wojenny-a-gospodarka\\\/\"},\"wordCount\":980,\"publisher\":{\"@id\":\"https:\\\/\\\/pamiec81.pl\\\/#organization\"},\"image\":{\"@id\":\"https:\\\/\\\/pamiec81.pl\\\/index.php\\\/stan-wojenny-a-gospodarka\\\/#primaryimage\"},\"thumbnailUrl\":\"https:\\\/\\\/pamiec81.pl\\\/wp-content\\\/uploads\\\/2024\\\/10\\\/shutterstock_2347979459.jpg\",\"articleSection\":[\"HISTORIA\"],\"inLanguage\":\"pl-PL\"},{\"@type\":\"WebPage\",\"@id\":\"https:\\\/\\\/pamiec81.pl\\\/index.php\\\/stan-wojenny-a-gospodarka\\\/\",\"url\":\"https:\\\/\\\/pamiec81.pl\\\/index.php\\\/stan-wojenny-a-gospodarka\\\/\",\"name\":\"Stan wojenny a gospodarka - Grudzie\u0144 1981: Historia i Pami\u0119\u0107\",\"isPartOf\":{\"@id\":\"https:\\\/\\\/pamiec81.pl\\\/#website\"},\"primaryImageOfPage\":{\"@id\":\"https:\\\/\\\/pamiec81.pl\\\/index.php\\\/stan-wojenny-a-gospodarka\\\/#primaryimage\"},\"image\":{\"@id\":\"https:\\\/\\\/pamiec81.pl\\\/index.php\\\/stan-wojenny-a-gospodarka\\\/#primaryimage\"},\"thumbnailUrl\":\"https:\\\/\\\/pamiec81.pl\\\/wp-content\\\/uploads\\\/2024\\\/10\\\/shutterstock_2347979459.jpg\",\"datePublished\":\"2024-10-14T14:41:59+00:00\",\"dateModified\":\"2024-10-14T14:56:54+00:00\",\"breadcrumb\":{\"@id\":\"https:\\\/\\\/pamiec81.pl\\\/index.php\\\/stan-wojenny-a-gospodarka\\\/#breadcrumb\"},\"inLanguage\":\"pl-PL\",\"potentialAction\":[{\"@type\":\"ReadAction\",\"target\":[\"https:\\\/\\\/pamiec81.pl\\\/index.php\\\/stan-wojenny-a-gospodarka\\\/\"]}]},{\"@type\":\"ImageObject\",\"inLanguage\":\"pl-PL\",\"@id\":\"https:\\\/\\\/pamiec81.pl\\\/index.php\\\/stan-wojenny-a-gospodarka\\\/#primaryimage\",\"url\":\"https:\\\/\\\/pamiec81.pl\\\/wp-content\\\/uploads\\\/2024\\\/10\\\/shutterstock_2347979459.jpg\",\"contentUrl\":\"https:\\\/\\\/pamiec81.pl\\\/wp-content\\\/uploads\\\/2024\\\/10\\\/shutterstock_2347979459.jpg\",\"width\":1000,\"height\":664,\"caption\":\"Polska, wojsko, stan wojenny\"},{\"@type\":\"BreadcrumbList\",\"@id\":\"https:\\\/\\\/pamiec81.pl\\\/index.php\\\/stan-wojenny-a-gospodarka\\\/#breadcrumb\",\"itemListElement\":[{\"@type\":\"ListItem\",\"position\":1,\"name\":\"Strona g\u0142\u00f3wna\",\"item\":\"https:\\\/\\\/pamiec81.pl\\\/\"},{\"@type\":\"ListItem\",\"position\":2,\"name\":\"Stan wojenny a gospodarka\"}]},{\"@type\":\"WebSite\",\"@id\":\"https:\\\/\\\/pamiec81.pl\\\/#website\",\"url\":\"https:\\\/\\\/pamiec81.pl\\\/\",\"name\":\"Grudzie\u0144 1981: Historia i Pami\u0119\u0107\",\"description\":\"Upami\u0119tnijmy stan wojenny grudnia 1981. Razem odkrywajmy histori\u0119, dzielmy si\u0119 wspomnieniami i refleksjami o walce o wolno\u015b\u0107 i prawd\u0119.\",\"publisher\":{\"@id\":\"https:\\\/\\\/pamiec81.pl\\\/#organization\"},\"potentialAction\":[{\"@type\":\"SearchAction\",\"target\":{\"@type\":\"EntryPoint\",\"urlTemplate\":\"https:\\\/\\\/pamiec81.pl\\\/?s={search_term_string}\"},\"query-input\":{\"@type\":\"PropertyValueSpecification\",\"valueRequired\":true,\"valueName\":\"search_term_string\"}}],\"inLanguage\":\"pl-PL\"},{\"@type\":\"Organization\",\"@id\":\"https:\\\/\\\/pamiec81.pl\\\/#organization\",\"name\":\"Grudzie\u0144 1981: Historia i Pami\u0119\u0107\",\"url\":\"https:\\\/\\\/pamiec81.pl\\\/\",\"logo\":{\"@type\":\"ImageObject\",\"inLanguage\":\"pl-PL\",\"@id\":\"https:\\\/\\\/pamiec81.pl\\\/#\\\/schema\\\/logo\\\/image\\\/\",\"url\":\"https:\\\/\\\/pamiec81.pl\\\/wp-content\\\/uploads\\\/2024\\\/10\\\/polskiemorsy.net__3_-removebg-preview.png\",\"contentUrl\":\"https:\\\/\\\/pamiec81.pl\\\/wp-content\\\/uploads\\\/2024\\\/10\\\/polskiemorsy.net__3_-removebg-preview.png\",\"width\":300,\"height\":100,\"caption\":\"Grudzie\u0144 1981: Historia i Pami\u0119\u0107\"},\"image\":{\"@id\":\"https:\\\/\\\/pamiec81.pl\\\/#\\\/schema\\\/logo\\\/image\\\/\"}},{\"@type\":\"Person\",\"@id\":\"https:\\\/\\\/pamiec81.pl\\\/#\\\/schema\\\/person\\\/47024abcf028b8fcf0ddfcf373c4c57e\",\"name\":\"pamiec81\",\"image\":{\"@type\":\"ImageObject\",\"inLanguage\":\"pl-PL\",\"@id\":\"https:\\\/\\\/secure.gravatar.com\\\/avatar\\\/8c6c8a6ddc98c0d8c18a4a687166a69e5fdbc0475752245205a512500cb18d08?s=96&d=mm&r=g\",\"url\":\"https:\\\/\\\/secure.gravatar.com\\\/avatar\\\/8c6c8a6ddc98c0d8c18a4a687166a69e5fdbc0475752245205a512500cb18d08?s=96&d=mm&r=g\",\"contentUrl\":\"https:\\\/\\\/secure.gravatar.com\\\/avatar\\\/8c6c8a6ddc98c0d8c18a4a687166a69e5fdbc0475752245205a512500cb18d08?s=96&d=mm&r=g\",\"caption\":\"pamiec81\"},\"sameAs\":[\"https:\\\/\\\/pamiec81.pl\"],\"url\":\"https:\\\/\\\/pamiec81.pl\\\/index.php\\\/author\\\/pamiec\\\/\"}]}<\/script>\n<!-- \/ Yoast SEO plugin. -->","yoast_head_json":{"title":"Stan wojenny a gospodarka - Grudzie\u0144 1981: Historia i Pami\u0119\u0107","robots":{"index":"index","follow":"follow","max-snippet":"max-snippet:-1","max-image-preview":"max-image-preview:large","max-video-preview":"max-video-preview:-1"},"canonical":"https:\/\/pamiec81.pl\/index.php\/stan-wojenny-a-gospodarka\/","og_locale":"pl_PL","og_type":"article","og_title":"Stan wojenny a gospodarka - Grudzie\u0144 1981: Historia i Pami\u0119\u0107","og_description":"Stan wojenny w Polsce, wprowadzony 13 grudnia 1981 roku, mia\u0142 ogromny wp\u0142yw na r\u00f3\u017cne aspekty \u017cycia spo\u0142ecznego i ekonomicznego. Jego skutki dla gospodarki by\u0142y szczeg\u00f3lnie dotkliwe i odczuwalne przez wiele lat. Artyku\u0142 ten ma na celu szczeg\u00f3\u0142owe om\u00f3wienie wp\u0142ywu stanu wojennego na gospodark\u0119 Polski, zwracaj\u0105c uwag\u0119 na kluczowe obszary takie jak produkcja przemys\u0142owa, handel, zatrudnienie...","og_url":"https:\/\/pamiec81.pl\/index.php\/stan-wojenny-a-gospodarka\/","og_site_name":"Grudzie\u0144 1981: Historia i Pami\u0119\u0107","article_published_time":"2024-10-14T14:41:59+00:00","article_modified_time":"2024-10-14T14:56:54+00:00","og_image":[{"width":1000,"height":664,"url":"https:\/\/pamiec81.pl\/wp-content\/uploads\/2024\/10\/shutterstock_2347979459.jpg","type":"image\/jpeg"}],"author":"pamiec81","twitter_card":"summary_large_image","twitter_misc":{"Napisane przez":"pamiec81","Szacowany czas czytania":"5 minut"},"schema":{"@context":"https:\/\/schema.org","@graph":[{"@type":"Article","@id":"https:\/\/pamiec81.pl\/index.php\/stan-wojenny-a-gospodarka\/#article","isPartOf":{"@id":"https:\/\/pamiec81.pl\/index.php\/stan-wojenny-a-gospodarka\/"},"author":{"name":"pamiec81","@id":"https:\/\/pamiec81.pl\/#\/schema\/person\/47024abcf028b8fcf0ddfcf373c4c57e"},"headline":"Stan wojenny a gospodarka","datePublished":"2024-10-14T14:41:59+00:00","dateModified":"2024-10-14T14:56:54+00:00","mainEntityOfPage":{"@id":"https:\/\/pamiec81.pl\/index.php\/stan-wojenny-a-gospodarka\/"},"wordCount":980,"publisher":{"@id":"https:\/\/pamiec81.pl\/#organization"},"image":{"@id":"https:\/\/pamiec81.pl\/index.php\/stan-wojenny-a-gospodarka\/#primaryimage"},"thumbnailUrl":"https:\/\/pamiec81.pl\/wp-content\/uploads\/2024\/10\/shutterstock_2347979459.jpg","articleSection":["HISTORIA"],"inLanguage":"pl-PL"},{"@type":"WebPage","@id":"https:\/\/pamiec81.pl\/index.php\/stan-wojenny-a-gospodarka\/","url":"https:\/\/pamiec81.pl\/index.php\/stan-wojenny-a-gospodarka\/","name":"Stan wojenny a gospodarka - Grudzie\u0144 1981: Historia i Pami\u0119\u0107","isPartOf":{"@id":"https:\/\/pamiec81.pl\/#website"},"primaryImageOfPage":{"@id":"https:\/\/pamiec81.pl\/index.php\/stan-wojenny-a-gospodarka\/#primaryimage"},"image":{"@id":"https:\/\/pamiec81.pl\/index.php\/stan-wojenny-a-gospodarka\/#primaryimage"},"thumbnailUrl":"https:\/\/pamiec81.pl\/wp-content\/uploads\/2024\/10\/shutterstock_2347979459.jpg","datePublished":"2024-10-14T14:41:59+00:00","dateModified":"2024-10-14T14:56:54+00:00","breadcrumb":{"@id":"https:\/\/pamiec81.pl\/index.php\/stan-wojenny-a-gospodarka\/#breadcrumb"},"inLanguage":"pl-PL","potentialAction":[{"@type":"ReadAction","target":["https:\/\/pamiec81.pl\/index.php\/stan-wojenny-a-gospodarka\/"]}]},{"@type":"ImageObject","inLanguage":"pl-PL","@id":"https:\/\/pamiec81.pl\/index.php\/stan-wojenny-a-gospodarka\/#primaryimage","url":"https:\/\/pamiec81.pl\/wp-content\/uploads\/2024\/10\/shutterstock_2347979459.jpg","contentUrl":"https:\/\/pamiec81.pl\/wp-content\/uploads\/2024\/10\/shutterstock_2347979459.jpg","width":1000,"height":664,"caption":"Polska, wojsko, stan wojenny"},{"@type":"BreadcrumbList","@id":"https:\/\/pamiec81.pl\/index.php\/stan-wojenny-a-gospodarka\/#breadcrumb","itemListElement":[{"@type":"ListItem","position":1,"name":"Strona g\u0142\u00f3wna","item":"https:\/\/pamiec81.pl\/"},{"@type":"ListItem","position":2,"name":"Stan wojenny a gospodarka"}]},{"@type":"WebSite","@id":"https:\/\/pamiec81.pl\/#website","url":"https:\/\/pamiec81.pl\/","name":"Grudzie\u0144 1981: Historia i Pami\u0119\u0107","description":"Upami\u0119tnijmy stan wojenny grudnia 1981. Razem odkrywajmy histori\u0119, dzielmy si\u0119 wspomnieniami i refleksjami o walce o wolno\u015b\u0107 i prawd\u0119.","publisher":{"@id":"https:\/\/pamiec81.pl\/#organization"},"potentialAction":[{"@type":"SearchAction","target":{"@type":"EntryPoint","urlTemplate":"https:\/\/pamiec81.pl\/?s={search_term_string}"},"query-input":{"@type":"PropertyValueSpecification","valueRequired":true,"valueName":"search_term_string"}}],"inLanguage":"pl-PL"},{"@type":"Organization","@id":"https:\/\/pamiec81.pl\/#organization","name":"Grudzie\u0144 1981: Historia i Pami\u0119\u0107","url":"https:\/\/pamiec81.pl\/","logo":{"@type":"ImageObject","inLanguage":"pl-PL","@id":"https:\/\/pamiec81.pl\/#\/schema\/logo\/image\/","url":"https:\/\/pamiec81.pl\/wp-content\/uploads\/2024\/10\/polskiemorsy.net__3_-removebg-preview.png","contentUrl":"https:\/\/pamiec81.pl\/wp-content\/uploads\/2024\/10\/polskiemorsy.net__3_-removebg-preview.png","width":300,"height":100,"caption":"Grudzie\u0144 1981: Historia i Pami\u0119\u0107"},"image":{"@id":"https:\/\/pamiec81.pl\/#\/schema\/logo\/image\/"}},{"@type":"Person","@id":"https:\/\/pamiec81.pl\/#\/schema\/person\/47024abcf028b8fcf0ddfcf373c4c57e","name":"pamiec81","image":{"@type":"ImageObject","inLanguage":"pl-PL","@id":"https:\/\/secure.gravatar.com\/avatar\/8c6c8a6ddc98c0d8c18a4a687166a69e5fdbc0475752245205a512500cb18d08?s=96&d=mm&r=g","url":"https:\/\/secure.gravatar.com\/avatar\/8c6c8a6ddc98c0d8c18a4a687166a69e5fdbc0475752245205a512500cb18d08?s=96&d=mm&r=g","contentUrl":"https:\/\/secure.gravatar.com\/avatar\/8c6c8a6ddc98c0d8c18a4a687166a69e5fdbc0475752245205a512500cb18d08?s=96&d=mm&r=g","caption":"pamiec81"},"sameAs":["https:\/\/pamiec81.pl"],"url":"https:\/\/pamiec81.pl\/index.php\/author\/pamiec\/"}]}},"_links":{"self":[{"href":"https:\/\/pamiec81.pl\/index.php\/wp-json\/wp\/v2\/posts\/1453","targetHints":{"allow":["GET"]}}],"collection":[{"href":"https:\/\/pamiec81.pl\/index.php\/wp-json\/wp\/v2\/posts"}],"about":[{"href":"https:\/\/pamiec81.pl\/index.php\/wp-json\/wp\/v2\/types\/post"}],"author":[{"embeddable":true,"href":"https:\/\/pamiec81.pl\/index.php\/wp-json\/wp\/v2\/users\/1"}],"replies":[{"embeddable":true,"href":"https:\/\/pamiec81.pl\/index.php\/wp-json\/wp\/v2\/comments?post=1453"}],"version-history":[{"count":1,"href":"https:\/\/pamiec81.pl\/index.php\/wp-json\/wp\/v2\/posts\/1453\/revisions"}],"predecessor-version":[{"id":1470,"href":"https:\/\/pamiec81.pl\/index.php\/wp-json\/wp\/v2\/posts\/1453\/revisions\/1470"}],"wp:featuredmedia":[{"embeddable":true,"href":"https:\/\/pamiec81.pl\/index.php\/wp-json\/wp\/v2\/media\/1377"}],"wp:attachment":[{"href":"https:\/\/pamiec81.pl\/index.php\/wp-json\/wp\/v2\/media?parent=1453"}],"wp:term":[{"taxonomy":"category","embeddable":true,"href":"https:\/\/pamiec81.pl\/index.php\/wp-json\/wp\/v2\/categories?post=1453"},{"taxonomy":"post_tag","embeddable":true,"href":"https:\/\/pamiec81.pl\/index.php\/wp-json\/wp\/v2\/tags?post=1453"}],"curies":[{"name":"wp","href":"https:\/\/api.w.org\/{rel}","templated":true}]}}