{"id":1435,"date":"2024-10-14T14:33:58","date_gmt":"2024-10-14T14:33:58","guid":{"rendered":"https:\/\/pamiec81.pl\/index.php\/opozycja-i-ruch-oporu\/"},"modified":"2024-10-14T14:36:46","modified_gmt":"2024-10-14T14:36:46","slug":"opozycja-i-ruch-oporu","status":"publish","type":"post","link":"https:\/\/pamiec81.pl\/index.php\/opozycja-i-ruch-oporu\/","title":{"rendered":"Opozycja i ruch oporu"},"content":{"rendered":"<p><strong>Polska mia\u0142a d\u0142ug\u0105 i burzliw\u0105 histori\u0119 oporu wobec r\u00f3\u017cnych form rz\u0105d\u00f3w autorytarnych i zewn\u0119trznych okupant\u00f3w. Opozycja i ruch oporu stanowi\u0105 wa\u017cny element tej historii, szczeg\u00f3lnie w kontek\u015bcie stanu wojennego wprowadzonego w grudniu 1981 roku. W artykule om\u00f3wimy r\u00f3\u017cne formy oporu, kluczowe postacie oraz wp\u0142yw ruch\u00f3w oporu na wsp\u00f3\u0142czesn\u0105 Polsk\u0119.<\/strong><\/p>\n<h2 id=\"historia-opozycji-w-polsce\">Historia opozycji w Polsce<\/h2>\n<h3 id=\"opozycja-antykomunistyczna-po-ii-wojnie-\u015bwiatowej\">Opozycja antykomunistyczna po II wojnie \u015bwiatowej<\/h3>\n<p>Po zako\u0144czeniu II wojny \u015bwiatowej w 1945 roku, Polska znalaz\u0142a si\u0119 w strefie wp\u0142yw\u00f3w ZSRR. Ruchy opozycyjne, takie jak Armia Krajowa, nie przesta\u0142y dzia\u0142a\u0107, mimo \u017ce oficjalnie ich zadanie zako\u0144czy\u0142o si\u0119 wraz z kapitulacj\u0105 Niemiec. Przeciwnicy nowej w\u0142adzy, zw\u0142aszcza ci zwi\u0105zani z podziemiem antykomunistycznym, mieli na celu obalenie re\u017cimu narzuconego przez Moskw\u0119. W Polsce zapanowa\u0142 w\u00f3wczas terror, prze\u015bladowania i masowe aresztowania opozycjonist\u00f3w, co utrudnia\u0142o dzia\u0142alno\u015b\u0107 konspiracyjn\u0105.<\/p>\n<h3 id=\"powstanie-solidarno\u015bci\">Powstanie Solidarno\u015bci<\/h3>\n<p>Prawdziwie masowy ruch oporu w Polsce narodzi\u0142 si\u0119 w latach 80. XX wieku, kiedy to powsta\u0142a Solidarno\u015b\u0107. To by\u0142 pierwszy niezale\u017cny zwi\u0105zek zawodowy w bloku wschodnim, kt\u00f3ry zdoby\u0142 szerokie poparcie spo\u0142eczne i sta\u0142 si\u0119 platform\u0105 dla opozycji wobec re\u017cimu. Na czele Solidarno\u015bci sta\u0142 Lech Wa\u0142\u0119sa, p\u00f3\u017aniejszy prezydent Polski. Ruch ten inspirowa\u0142 inne kraje bloku wschodniego i by\u0142 kluczowy dla p\u00f3\u017aniejszych przemian demokratycznych w regionie.<\/p>\n<h2 id=\"stan-wojenny-w-polsce\">Stan wojenny w Polsce<\/h2>\n<h3 id=\"wprowadzenie-stanu-wojennego\">Wprowadzenie stanu wojennego<\/h3>\n<p>13 grudnia 1981 roku genera\u0142 Wojciech Jaruzelski og\u0142osi\u0142 wprowadzenie stanu wojennego w Polsce. Decyzja ta by\u0142a motywowana obaw\u0105 przed destabilizacj\u0105 kraju i mo\u017cliw\u0105 interwencj\u0105 ZSRR. Stan wojenny wprowadzi\u0142 liczne ograniczenia, w tym godzin\u0119 policyjn\u0105, cenzur\u0119, aresztowania dzia\u0142aczy opozycji i szeroko zakrojone represje.<\/p>\n<h3 id=\"reakcja-spo\u0142ecze\u0144stwa\">Reakcja spo\u0142ecze\u0144stwa<\/h3>\n<p>Spo\u0142ecze\u0144stwo polskie zareagowa\u0142o na stan wojenny r\u00f3\u017cnorodnie. Cz\u0119\u015b\u0107 ludzi aktywnie anga\u017cowa\u0142a si\u0119 w ruchy oporu, organizuj\u0105c strajki, demonstracje i tworz\u0105c podziemne wydawnictwa. Inni, zastraszeni przez dzia\u0142ania w\u0142adz, wycofywali si\u0119 z \u017cycia publicznego. Mimo to, duch oporu nie zgas\u0142, a dzia\u0142ania opozycyjne kontynuowano w r\u00f3\u017cnorodny spos\u00f3b, cz\u0119sto przy wsparciu zagranicznych rz\u0105d\u00f3w i organizacji.<\/p>\n<h2 id=\"kluczowe-postacie-ruchu-oporu\">Kluczowe postacie ruchu oporu<\/h2>\n<h3 id=\"lech-wa\u0142\u0119sa\">Lech Wa\u0142\u0119sa<\/h3>\n<p>Lech Wa\u0142\u0119sa, jako lider Solidarno\u015bci, sta\u0142 si\u0119 symbolem walki o wolno\u015b\u0107 i demokracj\u0119 w Polsce. Jego charyzma i zdolno\u015bci przyw\u00f3dcze zjednoczy\u0142y miliony Polak\u00f3w w wysi\u0142kach oporu przeciwko komunistycznej w\u0142adzy. Wa\u0142\u0119sa zosta\u0142 p\u00f3\u017aniej laureatem Nagrody Nobla i pierwszym demokratycznie wybranym prezydentem Polski po upadku komunizmu.<\/p>\n<h3 id=\"anna-walentynowicz\">Anna Walentynowicz<\/h3>\n<p>Anna Walentynowicz by\u0142a jedn\u0105 z kluczowych postaci Solidarno\u015bci. Jej zwolnienie z pracy w Stoczni Gda\u0144skiej sta\u0142o si\u0119 jednym z impuls\u00f3w do rozpocz\u0119cia strajk\u00f3w w sierpniu 1980 roku. Walentynowicz by\u0142a cechowana przez ogromne zaanga\u017cowanie i determinacj\u0119, kt\u00f3re przyczyni\u0142y si\u0119 do mobilizacji oporu w ca\u0142ej Polsce.<\/p>\n<h2 id=\"formy-oporu\">Formy oporu<\/h2>\n<h3 id=\"protesty-i-demonstracje\">Protesty i demonstracje<\/h3>\n<p>Jedn\u0105 z najbardziej widocznych form oporu by\u0142y protesty i demonstracje. Strajki w Stoczni Gda\u0144skiej w 1980 roku by\u0142y tylko pocz\u0105tkiem serii masowych wyst\u0105pie\u0144, kt\u00f3re odbywa\u0142y si\u0119 w ca\u0142ym kraju. Protestuj\u0105cy domagali si\u0119 m.in. wolno\u015bci s\u0142owa, swobody zrzeszania si\u0119 i godziwych warunk\u00f3w pracy.<\/p>\n<h3 id=\"podziemne-wydawnictwa\">Podziemne wydawnictwa<\/h3>\n<p>Podziemne wydawnictwa by\u0142y kluczowe w walce informacyjnej. Drukowano w nich niezale\u017cn\u0105 pras\u0119, ulotki, ksi\u0105\u017cki i broszury, kt\u00f3re by\u0142y potem kolportowane w\u015br\u00f3d spo\u0142ecze\u0144stwa. Jednym z najbardziej znanych wydawnictw by\u0142o &quot;Tygodnik Mazowsze&quot;, kt\u00f3ry stanowi\u0142 wa\u017cne \u017ar\u00f3d\u0142o informacji dla opozycji.<\/p>\n<h2 id=\"wp\u0142yw-ruch\u00f3w-oporu-na-wsp\u00f3\u0142czesn\u0105-polsk\u0119\">Wp\u0142yw ruch\u00f3w oporu na wsp\u00f3\u0142czesn\u0105 Polsk\u0119<\/h2>\n<h3 id=\"przemiany-polityczne\">Przemiany polityczne<\/h3>\n<p>Dzia\u0142ania opozycji w latach 80. przyczyni\u0142y si\u0119 do upadku re\u017cimu komunistycznego i wprowadzenia demokratycznych przemian. Okr\u0105g\u0142y St\u00f3\u0142 i wolne wybory w 1989 roku by\u0142y bezpo\u015brednim wynikiem nacisk\u00f3w ze strony opozycji, co otworzy\u0142o drog\u0119 do budowy nowoczesnego pa\u0144stwa prawa.<\/p>\n<h3 id=\"dziedzictwo-solidarno\u015bci\">Dziedzictwo Solidarno\u015bci<\/h3>\n<p>Solidarno\u015b\u0107 zostawi\u0142a po sobie trwa\u0142e dziedzictwo. Ruch ten sta\u0142 si\u0119 symbolem walki o wolno\u015b\u0107 i niezale\u017cno\u015b\u0107 nie tylko w Polsce, ale i na ca\u0142ym \u015bwiecie. Dzi\u015b idea Solidarno\u015bci jest wci\u0105\u017c \u017cywa, a warto\u015bci, kt\u00f3re reprezentowa\u0142a, s\u0105 fundamentem wsp\u00f3\u0142czesnej demokratycznej Polski.<\/p>\n<h3 id=\"znaczenie-mi\u0119dzynarodowe\">Znaczenie mi\u0119dzynarodowe<\/h3>\n<p>Polska walka o wolno\u015b\u0107 mia\u0142a r\u00f3wnie\u017c ogromne znaczenie mi\u0119dzynarodowe. Opozycja w Polsce inspirowa\u0142a inne ruchy wolno\u015bciowe w bloku wschodnim i przyspieszy\u0142a rozpad Zwi\u0105zku Radzieckiego. Demokratyczne przemiany w Polsce by\u0142y jednym z kluczowych moment\u00f3w ko\u0144ca Zimnej Wojny i stworzy\u0142y nowy porz\u0105dek w Europie.<\/p>\n<h2 id=\"nowoczesne-formy-oporu\">Nowoczesne formy oporu<\/h2>\n<h3 id=\"ruchy-obywatelskie\">Ruchy obywatelskie<\/h3>\n<p>Wsp\u00f3\u0142czesne ruchy obywatelskie czerpi\u0105 inspiracje z historii oporu antykomunistycznego. Organizacje takie jak Komitet Obrony Demokracji (KOD) czy r\u00f3\u017cne inicjatywy spo\u0142eczne anga\u017cuj\u0105 si\u0119 w obron\u0119 wolno\u015bci obywatelskich i praw cz\u0142owieka, kontynuuj\u0105c tradycj\u0119 walki o demokratyczne warto\u015bci.<\/p>\n<h3 id=\"aktywno\u015b\u0107-w-mediach-spo\u0142eczno\u015bciowych\">Aktywno\u015b\u0107 w mediach spo\u0142eczno\u015bciowych<\/h3>\n<p>W dobie internetu, nowe technologie staj\u0105 si\u0119 narz\u0119dziem oporu. Media spo\u0142eczno\u015bciowe, blogi i strony internetowe umo\u017cliwiaj\u0105 szybk\u0105 mobilizacj\u0119 spo\u0142eczno\u015bci oraz szerzenie informacji, co jest kontynuacj\u0105 tradycji podziemnych wydawnictw z czas\u00f3w PRL-u. Aktywno\u015b\u0107 online pozwala na walk\u0119 z cenzur\u0105 i zastraszaniem, co czyni ruchy oporu bardziej odpornymi na represje.<\/p>\n<h2 id=\"znaczenie-edukacji-i-pami\u0119ci-historycznej\">Znaczenie edukacji i pami\u0119ci historycznej<\/h2>\n<h3 id=\"edukacja-o-historii-oporu\">Edukacja o historii oporu<\/h3>\n<p>Edukacja na temat historii opozycji i ruchu oporu jest wa\u017cnym elementem budowania to\u017csamo\u015bci narodowej. Programy szkolne, muzea, oraz inicjatywy edukacyjne takie jak dzia\u0142ania Instytutu Pami\u0119ci Narodowej (IPN) pomagaj\u0105 m\u0142odym pokoleniom zrozumie\u0107 rol\u0119 oporu w kszta\u0142towaniu wsp\u00f3\u0142czesnej Polski.<\/p>\n<h3 id=\"pami\u0119\u0107-i-upami\u0119tnianie\">Pami\u0119\u0107 i upami\u0119tnianie<\/h3>\n<p>Pami\u0119\u0107 o bohaterach ruchu oporu jest r\u00f3wnie wa\u017cna. Pomniki, muzea i miejsca pami\u0119ci, takie jak Muzeum Powstania Warszawskiego czy Europejskie Centrum Solidarno\u015bci, przypominaj\u0105 o walkach i po\u015bwi\u0119ceniu, kt\u00f3re by\u0142y niezb\u0119dne do osi\u0105gni\u0119cia wolno\u015bci. Upami\u0119tnianie tych wydarze\u0144 jest sposobem na oddanie ho\u0142du tym, kt\u00f3rzy walczyli o lepsz\u0105 przysz\u0142o\u015b\u0107 dla Polski.<\/p>\n<p>Ruch oporu i opozycja w Polsce to wa\u017cny element historii, kt\u00f3ry pokazuje si\u0142\u0119 determinacji, odwag\u0119 i d\u0105\u017cenie do wolno\u015bci. Na przestrzeni dekad, Polacy wielokrotnie udowadniali, \u017ce s\u0105 gotowi stawi\u0107 czo\u0142a przeciwno\u015bciom w imi\u0119 wy\u017cszych warto\u015bci. Dziedzictwo tych ruch\u00f3w jest wci\u0105\u017c obecne w dzisiejszej Polsce, wp\u0142ywaj\u0105c na jej polityk\u0119, spo\u0142ecze\u0144stwo i kultur\u0119.<\/p>\n","protected":false},"excerpt":{"rendered":"<p>Polska mia\u0142a d\u0142ug\u0105 i burzliw\u0105 histori\u0119 oporu wobec r\u00f3\u017cnych form rz\u0105d\u00f3w autorytarnych i zewn\u0119trznych okupant\u00f3w. Opozycja i ruch oporu stanowi\u0105 wa\u017cny element tej historii, szczeg\u00f3lnie w kontek\u015bcie stanu wojennego wprowadzonego w grudniu 1981 roku. W artykule om\u00f3wimy r\u00f3\u017cne formy oporu, kluczowe postacie oraz wp\u0142yw ruch\u00f3w oporu na wsp\u00f3\u0142czesn\u0105 Polsk\u0119. Historia opozycji w Polsce Opozycja antykomunistyczna&#8230;<\/p>\n","protected":false},"author":1,"featured_media":1376,"comment_status":"closed","ping_status":"","sticky":false,"template":"","format":"standard","meta":{"_kadence_starter_templates_imported_post":false,"_kad_post_transparent":"","_kad_post_title":"","_kad_post_layout":"","_kad_post_sidebar_id":"","_kad_post_content_style":"","_kad_post_vertical_padding":"","_kad_post_feature":"","_kad_post_feature_position":"","_kad_post_header":false,"_kad_post_footer":false,"_kad_post_classname":"","footnotes":""},"categories":[15],"tags":[],"class_list":["post-1435","post","type-post","status-publish","format-standard","has-post-thumbnail","hentry","category-zycie-codzienne"],"yoast_head":"<!-- This site is optimized with the Yoast SEO plugin v27.5 - https:\/\/yoast.com\/product\/yoast-seo-wordpress\/ -->\n<title>Opozycja i ruch oporu - Grudzie\u0144 1981: Historia i Pami\u0119\u0107<\/title>\n<meta name=\"robots\" content=\"index, follow, max-snippet:-1, max-image-preview:large, max-video-preview:-1\" \/>\n<link rel=\"canonical\" href=\"https:\/\/pamiec81.pl\/index.php\/opozycja-i-ruch-oporu\/\" \/>\n<meta property=\"og:locale\" content=\"pl_PL\" \/>\n<meta property=\"og:type\" content=\"article\" \/>\n<meta property=\"og:title\" content=\"Opozycja i ruch oporu - Grudzie\u0144 1981: Historia i Pami\u0119\u0107\" \/>\n<meta property=\"og:description\" content=\"Polska mia\u0142a d\u0142ug\u0105 i burzliw\u0105 histori\u0119 oporu wobec r\u00f3\u017cnych form rz\u0105d\u00f3w autorytarnych i zewn\u0119trznych okupant\u00f3w. Opozycja i ruch oporu stanowi\u0105 wa\u017cny element tej historii, szczeg\u00f3lnie w kontek\u015bcie stanu wojennego wprowadzonego w grudniu 1981 roku. W artykule om\u00f3wimy r\u00f3\u017cne formy oporu, kluczowe postacie oraz wp\u0142yw ruch\u00f3w oporu na wsp\u00f3\u0142czesn\u0105 Polsk\u0119. Historia opozycji w Polsce Opozycja antykomunistyczna...\" \/>\n<meta property=\"og:url\" content=\"https:\/\/pamiec81.pl\/index.php\/opozycja-i-ruch-oporu\/\" \/>\n<meta property=\"og:site_name\" content=\"Grudzie\u0144 1981: Historia i Pami\u0119\u0107\" \/>\n<meta property=\"article:published_time\" content=\"2024-10-14T14:33:58+00:00\" \/>\n<meta property=\"article:modified_time\" content=\"2024-10-14T14:36:46+00:00\" \/>\n<meta property=\"og:image\" content=\"https:\/\/pamiec81.pl\/wp-content\/uploads\/2024\/10\/shutterstock_2044433618.jpg\" \/>\n\t<meta property=\"og:image:width\" content=\"1000\" \/>\n\t<meta property=\"og:image:height\" content=\"654\" \/>\n\t<meta property=\"og:image:type\" content=\"image\/jpeg\" \/>\n<meta name=\"author\" content=\"pamiec81\" \/>\n<meta name=\"twitter:card\" content=\"summary_large_image\" \/>\n<meta name=\"twitter:label1\" content=\"Napisane przez\" \/>\n\t<meta name=\"twitter:data1\" content=\"pamiec81\" \/>\n\t<meta name=\"twitter:label2\" content=\"Szacowany czas czytania\" \/>\n\t<meta name=\"twitter:data2\" content=\"5 minut\" \/>\n<script type=\"application\/ld+json\" class=\"yoast-schema-graph\">{\"@context\":\"https:\\\/\\\/schema.org\",\"@graph\":[{\"@type\":\"Article\",\"@id\":\"https:\\\/\\\/pamiec81.pl\\\/index.php\\\/opozycja-i-ruch-oporu\\\/#article\",\"isPartOf\":{\"@id\":\"https:\\\/\\\/pamiec81.pl\\\/index.php\\\/opozycja-i-ruch-oporu\\\/\"},\"author\":{\"name\":\"pamiec81\",\"@id\":\"https:\\\/\\\/pamiec81.pl\\\/#\\\/schema\\\/person\\\/47024abcf028b8fcf0ddfcf373c4c57e\"},\"headline\":\"Opozycja i ruch oporu\",\"datePublished\":\"2024-10-14T14:33:58+00:00\",\"dateModified\":\"2024-10-14T14:36:46+00:00\",\"mainEntityOfPage\":{\"@id\":\"https:\\\/\\\/pamiec81.pl\\\/index.php\\\/opozycja-i-ruch-oporu\\\/\"},\"wordCount\":1053,\"publisher\":{\"@id\":\"https:\\\/\\\/pamiec81.pl\\\/#organization\"},\"image\":{\"@id\":\"https:\\\/\\\/pamiec81.pl\\\/index.php\\\/opozycja-i-ruch-oporu\\\/#primaryimage\"},\"thumbnailUrl\":\"https:\\\/\\\/pamiec81.pl\\\/wp-content\\\/uploads\\\/2024\\\/10\\\/shutterstock_2044433618.jpg\",\"articleSection\":[\"\u017bYCIE CODZIENNE\"],\"inLanguage\":\"pl-PL\"},{\"@type\":\"WebPage\",\"@id\":\"https:\\\/\\\/pamiec81.pl\\\/index.php\\\/opozycja-i-ruch-oporu\\\/\",\"url\":\"https:\\\/\\\/pamiec81.pl\\\/index.php\\\/opozycja-i-ruch-oporu\\\/\",\"name\":\"Opozycja i ruch oporu - Grudzie\u0144 1981: Historia i Pami\u0119\u0107\",\"isPartOf\":{\"@id\":\"https:\\\/\\\/pamiec81.pl\\\/#website\"},\"primaryImageOfPage\":{\"@id\":\"https:\\\/\\\/pamiec81.pl\\\/index.php\\\/opozycja-i-ruch-oporu\\\/#primaryimage\"},\"image\":{\"@id\":\"https:\\\/\\\/pamiec81.pl\\\/index.php\\\/opozycja-i-ruch-oporu\\\/#primaryimage\"},\"thumbnailUrl\":\"https:\\\/\\\/pamiec81.pl\\\/wp-content\\\/uploads\\\/2024\\\/10\\\/shutterstock_2044433618.jpg\",\"datePublished\":\"2024-10-14T14:33:58+00:00\",\"dateModified\":\"2024-10-14T14:36:46+00:00\",\"breadcrumb\":{\"@id\":\"https:\\\/\\\/pamiec81.pl\\\/index.php\\\/opozycja-i-ruch-oporu\\\/#breadcrumb\"},\"inLanguage\":\"pl-PL\",\"potentialAction\":[{\"@type\":\"ReadAction\",\"target\":[\"https:\\\/\\\/pamiec81.pl\\\/index.php\\\/opozycja-i-ruch-oporu\\\/\"]}]},{\"@type\":\"ImageObject\",\"inLanguage\":\"pl-PL\",\"@id\":\"https:\\\/\\\/pamiec81.pl\\\/index.php\\\/opozycja-i-ruch-oporu\\\/#primaryimage\",\"url\":\"https:\\\/\\\/pamiec81.pl\\\/wp-content\\\/uploads\\\/2024\\\/10\\\/shutterstock_2044433618.jpg\",\"contentUrl\":\"https:\\\/\\\/pamiec81.pl\\\/wp-content\\\/uploads\\\/2024\\\/10\\\/shutterstock_2044433618.jpg\",\"width\":1000,\"height\":654,\"caption\":\"Polska historia\"},{\"@type\":\"BreadcrumbList\",\"@id\":\"https:\\\/\\\/pamiec81.pl\\\/index.php\\\/opozycja-i-ruch-oporu\\\/#breadcrumb\",\"itemListElement\":[{\"@type\":\"ListItem\",\"position\":1,\"name\":\"Strona g\u0142\u00f3wna\",\"item\":\"https:\\\/\\\/pamiec81.pl\\\/\"},{\"@type\":\"ListItem\",\"position\":2,\"name\":\"Opozycja i ruch oporu\"}]},{\"@type\":\"WebSite\",\"@id\":\"https:\\\/\\\/pamiec81.pl\\\/#website\",\"url\":\"https:\\\/\\\/pamiec81.pl\\\/\",\"name\":\"Grudzie\u0144 1981: Historia i Pami\u0119\u0107\",\"description\":\"Upami\u0119tnijmy stan wojenny grudnia 1981. Razem odkrywajmy histori\u0119, dzielmy si\u0119 wspomnieniami i refleksjami o walce o wolno\u015b\u0107 i prawd\u0119.\",\"publisher\":{\"@id\":\"https:\\\/\\\/pamiec81.pl\\\/#organization\"},\"potentialAction\":[{\"@type\":\"SearchAction\",\"target\":{\"@type\":\"EntryPoint\",\"urlTemplate\":\"https:\\\/\\\/pamiec81.pl\\\/?s={search_term_string}\"},\"query-input\":{\"@type\":\"PropertyValueSpecification\",\"valueRequired\":true,\"valueName\":\"search_term_string\"}}],\"inLanguage\":\"pl-PL\"},{\"@type\":\"Organization\",\"@id\":\"https:\\\/\\\/pamiec81.pl\\\/#organization\",\"name\":\"Grudzie\u0144 1981: Historia i Pami\u0119\u0107\",\"url\":\"https:\\\/\\\/pamiec81.pl\\\/\",\"logo\":{\"@type\":\"ImageObject\",\"inLanguage\":\"pl-PL\",\"@id\":\"https:\\\/\\\/pamiec81.pl\\\/#\\\/schema\\\/logo\\\/image\\\/\",\"url\":\"https:\\\/\\\/pamiec81.pl\\\/wp-content\\\/uploads\\\/2024\\\/10\\\/polskiemorsy.net__3_-removebg-preview.png\",\"contentUrl\":\"https:\\\/\\\/pamiec81.pl\\\/wp-content\\\/uploads\\\/2024\\\/10\\\/polskiemorsy.net__3_-removebg-preview.png\",\"width\":300,\"height\":100,\"caption\":\"Grudzie\u0144 1981: Historia i Pami\u0119\u0107\"},\"image\":{\"@id\":\"https:\\\/\\\/pamiec81.pl\\\/#\\\/schema\\\/logo\\\/image\\\/\"}},{\"@type\":\"Person\",\"@id\":\"https:\\\/\\\/pamiec81.pl\\\/#\\\/schema\\\/person\\\/47024abcf028b8fcf0ddfcf373c4c57e\",\"name\":\"pamiec81\",\"image\":{\"@type\":\"ImageObject\",\"inLanguage\":\"pl-PL\",\"@id\":\"https:\\\/\\\/secure.gravatar.com\\\/avatar\\\/8c6c8a6ddc98c0d8c18a4a687166a69e5fdbc0475752245205a512500cb18d08?s=96&d=mm&r=g\",\"url\":\"https:\\\/\\\/secure.gravatar.com\\\/avatar\\\/8c6c8a6ddc98c0d8c18a4a687166a69e5fdbc0475752245205a512500cb18d08?s=96&d=mm&r=g\",\"contentUrl\":\"https:\\\/\\\/secure.gravatar.com\\\/avatar\\\/8c6c8a6ddc98c0d8c18a4a687166a69e5fdbc0475752245205a512500cb18d08?s=96&d=mm&r=g\",\"caption\":\"pamiec81\"},\"sameAs\":[\"https:\\\/\\\/pamiec81.pl\"],\"url\":\"https:\\\/\\\/pamiec81.pl\\\/index.php\\\/author\\\/pamiec\\\/\"}]}<\/script>\n<!-- \/ Yoast SEO plugin. -->","yoast_head_json":{"title":"Opozycja i ruch oporu - Grudzie\u0144 1981: Historia i Pami\u0119\u0107","robots":{"index":"index","follow":"follow","max-snippet":"max-snippet:-1","max-image-preview":"max-image-preview:large","max-video-preview":"max-video-preview:-1"},"canonical":"https:\/\/pamiec81.pl\/index.php\/opozycja-i-ruch-oporu\/","og_locale":"pl_PL","og_type":"article","og_title":"Opozycja i ruch oporu - Grudzie\u0144 1981: Historia i Pami\u0119\u0107","og_description":"Polska mia\u0142a d\u0142ug\u0105 i burzliw\u0105 histori\u0119 oporu wobec r\u00f3\u017cnych form rz\u0105d\u00f3w autorytarnych i zewn\u0119trznych okupant\u00f3w. Opozycja i ruch oporu stanowi\u0105 wa\u017cny element tej historii, szczeg\u00f3lnie w kontek\u015bcie stanu wojennego wprowadzonego w grudniu 1981 roku. W artykule om\u00f3wimy r\u00f3\u017cne formy oporu, kluczowe postacie oraz wp\u0142yw ruch\u00f3w oporu na wsp\u00f3\u0142czesn\u0105 Polsk\u0119. Historia opozycji w Polsce Opozycja antykomunistyczna...","og_url":"https:\/\/pamiec81.pl\/index.php\/opozycja-i-ruch-oporu\/","og_site_name":"Grudzie\u0144 1981: Historia i Pami\u0119\u0107","article_published_time":"2024-10-14T14:33:58+00:00","article_modified_time":"2024-10-14T14:36:46+00:00","og_image":[{"width":1000,"height":654,"url":"https:\/\/pamiec81.pl\/wp-content\/uploads\/2024\/10\/shutterstock_2044433618.jpg","type":"image\/jpeg"}],"author":"pamiec81","twitter_card":"summary_large_image","twitter_misc":{"Napisane przez":"pamiec81","Szacowany czas czytania":"5 minut"},"schema":{"@context":"https:\/\/schema.org","@graph":[{"@type":"Article","@id":"https:\/\/pamiec81.pl\/index.php\/opozycja-i-ruch-oporu\/#article","isPartOf":{"@id":"https:\/\/pamiec81.pl\/index.php\/opozycja-i-ruch-oporu\/"},"author":{"name":"pamiec81","@id":"https:\/\/pamiec81.pl\/#\/schema\/person\/47024abcf028b8fcf0ddfcf373c4c57e"},"headline":"Opozycja i ruch oporu","datePublished":"2024-10-14T14:33:58+00:00","dateModified":"2024-10-14T14:36:46+00:00","mainEntityOfPage":{"@id":"https:\/\/pamiec81.pl\/index.php\/opozycja-i-ruch-oporu\/"},"wordCount":1053,"publisher":{"@id":"https:\/\/pamiec81.pl\/#organization"},"image":{"@id":"https:\/\/pamiec81.pl\/index.php\/opozycja-i-ruch-oporu\/#primaryimage"},"thumbnailUrl":"https:\/\/pamiec81.pl\/wp-content\/uploads\/2024\/10\/shutterstock_2044433618.jpg","articleSection":["\u017bYCIE CODZIENNE"],"inLanguage":"pl-PL"},{"@type":"WebPage","@id":"https:\/\/pamiec81.pl\/index.php\/opozycja-i-ruch-oporu\/","url":"https:\/\/pamiec81.pl\/index.php\/opozycja-i-ruch-oporu\/","name":"Opozycja i ruch oporu - Grudzie\u0144 1981: Historia i Pami\u0119\u0107","isPartOf":{"@id":"https:\/\/pamiec81.pl\/#website"},"primaryImageOfPage":{"@id":"https:\/\/pamiec81.pl\/index.php\/opozycja-i-ruch-oporu\/#primaryimage"},"image":{"@id":"https:\/\/pamiec81.pl\/index.php\/opozycja-i-ruch-oporu\/#primaryimage"},"thumbnailUrl":"https:\/\/pamiec81.pl\/wp-content\/uploads\/2024\/10\/shutterstock_2044433618.jpg","datePublished":"2024-10-14T14:33:58+00:00","dateModified":"2024-10-14T14:36:46+00:00","breadcrumb":{"@id":"https:\/\/pamiec81.pl\/index.php\/opozycja-i-ruch-oporu\/#breadcrumb"},"inLanguage":"pl-PL","potentialAction":[{"@type":"ReadAction","target":["https:\/\/pamiec81.pl\/index.php\/opozycja-i-ruch-oporu\/"]}]},{"@type":"ImageObject","inLanguage":"pl-PL","@id":"https:\/\/pamiec81.pl\/index.php\/opozycja-i-ruch-oporu\/#primaryimage","url":"https:\/\/pamiec81.pl\/wp-content\/uploads\/2024\/10\/shutterstock_2044433618.jpg","contentUrl":"https:\/\/pamiec81.pl\/wp-content\/uploads\/2024\/10\/shutterstock_2044433618.jpg","width":1000,"height":654,"caption":"Polska historia"},{"@type":"BreadcrumbList","@id":"https:\/\/pamiec81.pl\/index.php\/opozycja-i-ruch-oporu\/#breadcrumb","itemListElement":[{"@type":"ListItem","position":1,"name":"Strona g\u0142\u00f3wna","item":"https:\/\/pamiec81.pl\/"},{"@type":"ListItem","position":2,"name":"Opozycja i ruch oporu"}]},{"@type":"WebSite","@id":"https:\/\/pamiec81.pl\/#website","url":"https:\/\/pamiec81.pl\/","name":"Grudzie\u0144 1981: Historia i Pami\u0119\u0107","description":"Upami\u0119tnijmy stan wojenny grudnia 1981. Razem odkrywajmy histori\u0119, dzielmy si\u0119 wspomnieniami i refleksjami o walce o wolno\u015b\u0107 i prawd\u0119.","publisher":{"@id":"https:\/\/pamiec81.pl\/#organization"},"potentialAction":[{"@type":"SearchAction","target":{"@type":"EntryPoint","urlTemplate":"https:\/\/pamiec81.pl\/?s={search_term_string}"},"query-input":{"@type":"PropertyValueSpecification","valueRequired":true,"valueName":"search_term_string"}}],"inLanguage":"pl-PL"},{"@type":"Organization","@id":"https:\/\/pamiec81.pl\/#organization","name":"Grudzie\u0144 1981: Historia i Pami\u0119\u0107","url":"https:\/\/pamiec81.pl\/","logo":{"@type":"ImageObject","inLanguage":"pl-PL","@id":"https:\/\/pamiec81.pl\/#\/schema\/logo\/image\/","url":"https:\/\/pamiec81.pl\/wp-content\/uploads\/2024\/10\/polskiemorsy.net__3_-removebg-preview.png","contentUrl":"https:\/\/pamiec81.pl\/wp-content\/uploads\/2024\/10\/polskiemorsy.net__3_-removebg-preview.png","width":300,"height":100,"caption":"Grudzie\u0144 1981: Historia i Pami\u0119\u0107"},"image":{"@id":"https:\/\/pamiec81.pl\/#\/schema\/logo\/image\/"}},{"@type":"Person","@id":"https:\/\/pamiec81.pl\/#\/schema\/person\/47024abcf028b8fcf0ddfcf373c4c57e","name":"pamiec81","image":{"@type":"ImageObject","inLanguage":"pl-PL","@id":"https:\/\/secure.gravatar.com\/avatar\/8c6c8a6ddc98c0d8c18a4a687166a69e5fdbc0475752245205a512500cb18d08?s=96&d=mm&r=g","url":"https:\/\/secure.gravatar.com\/avatar\/8c6c8a6ddc98c0d8c18a4a687166a69e5fdbc0475752245205a512500cb18d08?s=96&d=mm&r=g","contentUrl":"https:\/\/secure.gravatar.com\/avatar\/8c6c8a6ddc98c0d8c18a4a687166a69e5fdbc0475752245205a512500cb18d08?s=96&d=mm&r=g","caption":"pamiec81"},"sameAs":["https:\/\/pamiec81.pl"],"url":"https:\/\/pamiec81.pl\/index.php\/author\/pamiec\/"}]}},"_links":{"self":[{"href":"https:\/\/pamiec81.pl\/index.php\/wp-json\/wp\/v2\/posts\/1435","targetHints":{"allow":["GET"]}}],"collection":[{"href":"https:\/\/pamiec81.pl\/index.php\/wp-json\/wp\/v2\/posts"}],"about":[{"href":"https:\/\/pamiec81.pl\/index.php\/wp-json\/wp\/v2\/types\/post"}],"author":[{"embeddable":true,"href":"https:\/\/pamiec81.pl\/index.php\/wp-json\/wp\/v2\/users\/1"}],"replies":[{"embeddable":true,"href":"https:\/\/pamiec81.pl\/index.php\/wp-json\/wp\/v2\/comments?post=1435"}],"version-history":[{"count":1,"href":"https:\/\/pamiec81.pl\/index.php\/wp-json\/wp\/v2\/posts\/1435\/revisions"}],"predecessor-version":[{"id":1442,"href":"https:\/\/pamiec81.pl\/index.php\/wp-json\/wp\/v2\/posts\/1435\/revisions\/1442"}],"wp:featuredmedia":[{"embeddable":true,"href":"https:\/\/pamiec81.pl\/index.php\/wp-json\/wp\/v2\/media\/1376"}],"wp:attachment":[{"href":"https:\/\/pamiec81.pl\/index.php\/wp-json\/wp\/v2\/media?parent=1435"}],"wp:term":[{"taxonomy":"category","embeddable":true,"href":"https:\/\/pamiec81.pl\/index.php\/wp-json\/wp\/v2\/categories?post=1435"},{"taxonomy":"post_tag","embeddable":true,"href":"https:\/\/pamiec81.pl\/index.php\/wp-json\/wp\/v2\/tags?post=1435"}],"curies":[{"name":"wp","href":"https:\/\/api.w.org\/{rel}","templated":true}]}}