{"id":1428,"date":"2024-10-14T14:31:51","date_gmt":"2024-10-14T14:31:51","guid":{"rendered":"https:\/\/pamiec81.pl\/index.php\/zycie-pod-represjami-jak-wygladalo-zycie-codzienne-obywateli-podczas-stanu-wojennego-godzina-policyjna-cenzura-ograniczenia-w-poruszaniu-sie\/"},"modified":"2024-10-14T14:34:22","modified_gmt":"2024-10-14T14:34:22","slug":"zycie-pod-represjami","status":"publish","type":"post","link":"https:\/\/pamiec81.pl\/index.php\/zycie-pod-represjami\/","title":{"rendered":"\u017bycie pod represjami"},"content":{"rendered":"<p><strong>\u017bycie pod represjami w okresie stanu wojennego w Polsce by\u0142o wyj\u0105tkowo trudne. Codzienna egzystencja obywateli komplikowana by\u0142a przez liczne ograniczenia, takie jak godzina policyjna, cenzura czy restrykcje w poruszaniu si\u0119. W tym artykule przyjrzymy si\u0119 w detalach, jak te elementy wp\u0142ywa\u0142y na \u017cycie codzienne Polak\u00f3w.<\/strong><\/p>\n<h2 id=\"kontekst-historyczny-stanu-wojennego\">Kontekst historyczny stanu wojennego<\/h2>\n<h3 id=\"przyczyny-wprowadzenia-stanu-wojennego\">Przyczyny wprowadzenia stanu wojennego<\/h3>\n<p>Stan wojenny w Polsce zosta\u0142 wprowadzony 13 grudnia 1981 roku przez w\u0142adze komunistyczne. G\u0142\u00f3wn\u0105 przyczyn\u0105 tego dzia\u0142ania by\u0142a rosn\u0105ca aktywno\u015b\u0107 opozycji, zw\u0142aszcza ruchu &quot;Solidarno\u015b\u0107&quot;. W\u0142adze obawia\u0142y si\u0119 utraty kontroli nad sytuacj\u0105 w kraju, a tak\u017ce interwencji wojsk Uk\u0142adu Warszawskiego. Wprowadzenie stanu wojennego mia\u0142o na celu przywr\u00f3cenie &quot;porz\u0105dku&quot; i st\u0142umienie ruch\u00f3w opozycyjnych.<\/p>\n<h3 id=\"polityczna-i-spo\u0142eczna-sytuacja-w-polsce\">Polityczna i spo\u0142eczna sytuacja w Polsce<\/h3>\n<p>W latach 80. XX wieku Polska by\u0142a w g\u0142\u0119bokim kryzysie gospodarczym. Brak podstawowych produkt\u00f3w spo\u017cywczych, d\u0142ugie kolejki oraz inflacja by\u0142y na porz\u0105dku dziennym. Spo\u0142ecze\u0144stwo by\u0142o zm\u0119czone i rozczarowane polityk\u0105 w\u0142adz, co skutkowa\u0142o wybuchem strajk\u00f3w i protest\u00f3w. Wprowadzenie stanu wojennego mia\u0142o na celu zahamowanie tych dzia\u0142a\u0144.<\/p>\n<h2 id=\"godzina-policyjna\">Godzina policyjna<\/h2>\n<h3 id=\"zakaz-wychodzenia-po-okre\u015blonej-godzinie\">Zakaz wychodzenia po okre\u015blonej godzinie<\/h3>\n<p>Stan wojenny wi\u0105za\u0142 si\u0119 z wprowadzeniem godziny policyjnej. Obywatele nie mogli wychodzi\u0107 z dom\u00f3w w godzinach od 22:00 do 6:00. Ta restrykcja by\u0142a surowo egzekwowana przez milicj\u0119 i wojsko. Wychodzenie poza wyznaczony czas by\u0142o karane, cz\u0119sto bardzo surowo. Wprowadzenie godziny policyjnej mia\u0142o na celu ograniczenie mo\u017cliwo\u015bci organizowania protest\u00f3w i zgromadze\u0144 nocnych.<\/p>\n<h3 id=\"kontrole-i-patrole-na-ulicach\">Kontrole i patrole na ulicach<\/h3>\n<p>Na ulicach miast pojawi\u0142y si\u0119 liczne patrole wojskowe i milicyjne, kt\u00f3re pilnowa\u0142y przestrzegania godziny policyjnej. Kontrole by\u0142y bardzo szczeg\u00f3\u0142owe, a osoby zatrzymywane musia\u0142y cz\u0119sto t\u0142umaczy\u0107 si\u0119 ze swojego miejsca pobytu i celu podr\u00f3\u017cy. Obecno\u015b\u0107 patrol\u00f3w by\u0142a wszechobecna i mia\u0142a na celu zastraszenie obywateli oraz ograniczenie ich swob\u00f3d.<\/p>\n<h2 id=\"cenzura\">Cenzura<\/h2>\n<h3 id=\"kontrola-medi\u00f3w-i-publikacji\">Kontrola medi\u00f3w i publikacji<\/h3>\n<p>Cenzura w okresie stanu wojennego by\u0142a bardzo rygorystyczna. W\u0142adze kontrolowa\u0142y wszystkie media &#8211; od prasy, przez radio, a\u017c po telewizj\u0119. Wszelkie informacje by\u0142y \u015bci\u015ble monitorowane, a materia\u0142y uznane za szkodliwe dla w\u0142adzy by\u0142y blokowane. W efekcie spo\u0142ecze\u0144stwo mia\u0142o dost\u0119p jedynie do jednostronnej, propagandowej informacji, co utrudnia\u0142o zdobywanie rzetelnej wiedzy o sytuacji w kraju i na \u015bwiecie.<\/p>\n<h3 id=\"rewizje-osobiste-i-domowe\">Rewizje osobiste i domowe<\/h3>\n<p>Cenzura nie ogranicza\u0142a si\u0119 jedynie do medi\u00f3w masowych. Ludzie byli n\u0119kani przez liczne rewizje osobiste i domowe. Funkcjonariusze milicji i S\u0142u\u017cby Bezpiecze\u0144stwa w poszukiwaniu &quot;szkodliwych&quot; publikacji czy materia\u0142\u00f3w propagandowych przeprowadzali brutalne przeszukania. Wiele os\u00f3b chowaj\u0105cych nielegalne dokumenty czy ksi\u0105\u017cki by\u0142o represjonowanych lub trafia\u0142o do aresztu.<\/p>\n<h2 id=\"ograniczenia-w-poruszaniu-si\u0119\">Ograniczenia w poruszaniu si\u0119<\/h2>\n<h3 id=\"kontrola-granic-wewn\u0119trznych\">Kontrola granic wewn\u0119trznych<\/h3>\n<p>Jednym z g\u0142\u00f3wnych element\u00f3w stanu wojennego by\u0142y restrykcje dotycz\u0105ce poruszania si\u0119 po kraju. Wprowadzono kontrole dokument\u00f3w i przepustek na granicach miast i wojew\u00f3dztw. Ka\u017cdy, kto chcia\u0142 podr\u00f3\u017cowa\u0107, musia\u0142 posiada\u0107 specjaln\u0105 przepustk\u0119, kt\u00f3ra by\u0142a wydawana przez w\u0142adze. Bez niej podr\u00f3\u017cowanie po kraju by\u0142o praktycznie niemo\u017cliwe.<\/p>\n<h3 id=\"zawieszenie-po\u0142\u0105cze\u0144-komunikacyjnych\">Zawieszenie po\u0142\u0105cze\u0144 komunikacyjnych<\/h3>\n<p>Stan wojenny wp\u0142yn\u0105\u0142 tak\u017ce na komunikacj\u0119 publiczn\u0105. Wiele po\u0142\u0105cze\u0144 kolejowych, autobusowych, a nawet lotniczych zosta\u0142o zawieszonych. By\u0142o to kolejny spos\u00f3b na ograniczenie mo\u017cliwo\u015bci przemieszczania si\u0119 obywateli oraz organizacji strajk\u00f3w i protest\u00f3w. Te dzia\u0142ania mia\u0142y na celu utrzymanie kontroli nad spo\u0142ecze\u0144stwem.<\/p>\n<h2 id=\"\u017cycie-codzienne-pod-represjami\">\u017bycie codzienne pod represjami<\/h2>\n<h3 id=\"trudno\u015bci-w-zaopatrzeniu\">Trudno\u015bci w zaopatrzeniu<\/h3>\n<p>Jednym z najbardziej dotkliwych aspekt\u00f3w \u017cycia codziennego podczas stanu wojennego by\u0142y problemy z zaopatrzeniem. Brak podstawowych produkt\u00f3w spo\u017cywczych, lek\u00f3w czy artyku\u0142\u00f3w higienicznych by\u0142 powszechny. Wprowadzenie kartek na \u017cywno\u015b\u0107 jeszcze bardziej skomplikowa\u0142o \u017cycie obywateli, kt\u00f3rzy musieli codziennie stawa\u0107 w d\u0142ugich kolejkach, by zdoby\u0107 podstawowe produkty.<\/p>\n<h3 id=\"psychologiczne-skutki-represji\">Psychologiczne skutki represji<\/h3>\n<p>Nieograniczona inwigilacja, patrole wojska na ulicach, rewizje i ograniczenia w poruszaniu si\u0119 mia\u0142y ogromny wp\u0142yw na psychik\u0119 mieszka\u0144c\u00f3w. Strach, niepewno\u015b\u0107 i ci\u0105g\u0142e poczucie zagro\u017cenia sta\u0142y si\u0119 cz\u0119\u015bci\u0105 codziennego \u017cycia. Wielu ludzi \u017cy\u0142o w permanentnym stresie i obawie przed represjami ze strony w\u0142adz.<\/p>\n<h3 id=\"op\u00f3r-spo\u0142eczny\">Op\u00f3r spo\u0142eczny<\/h3>\n<p>Pomimo licznych represji, Polacy nie poddawali si\u0119 w walce o swoje prawa. Ruch &quot;Solidarno\u015b\u0107&quot; i liczne grupy opozycyjne kontynuowa\u0142y dzia\u0142alno\u015b\u0107 w podziemiu, organizuj\u0105c strajki i demonstracje. Mimo \u017ce by\u0142y one surowo t\u0142umione przez w\u0142adze, stanowi\u0142y wa\u017cny sygna\u0142 oporu i determinacji spo\u0142ecze\u0144stwa w walce o wolno\u015b\u0107 i demokracj\u0119.<\/p>\n<p><strong>Podsumowuj\u0105c, stan wojenny w Polsce by\u0142 okresem najwi\u0119kszych represji w historii kraju po II wojnie \u015bwiatowej. \u017bycie codzienne obywateli by\u0142o naznaczone strachem, ograniczeniami i ci\u0105g\u0142\u0105 kontrol\u0105. Pomimo tego spo\u0142ecze\u0144stwo nie przesta\u0142o walczy\u0107 o swoje prawa i godno\u015b\u0107, co w efekcie doprowadzi\u0142o do zmiany ustroju politycznego kraju kilka lat p\u00f3\u017aniej.<\/strong><\/p>\n\n\n<p><\/p>\n","protected":false},"excerpt":{"rendered":"<p>\u017bycie pod represjami w okresie stanu wojennego w Polsce by\u0142o wyj\u0105tkowo trudne. Codzienna egzystencja obywateli komplikowana by\u0142a przez liczne ograniczenia, takie jak godzina policyjna, cenzura czy restrykcje w poruszaniu si\u0119. W tym artykule przyjrzymy si\u0119 w detalach, jak te elementy wp\u0142ywa\u0142y na \u017cycie codzienne Polak\u00f3w. Kontekst historyczny stanu wojennego Przyczyny wprowadzenia stanu wojennego Stan wojenny&#8230;<\/p>\n","protected":false},"author":1,"featured_media":1364,"comment_status":"closed","ping_status":"","sticky":false,"template":"","format":"standard","meta":{"_kadence_starter_templates_imported_post":false,"_kad_post_transparent":"","_kad_post_title":"","_kad_post_layout":"","_kad_post_sidebar_id":"","_kad_post_content_style":"","_kad_post_vertical_padding":"","_kad_post_feature":"","_kad_post_feature_position":"","_kad_post_header":false,"_kad_post_footer":false,"_kad_post_classname":"","footnotes":""},"categories":[15],"tags":[],"class_list":["post-1428","post","type-post","status-publish","format-standard","has-post-thumbnail","hentry","category-zycie-codzienne"],"yoast_head":"<!-- This site is optimized with the Yoast SEO plugin v27.5 - https:\/\/yoast.com\/product\/yoast-seo-wordpress\/ -->\n<title>\u017bycie pod represjami - Grudzie\u0144 1981: Historia i Pami\u0119\u0107<\/title>\n<meta name=\"robots\" content=\"index, follow, max-snippet:-1, max-image-preview:large, max-video-preview:-1\" \/>\n<link rel=\"canonical\" href=\"https:\/\/pamiec81.pl\/index.php\/zycie-pod-represjami\/\" \/>\n<meta property=\"og:locale\" content=\"pl_PL\" \/>\n<meta property=\"og:type\" content=\"article\" \/>\n<meta property=\"og:title\" content=\"\u017bycie pod represjami - Grudzie\u0144 1981: Historia i Pami\u0119\u0107\" \/>\n<meta property=\"og:description\" content=\"\u017bycie pod represjami w okresie stanu wojennego w Polsce by\u0142o wyj\u0105tkowo trudne. Codzienna egzystencja obywateli komplikowana by\u0142a przez liczne ograniczenia, takie jak godzina policyjna, cenzura czy restrykcje w poruszaniu si\u0119. W tym artykule przyjrzymy si\u0119 w detalach, jak te elementy wp\u0142ywa\u0142y na \u017cycie codzienne Polak\u00f3w. Kontekst historyczny stanu wojennego Przyczyny wprowadzenia stanu wojennego Stan wojenny...\" \/>\n<meta property=\"og:url\" content=\"https:\/\/pamiec81.pl\/index.php\/zycie-pod-represjami\/\" \/>\n<meta property=\"og:site_name\" content=\"Grudzie\u0144 1981: Historia i Pami\u0119\u0107\" \/>\n<meta property=\"article:published_time\" content=\"2024-10-14T14:31:51+00:00\" \/>\n<meta property=\"article:modified_time\" content=\"2024-10-14T14:34:22+00:00\" \/>\n<meta property=\"og:image\" content=\"https:\/\/pamiec81.pl\/wp-content\/uploads\/2024\/10\/shutterstock_54223741.jpg\" \/>\n\t<meta property=\"og:image:width\" content=\"1000\" \/>\n\t<meta property=\"og:image:height\" content=\"667\" \/>\n\t<meta property=\"og:image:type\" content=\"image\/jpeg\" \/>\n<meta name=\"author\" content=\"pamiec81\" \/>\n<meta name=\"twitter:card\" content=\"summary_large_image\" \/>\n<meta name=\"twitter:label1\" content=\"Napisane przez\" \/>\n\t<meta name=\"twitter:data1\" content=\"pamiec81\" \/>\n\t<meta name=\"twitter:label2\" content=\"Szacowany czas czytania\" \/>\n\t<meta name=\"twitter:data2\" content=\"4 minuty\" \/>\n<script type=\"application\/ld+json\" class=\"yoast-schema-graph\">{\"@context\":\"https:\\\/\\\/schema.org\",\"@graph\":[{\"@type\":\"Article\",\"@id\":\"https:\\\/\\\/pamiec81.pl\\\/index.php\\\/zycie-pod-represjami\\\/#article\",\"isPartOf\":{\"@id\":\"https:\\\/\\\/pamiec81.pl\\\/index.php\\\/zycie-pod-represjami\\\/\"},\"author\":{\"name\":\"pamiec81\",\"@id\":\"https:\\\/\\\/pamiec81.pl\\\/#\\\/schema\\\/person\\\/47024abcf028b8fcf0ddfcf373c4c57e\"},\"headline\":\"\u017bycie pod represjami\",\"datePublished\":\"2024-10-14T14:31:51+00:00\",\"dateModified\":\"2024-10-14T14:34:22+00:00\",\"mainEntityOfPage\":{\"@id\":\"https:\\\/\\\/pamiec81.pl\\\/index.php\\\/zycie-pod-represjami\\\/\"},\"wordCount\":829,\"publisher\":{\"@id\":\"https:\\\/\\\/pamiec81.pl\\\/#organization\"},\"image\":{\"@id\":\"https:\\\/\\\/pamiec81.pl\\\/index.php\\\/zycie-pod-represjami\\\/#primaryimage\"},\"thumbnailUrl\":\"https:\\\/\\\/pamiec81.pl\\\/wp-content\\\/uploads\\\/2024\\\/10\\\/shutterstock_54223741.jpg\",\"articleSection\":[\"\u017bYCIE CODZIENNE\"],\"inLanguage\":\"pl-PL\"},{\"@type\":\"WebPage\",\"@id\":\"https:\\\/\\\/pamiec81.pl\\\/index.php\\\/zycie-pod-represjami\\\/\",\"url\":\"https:\\\/\\\/pamiec81.pl\\\/index.php\\\/zycie-pod-represjami\\\/\",\"name\":\"\u017bycie pod represjami - Grudzie\u0144 1981: Historia i Pami\u0119\u0107\",\"isPartOf\":{\"@id\":\"https:\\\/\\\/pamiec81.pl\\\/#website\"},\"primaryImageOfPage\":{\"@id\":\"https:\\\/\\\/pamiec81.pl\\\/index.php\\\/zycie-pod-represjami\\\/#primaryimage\"},\"image\":{\"@id\":\"https:\\\/\\\/pamiec81.pl\\\/index.php\\\/zycie-pod-represjami\\\/#primaryimage\"},\"thumbnailUrl\":\"https:\\\/\\\/pamiec81.pl\\\/wp-content\\\/uploads\\\/2024\\\/10\\\/shutterstock_54223741.jpg\",\"datePublished\":\"2024-10-14T14:31:51+00:00\",\"dateModified\":\"2024-10-14T14:34:22+00:00\",\"breadcrumb\":{\"@id\":\"https:\\\/\\\/pamiec81.pl\\\/index.php\\\/zycie-pod-represjami\\\/#breadcrumb\"},\"inLanguage\":\"pl-PL\",\"potentialAction\":[{\"@type\":\"ReadAction\",\"target\":[\"https:\\\/\\\/pamiec81.pl\\\/index.php\\\/zycie-pod-represjami\\\/\"]}]},{\"@type\":\"ImageObject\",\"inLanguage\":\"pl-PL\",\"@id\":\"https:\\\/\\\/pamiec81.pl\\\/index.php\\\/zycie-pod-represjami\\\/#primaryimage\",\"url\":\"https:\\\/\\\/pamiec81.pl\\\/wp-content\\\/uploads\\\/2024\\\/10\\\/shutterstock_54223741.jpg\",\"contentUrl\":\"https:\\\/\\\/pamiec81.pl\\\/wp-content\\\/uploads\\\/2024\\\/10\\\/shutterstock_54223741.jpg\",\"width\":1000,\"height\":667,\"caption\":\"Stan wojenny\"},{\"@type\":\"BreadcrumbList\",\"@id\":\"https:\\\/\\\/pamiec81.pl\\\/index.php\\\/zycie-pod-represjami\\\/#breadcrumb\",\"itemListElement\":[{\"@type\":\"ListItem\",\"position\":1,\"name\":\"Strona g\u0142\u00f3wna\",\"item\":\"https:\\\/\\\/pamiec81.pl\\\/\"},{\"@type\":\"ListItem\",\"position\":2,\"name\":\"\u017bycie pod represjami\"}]},{\"@type\":\"WebSite\",\"@id\":\"https:\\\/\\\/pamiec81.pl\\\/#website\",\"url\":\"https:\\\/\\\/pamiec81.pl\\\/\",\"name\":\"Grudzie\u0144 1981: Historia i Pami\u0119\u0107\",\"description\":\"Upami\u0119tnijmy stan wojenny grudnia 1981. Razem odkrywajmy histori\u0119, dzielmy si\u0119 wspomnieniami i refleksjami o walce o wolno\u015b\u0107 i prawd\u0119.\",\"publisher\":{\"@id\":\"https:\\\/\\\/pamiec81.pl\\\/#organization\"},\"potentialAction\":[{\"@type\":\"SearchAction\",\"target\":{\"@type\":\"EntryPoint\",\"urlTemplate\":\"https:\\\/\\\/pamiec81.pl\\\/?s={search_term_string}\"},\"query-input\":{\"@type\":\"PropertyValueSpecification\",\"valueRequired\":true,\"valueName\":\"search_term_string\"}}],\"inLanguage\":\"pl-PL\"},{\"@type\":\"Organization\",\"@id\":\"https:\\\/\\\/pamiec81.pl\\\/#organization\",\"name\":\"Grudzie\u0144 1981: Historia i Pami\u0119\u0107\",\"url\":\"https:\\\/\\\/pamiec81.pl\\\/\",\"logo\":{\"@type\":\"ImageObject\",\"inLanguage\":\"pl-PL\",\"@id\":\"https:\\\/\\\/pamiec81.pl\\\/#\\\/schema\\\/logo\\\/image\\\/\",\"url\":\"https:\\\/\\\/pamiec81.pl\\\/wp-content\\\/uploads\\\/2024\\\/10\\\/polskiemorsy.net__3_-removebg-preview.png\",\"contentUrl\":\"https:\\\/\\\/pamiec81.pl\\\/wp-content\\\/uploads\\\/2024\\\/10\\\/polskiemorsy.net__3_-removebg-preview.png\",\"width\":300,\"height\":100,\"caption\":\"Grudzie\u0144 1981: Historia i Pami\u0119\u0107\"},\"image\":{\"@id\":\"https:\\\/\\\/pamiec81.pl\\\/#\\\/schema\\\/logo\\\/image\\\/\"}},{\"@type\":\"Person\",\"@id\":\"https:\\\/\\\/pamiec81.pl\\\/#\\\/schema\\\/person\\\/47024abcf028b8fcf0ddfcf373c4c57e\",\"name\":\"pamiec81\",\"image\":{\"@type\":\"ImageObject\",\"inLanguage\":\"pl-PL\",\"@id\":\"https:\\\/\\\/secure.gravatar.com\\\/avatar\\\/8c6c8a6ddc98c0d8c18a4a687166a69e5fdbc0475752245205a512500cb18d08?s=96&d=mm&r=g\",\"url\":\"https:\\\/\\\/secure.gravatar.com\\\/avatar\\\/8c6c8a6ddc98c0d8c18a4a687166a69e5fdbc0475752245205a512500cb18d08?s=96&d=mm&r=g\",\"contentUrl\":\"https:\\\/\\\/secure.gravatar.com\\\/avatar\\\/8c6c8a6ddc98c0d8c18a4a687166a69e5fdbc0475752245205a512500cb18d08?s=96&d=mm&r=g\",\"caption\":\"pamiec81\"},\"sameAs\":[\"https:\\\/\\\/pamiec81.pl\"],\"url\":\"https:\\\/\\\/pamiec81.pl\\\/index.php\\\/author\\\/pamiec\\\/\"}]}<\/script>\n<!-- \/ Yoast SEO plugin. -->","yoast_head_json":{"title":"\u017bycie pod represjami - Grudzie\u0144 1981: Historia i Pami\u0119\u0107","robots":{"index":"index","follow":"follow","max-snippet":"max-snippet:-1","max-image-preview":"max-image-preview:large","max-video-preview":"max-video-preview:-1"},"canonical":"https:\/\/pamiec81.pl\/index.php\/zycie-pod-represjami\/","og_locale":"pl_PL","og_type":"article","og_title":"\u017bycie pod represjami - Grudzie\u0144 1981: Historia i Pami\u0119\u0107","og_description":"\u017bycie pod represjami w okresie stanu wojennego w Polsce by\u0142o wyj\u0105tkowo trudne. Codzienna egzystencja obywateli komplikowana by\u0142a przez liczne ograniczenia, takie jak godzina policyjna, cenzura czy restrykcje w poruszaniu si\u0119. W tym artykule przyjrzymy si\u0119 w detalach, jak te elementy wp\u0142ywa\u0142y na \u017cycie codzienne Polak\u00f3w. Kontekst historyczny stanu wojennego Przyczyny wprowadzenia stanu wojennego Stan wojenny...","og_url":"https:\/\/pamiec81.pl\/index.php\/zycie-pod-represjami\/","og_site_name":"Grudzie\u0144 1981: Historia i Pami\u0119\u0107","article_published_time":"2024-10-14T14:31:51+00:00","article_modified_time":"2024-10-14T14:34:22+00:00","og_image":[{"width":1000,"height":667,"url":"https:\/\/pamiec81.pl\/wp-content\/uploads\/2024\/10\/shutterstock_54223741.jpg","type":"image\/jpeg"}],"author":"pamiec81","twitter_card":"summary_large_image","twitter_misc":{"Napisane przez":"pamiec81","Szacowany czas czytania":"4 minuty"},"schema":{"@context":"https:\/\/schema.org","@graph":[{"@type":"Article","@id":"https:\/\/pamiec81.pl\/index.php\/zycie-pod-represjami\/#article","isPartOf":{"@id":"https:\/\/pamiec81.pl\/index.php\/zycie-pod-represjami\/"},"author":{"name":"pamiec81","@id":"https:\/\/pamiec81.pl\/#\/schema\/person\/47024abcf028b8fcf0ddfcf373c4c57e"},"headline":"\u017bycie pod represjami","datePublished":"2024-10-14T14:31:51+00:00","dateModified":"2024-10-14T14:34:22+00:00","mainEntityOfPage":{"@id":"https:\/\/pamiec81.pl\/index.php\/zycie-pod-represjami\/"},"wordCount":829,"publisher":{"@id":"https:\/\/pamiec81.pl\/#organization"},"image":{"@id":"https:\/\/pamiec81.pl\/index.php\/zycie-pod-represjami\/#primaryimage"},"thumbnailUrl":"https:\/\/pamiec81.pl\/wp-content\/uploads\/2024\/10\/shutterstock_54223741.jpg","articleSection":["\u017bYCIE CODZIENNE"],"inLanguage":"pl-PL"},{"@type":"WebPage","@id":"https:\/\/pamiec81.pl\/index.php\/zycie-pod-represjami\/","url":"https:\/\/pamiec81.pl\/index.php\/zycie-pod-represjami\/","name":"\u017bycie pod represjami - Grudzie\u0144 1981: Historia i Pami\u0119\u0107","isPartOf":{"@id":"https:\/\/pamiec81.pl\/#website"},"primaryImageOfPage":{"@id":"https:\/\/pamiec81.pl\/index.php\/zycie-pod-represjami\/#primaryimage"},"image":{"@id":"https:\/\/pamiec81.pl\/index.php\/zycie-pod-represjami\/#primaryimage"},"thumbnailUrl":"https:\/\/pamiec81.pl\/wp-content\/uploads\/2024\/10\/shutterstock_54223741.jpg","datePublished":"2024-10-14T14:31:51+00:00","dateModified":"2024-10-14T14:34:22+00:00","breadcrumb":{"@id":"https:\/\/pamiec81.pl\/index.php\/zycie-pod-represjami\/#breadcrumb"},"inLanguage":"pl-PL","potentialAction":[{"@type":"ReadAction","target":["https:\/\/pamiec81.pl\/index.php\/zycie-pod-represjami\/"]}]},{"@type":"ImageObject","inLanguage":"pl-PL","@id":"https:\/\/pamiec81.pl\/index.php\/zycie-pod-represjami\/#primaryimage","url":"https:\/\/pamiec81.pl\/wp-content\/uploads\/2024\/10\/shutterstock_54223741.jpg","contentUrl":"https:\/\/pamiec81.pl\/wp-content\/uploads\/2024\/10\/shutterstock_54223741.jpg","width":1000,"height":667,"caption":"Stan wojenny"},{"@type":"BreadcrumbList","@id":"https:\/\/pamiec81.pl\/index.php\/zycie-pod-represjami\/#breadcrumb","itemListElement":[{"@type":"ListItem","position":1,"name":"Strona g\u0142\u00f3wna","item":"https:\/\/pamiec81.pl\/"},{"@type":"ListItem","position":2,"name":"\u017bycie pod represjami"}]},{"@type":"WebSite","@id":"https:\/\/pamiec81.pl\/#website","url":"https:\/\/pamiec81.pl\/","name":"Grudzie\u0144 1981: Historia i Pami\u0119\u0107","description":"Upami\u0119tnijmy stan wojenny grudnia 1981. Razem odkrywajmy histori\u0119, dzielmy si\u0119 wspomnieniami i refleksjami o walce o wolno\u015b\u0107 i prawd\u0119.","publisher":{"@id":"https:\/\/pamiec81.pl\/#organization"},"potentialAction":[{"@type":"SearchAction","target":{"@type":"EntryPoint","urlTemplate":"https:\/\/pamiec81.pl\/?s={search_term_string}"},"query-input":{"@type":"PropertyValueSpecification","valueRequired":true,"valueName":"search_term_string"}}],"inLanguage":"pl-PL"},{"@type":"Organization","@id":"https:\/\/pamiec81.pl\/#organization","name":"Grudzie\u0144 1981: Historia i Pami\u0119\u0107","url":"https:\/\/pamiec81.pl\/","logo":{"@type":"ImageObject","inLanguage":"pl-PL","@id":"https:\/\/pamiec81.pl\/#\/schema\/logo\/image\/","url":"https:\/\/pamiec81.pl\/wp-content\/uploads\/2024\/10\/polskiemorsy.net__3_-removebg-preview.png","contentUrl":"https:\/\/pamiec81.pl\/wp-content\/uploads\/2024\/10\/polskiemorsy.net__3_-removebg-preview.png","width":300,"height":100,"caption":"Grudzie\u0144 1981: Historia i Pami\u0119\u0107"},"image":{"@id":"https:\/\/pamiec81.pl\/#\/schema\/logo\/image\/"}},{"@type":"Person","@id":"https:\/\/pamiec81.pl\/#\/schema\/person\/47024abcf028b8fcf0ddfcf373c4c57e","name":"pamiec81","image":{"@type":"ImageObject","inLanguage":"pl-PL","@id":"https:\/\/secure.gravatar.com\/avatar\/8c6c8a6ddc98c0d8c18a4a687166a69e5fdbc0475752245205a512500cb18d08?s=96&d=mm&r=g","url":"https:\/\/secure.gravatar.com\/avatar\/8c6c8a6ddc98c0d8c18a4a687166a69e5fdbc0475752245205a512500cb18d08?s=96&d=mm&r=g","contentUrl":"https:\/\/secure.gravatar.com\/avatar\/8c6c8a6ddc98c0d8c18a4a687166a69e5fdbc0475752245205a512500cb18d08?s=96&d=mm&r=g","caption":"pamiec81"},"sameAs":["https:\/\/pamiec81.pl"],"url":"https:\/\/pamiec81.pl\/index.php\/author\/pamiec\/"}]}},"_links":{"self":[{"href":"https:\/\/pamiec81.pl\/index.php\/wp-json\/wp\/v2\/posts\/1428","targetHints":{"allow":["GET"]}}],"collection":[{"href":"https:\/\/pamiec81.pl\/index.php\/wp-json\/wp\/v2\/posts"}],"about":[{"href":"https:\/\/pamiec81.pl\/index.php\/wp-json\/wp\/v2\/types\/post"}],"author":[{"embeddable":true,"href":"https:\/\/pamiec81.pl\/index.php\/wp-json\/wp\/v2\/users\/1"}],"replies":[{"embeddable":true,"href":"https:\/\/pamiec81.pl\/index.php\/wp-json\/wp\/v2\/comments?post=1428"}],"version-history":[{"count":1,"href":"https:\/\/pamiec81.pl\/index.php\/wp-json\/wp\/v2\/posts\/1428\/revisions"}],"predecessor-version":[{"id":1436,"href":"https:\/\/pamiec81.pl\/index.php\/wp-json\/wp\/v2\/posts\/1428\/revisions\/1436"}],"wp:featuredmedia":[{"embeddable":true,"href":"https:\/\/pamiec81.pl\/index.php\/wp-json\/wp\/v2\/media\/1364"}],"wp:attachment":[{"href":"https:\/\/pamiec81.pl\/index.php\/wp-json\/wp\/v2\/media?parent=1428"}],"wp:term":[{"taxonomy":"category","embeddable":true,"href":"https:\/\/pamiec81.pl\/index.php\/wp-json\/wp\/v2\/categories?post=1428"},{"taxonomy":"post_tag","embeddable":true,"href":"https:\/\/pamiec81.pl\/index.php\/wp-json\/wp\/v2\/tags?post=1428"}],"curies":[{"name":"wp","href":"https:\/\/api.w.org\/{rel}","templated":true}]}}