{"id":1426,"date":"2024-10-14T14:29:55","date_gmt":"2024-10-14T14:29:55","guid":{"rendered":"https:\/\/pamiec81.pl\/index.php\/represje-i-zycie-codzienne\/"},"modified":"2024-10-14T14:33:24","modified_gmt":"2024-10-14T14:33:24","slug":"represje-i-zycie-codzienne","status":"publish","type":"post","link":"https:\/\/pamiec81.pl\/index.php\/represje-i-zycie-codzienne\/","title":{"rendered":"Represje i \u017cycie codzienne"},"content":{"rendered":"<p><strong>Okres represji i \u017cycia codziennego w Polsce, zw\u0142aszcza w czasach stanu wojennego, to temat pe\u0142en dramatyzmu i trudnych wybor\u00f3w. Codzienno\u015b\u0107 ludzi w tamtych czasach by\u0142a naznaczona strachem, niepewno\u015bci\u0105 i licznymi ograniczeniami. W tym artykule przyjrzymy si\u0119, jak represje wp\u0142ywa\u0142y na \u017cycie codzienne mieszka\u0144c\u00f3w Polski oraz jakie by\u0142y ich codzienne troski i wyzwania.<\/strong><\/p>\n<h2 id=\"stan-wojenny-t\u0142o-historyczne\">Stan wojenny: T\u0142o historyczne<\/h2>\n<h3 id=\"przyczyny-wprowadzenia-stanu-wojennego\">Przyczyny wprowadzenia stanu wojennego<\/h3>\n<p>Stan wojenny w Polsce, wprowadzony 13 grudnia 1981 roku, by\u0142 odpowiedzi\u0105 w\u0142adz komunistycznych na rosn\u0105c\u0105 popularno\u015b\u0107 ruchu Solidarno\u015bci oraz narastaj\u0105ce napi\u0119cia spo\u0142eczne i polityczne. Partie rz\u0105dz\u0105ce obawia\u0142y si\u0119 utraty kontroli nad krajem, a tak\u017ce ewentualnej interwencji ze strony Zwi\u0105zku Radzieckiego. Oficjalnym powodem wprowadzenia stanu wojennego by\u0142a konieczno\u015b\u0107 zapobie\u017cenia anarchii i destabilizacji pa\u0144stwa.<\/p>\n<h3 id=\"g\u0142\u00f3wne-dzia\u0142ania-wprowadzone-przez-w\u0142adze\">G\u0142\u00f3wne dzia\u0142ania wprowadzone przez w\u0142adze<\/h3>\n<p>Wprowadzenie stanu wojennego wi\u0105za\u0142o si\u0119 z natychmiastowym wprowadzeniem szeregu drastycznych \u015brodk\u00f3w: <\/p>\n<ul>\n<li>aresztowania dzia\u0142aczy opozycji,<\/li>\n<li>zakaz zgromadze\u0144 i strajk\u00f3w,<\/li>\n<li>wprowadzenie godziny policyjnej,<\/li>\n<li>cenzura medi\u00f3w.<\/li>\n<\/ul>\n<p>Te drako\u0144skie \u015brodki mia\u0142y na celu st\u0142umienie jakiejkolwiek formy oporu wobec w\u0142adzy.<\/p>\n<h2 id=\"\u017cycie-codzienne-w-czasie-stanu-wojennego\">\u017bycie codzienne w czasie stanu wojennego<\/h2>\n<h3 id=\"ograniczenia-i-trudno\u015bci-dnia-codziennego\">Ograniczenia i trudno\u015bci dnia codziennego<\/h3>\n<p>Codzienne \u017cycie podczas stanu wojennego by\u0142o pe\u0142ne trudno\u015bci i ogranicze\u0144. Godzina policyjna znacz\u0105co ogranicza\u0142a mo\u017cliwo\u015b\u0107 poruszania si\u0119 po miastach. Przemieszczanie si\u0119 mi\u0119dzy miastami wymaga\u0142o specjalnych przepustek, kt\u00f3re by\u0142y trudne do zdobycia. Sklepy by\u0142y nieustannie puste, a podstawowe produkty takich jak mi\u0119so, cukier czy papier toaletowy by\u0142y reglamentowane.<\/p>\n<h3 id=\"atmosfera-strachu-i-niepewno\u015bci\">Atmosfera strachu i niepewno\u015bci<\/h3>\n<p>Atmosfera strachu by\u0142a wszechobecna. Ludzie obawiali si\u0119 aresztowa\u0144, doniesie\u0144 i represji ze strony w\u0142adzy. Wielu Polak\u00f3w \u017cy\u0142o w permanentnym stresie, nie wiedz\u0105c, co przyniesie nast\u0119pny dzie\u0144. Spotkania i rozmowy by\u0142y prowadzone w warunkach konspiracji, a zaufanie do innych os\u00f3b by\u0142o ograniczone.<\/p>\n<h2 id=\"represje-polityczne\">Represje polityczne<\/h2>\n<h3 id=\"aresztowania-i-internowania-dzia\u0142aczy-opozycji\">Aresztowania i internowania dzia\u0142aczy opozycji<\/h3>\n<p>Jednym z najwa\u017cniejszych narz\u0119dzi represji by\u0142y masowe aresztowania i internowania. Wiele tysi\u0119cy dzia\u0142aczy Solidarno\u015bci, intelektualist\u00f3w oraz os\u00f3b uznawanych za wrog\u00f3w socjalizmu zosta\u0142o aresztowanych bez procesu. Internowani przebywali w trudnych warunkach, cz\u0119sto byli poddawani brutalnym przes\u0142uchaniom.<\/p>\n<h3 id=\"wp\u0142yw-na-\u017cycie-rodzin-internowanych\">Wp\u0142yw na \u017cycie rodzin internowanych<\/h3>\n<p>Represje dotyka\u0142y nie tylko samych aktywnych dzia\u0142aczy, ale tak\u017ce ich rodziny. Bliscy internowanych zmagali si\u0119 z brakiem \u015brodk\u00f3w do \u017cycia, n\u0119kaniem przez s\u0142u\u017cby, a tak\u017ce spo\u0142ecznym ostracyzmem. Wielu z nich straci\u0142o prac\u0119, co dodatkowo pog\u0142\u0119bi\u0142o trudno\u015bci finansowe.<\/p>\n<h2 id=\"propaganda-i-kontrola-informacji\">Propaganda i kontrola informacji<\/h2>\n<h3 id=\"rola-medi\u00f3w-w-kreowaniu-obrazu-wroga\">Rola medi\u00f3w w kreowaniu obrazu wroga<\/h3>\n<p>W\u0142adze komunistyczne skutecznie wykorzystywa\u0142y media do szerzenia propagandy. Media by\u0142y narz\u0119dziem, kt\u00f3re mia\u0142o kreowa\u0107 obraz Solidarno\u015bci jako wroga pa\u0144stwa i spo\u0142ecznego porz\u0105dku. Propaganda mia\u0142a na celu zniszczenie reputacji opozycji i zdobycie poparcia dla dzia\u0142a\u0144 rz\u0105du.<\/p>\n<h3 id=\"cenzura-i-jej-wp\u0142yw-na-codzienne-\u017cycie\">Cenzura i jej wp\u0142yw na codzienne \u017cycie<\/h3>\n<p>Cenzura by\u0142a wszechobecna. Kontrolowano wszelkie formy komunikacji, w tym listy, rozmowy telefoniczne, ksi\u0105\u017cki i gazety. To sprawi\u0142o, \u017ce dost\u0119p do rzetelnych informacji by\u0142 niezwykle ograniczony. Ludzie musieli polega\u0107 na nielegalnych \u017ar\u00f3d\u0142ach informacji, takich jak ulotki, podziemne gazety i zagraniczne stacje radiowe.<\/p>\n<h2 id=\"ekonomiczne-aspekty-codziennego-\u017cycia\">Ekonomiczne aspekty codziennego \u017cycia<\/h2>\n<h3 id=\"niedobory-i-ograniczenia-w-zaopatrzeniu\">Niedobory i ograniczenia w zaopatrzeniu<\/h3>\n<p>\u017bycie w okresie stanu wojennego i wcze\u015bniejszych latach PRL-u charakteryzowa\u0142o si\u0119 chronicznymi niedoborami towar\u00f3w. Sklepy by\u0142y puste, a produkty podstawowe, takie jak mi\u0119so, mleko, cukier, by\u0142y na kartki. Kolejki przed sklepami by\u0142y codzienno\u015bci\u0105, a mo\u017cliwo\u015b\u0107 zakupu czegokolwiek zale\u017ca\u0142a cz\u0119sto od znajomo\u015bci i uk\u0142ad\u00f3w.<\/p>\n<h3 id=\"rolnicze-i-prywatne-formy-zaopatrzenia\">Rolnicze i prywatne formy zaopatrzenia<\/h3>\n<p>W obliczu pa\u0144stwowych niedostatk\u00f3w wielu ludzi stara\u0142o si\u0119 radzi\u0107 sobie samodzielnie. Wielu mieszka\u0144c\u00f3w miast mia\u0142o krewnych na wsi, gdzie mogli zdoby\u0107 podstawowe produkty \u017cywno\u015bciowe. Prywatne uprawy i hodowle sta\u0142y si\u0119 \u017ar\u00f3d\u0142em zaopatrzenia. <\/p>\n<h2 id=\"spo\u0142eczne-reakcje-na-represje\">Spo\u0142eczne reakcje na represje<\/h2>\n<h3 id=\"formy-oporu-i-solidarno\u015bci-w\u015br\u00f3d-spo\u0142ecze\u0144stwa\">Formy oporu i solidarno\u015bci w\u015br\u00f3d spo\u0142ecze\u0144stwa<\/h3>\n<p>Pomimo represji spo\u0142ecze\u0144stwo nie pozosta\u0142o bierne. Powstawa\u0142y struktury oporu, w tym podziemne organizacje i samizdaty. Solidarno\u015b\u0107 by\u0142a kluczowym elementem przetrwania, a wzajemna pomoc i wsparcie by\u0142y na porz\u0105dku dziennym. Ludzie organizowali tajne spotkania, aby dzieli\u0107 si\u0119 informacjami i planowa\u0107 dzia\u0142ania przeciwko w\u0142adzy.<\/p>\n<h3 id=\"wp\u0142yw-represji-na-wi\u0119zi-spo\u0142eczne\">Wp\u0142yw represji na wi\u0119zi spo\u0142eczne<\/h3>\n<p>Represje mia\u0142y tak\u017ce negatywny wp\u0142yw na wi\u0119zi spo\u0142eczne. Strach przed donosicielstwem i inwigilacj\u0105 sprawia\u0142, \u017ce ludzie mniej sobie ufali. Rodziny by\u0142y poddawane presji, co prowadzi\u0142o do roz\u0142am\u00f3w i konflikty. Polityczna sytuacja cz\u0119sto by\u0142a tematem tabu, kt\u00f3rego unika\u0142o si\u0119 podczas rodzinnych spotka\u0144.<\/p>\n<h2 id=\"wp\u0142yw-na-kultur\u0119-i-edukacj\u0119\">Wp\u0142yw na kultur\u0119 i edukacj\u0119<\/h2>\n<h3 id=\"cenzura-i-ograniczenia-w-sztuce\">Cenzura i ograniczenia w sztuce<\/h3>\n<p>Kultura i sztuka tak\u017ce cierpia\u0142y z powodu represji. Cenzura dotkn\u0119\u0142a literatury, teatru, filmu i muzyki. Arty\u015bci byli zmuszani do autocenzury, a wiele dzie\u0142 nie mia\u0142o szansy na legaln\u0105 publikacj\u0119. Jednak podziemne wydawnictwa i niezale\u017cne teatry stara\u0142y si\u0119 tworzy\u0107 i rozpowszechnia\u0107 wolnym od cenzury wyraz artystyczny.<\/p>\n<h3 id=\"edukacja-w-cieniu-polityki\">Edukacja w cieniu polityki<\/h3>\n<p>Edukacja by\u0142a jednym z kluczowych narz\u0119dzi propagandy komunistycznej. Programy nauczania by\u0142y dostosowane do ideologii rz\u0105dz\u0105cej, a nauczyciele cz\u0119sto musieli balansowa\u0107 pomi\u0119dzy przekazywaniem wiedzy a wymaganiami w\u0142adzy. Studenci anga\u017cowali si\u0119 w dzia\u0142ania opozycyjne, co nara\u017ca\u0142o ich na represje i trudno\u015bci w uko\u0144czeniu edukacji.<\/p>\n<h2 id=\"dziedzictwo-i-konsekwencje-represji\">Dziedzictwo i konsekwencje represji<\/h2>\n<h3 id=\"d\u0142ugoterminowe-skutki-dla-spo\u0142ecze\u0144stwa\">D\u0142ugoterminowe skutki dla spo\u0142ecze\u0144stwa<\/h3>\n<p>D\u0142ugoterminowe skutki represji odczuwalne s\u0105 do dzi\u015b. Trauma tamtych czas\u00f3w pozostawi\u0142a \u015blad w pami\u0119ci spo\u0142ecznej i rodzinach. Wielu ludzi, kt\u00f3rzy byli prze\u015bladowani, do dzi\u015b zmaga si\u0119 ze skutkami tamtych wydarze\u0144. Problemy takie jak brak zaufania do instytucji, niech\u0119\u0107 do anga\u017cowania si\u0119 w polityk\u0119 oraz sceptycyzm wobec w\u0142adzy s\u0105 dziedzictwem lat opresji.<\/p>\n<h3 id=\"refleksje-i-pami\u0119\u0107-o-trudnych-czasach\">Refleksje i pami\u0119\u0107 o trudnych czasach<\/h3>\n<p>Pami\u0119\u0107 o stanie wojennym i represjach jest wci\u0105\u017c \u017cywa. Wsp\u00f3lne obchodzenie rocznic, tworzenie muze\u00f3w i pomnik\u00f3w oraz edukacja m\u0142odego pokolenia to sposoby na zachowanie pami\u0119ci o tych trudnych czasach. Historia ta jest wa\u017cnym elementem to\u017csamo\u015bci narodowej i przypomnieniem o warto\u015bciach, kt\u00f3re by\u0142y podstaw\u0105 walki o wolno\u015b\u0107.<\/p>\n<p>Represje i \u017cycie codzienne w czasach stanu wojennego to temat pe\u0142en z\u0142o\u017cono\u015bci i wielu wymiar\u00f3w. Zrozumienie tych trudnych czas\u00f3w pomaga lepiej poj\u0105\u0107 wyzwania, z kt\u00f3rymi musieli zmaga\u0107 si\u0119 nasi wsp\u00f3\u0142rodacy, a tak\u017ce doceni\u0107 warto\u015b\u0107 wolno\u015bci i praw jednostki, kt\u00f3re dzi\u015b wydaj\u0105 si\u0119 nam oczywiste.<\/p>\n","protected":false},"excerpt":{"rendered":"<p>Okres represji i \u017cycia codziennego w Polsce, zw\u0142aszcza w czasach stanu wojennego, to temat pe\u0142en dramatyzmu i trudnych wybor\u00f3w. Codzienno\u015b\u0107 ludzi w tamtych czasach by\u0142a naznaczona strachem, niepewno\u015bci\u0105 i licznymi ograniczeniami. W tym artykule przyjrzymy si\u0119, jak represje wp\u0142ywa\u0142y na \u017cycie codzienne mieszka\u0144c\u00f3w Polski oraz jakie by\u0142y ich codzienne troski i wyzwania. Stan wojenny: T\u0142o&#8230;<\/p>\n","protected":false},"author":1,"featured_media":1365,"comment_status":"closed","ping_status":"","sticky":false,"template":"","format":"standard","meta":{"_kadence_starter_templates_imported_post":false,"_kad_post_transparent":"","_kad_post_title":"","_kad_post_layout":"","_kad_post_sidebar_id":"","_kad_post_content_style":"","_kad_post_vertical_padding":"","_kad_post_feature":"","_kad_post_feature_position":"","_kad_post_header":false,"_kad_post_footer":false,"_kad_post_classname":"","footnotes":""},"categories":[15],"tags":[],"class_list":["post-1426","post","type-post","status-publish","format-standard","has-post-thumbnail","hentry","category-zycie-codzienne"],"yoast_head":"<!-- This site is optimized with the Yoast SEO plugin v27.5 - https:\/\/yoast.com\/product\/yoast-seo-wordpress\/ -->\n<title>Represje i \u017cycie codzienne - Grudzie\u0144 1981: Historia i Pami\u0119\u0107<\/title>\n<meta name=\"robots\" content=\"index, follow, max-snippet:-1, max-image-preview:large, max-video-preview:-1\" \/>\n<link rel=\"canonical\" href=\"https:\/\/pamiec81.pl\/index.php\/represje-i-zycie-codzienne\/\" \/>\n<meta property=\"og:locale\" content=\"pl_PL\" \/>\n<meta property=\"og:type\" content=\"article\" \/>\n<meta property=\"og:title\" content=\"Represje i \u017cycie codzienne - Grudzie\u0144 1981: Historia i Pami\u0119\u0107\" \/>\n<meta property=\"og:description\" content=\"Okres represji i \u017cycia codziennego w Polsce, zw\u0142aszcza w czasach stanu wojennego, to temat pe\u0142en dramatyzmu i trudnych wybor\u00f3w. Codzienno\u015b\u0107 ludzi w tamtych czasach by\u0142a naznaczona strachem, niepewno\u015bci\u0105 i licznymi ograniczeniami. W tym artykule przyjrzymy si\u0119, jak represje wp\u0142ywa\u0142y na \u017cycie codzienne mieszka\u0144c\u00f3w Polski oraz jakie by\u0142y ich codzienne troski i wyzwania. Stan wojenny: T\u0142o...\" \/>\n<meta property=\"og:url\" content=\"https:\/\/pamiec81.pl\/index.php\/represje-i-zycie-codzienne\/\" \/>\n<meta property=\"og:site_name\" content=\"Grudzie\u0144 1981: Historia i Pami\u0119\u0107\" \/>\n<meta property=\"article:published_time\" content=\"2024-10-14T14:29:55+00:00\" \/>\n<meta property=\"article:modified_time\" content=\"2024-10-14T14:33:24+00:00\" \/>\n<meta property=\"og:image\" content=\"https:\/\/pamiec81.pl\/wp-content\/uploads\/2024\/10\/shutterstock_1411271714.jpg\" \/>\n\t<meta property=\"og:image:width\" content=\"1000\" \/>\n\t<meta property=\"og:image:height\" content=\"746\" \/>\n\t<meta property=\"og:image:type\" content=\"image\/jpeg\" \/>\n<meta name=\"author\" content=\"pamiec81\" \/>\n<meta name=\"twitter:card\" content=\"summary_large_image\" \/>\n<meta name=\"twitter:label1\" content=\"Napisane przez\" \/>\n\t<meta name=\"twitter:data1\" content=\"pamiec81\" \/>\n\t<meta name=\"twitter:label2\" content=\"Szacowany czas czytania\" \/>\n\t<meta name=\"twitter:data2\" content=\"5 minut\" \/>\n<script type=\"application\/ld+json\" class=\"yoast-schema-graph\">{\"@context\":\"https:\\\/\\\/schema.org\",\"@graph\":[{\"@type\":\"Article\",\"@id\":\"https:\\\/\\\/pamiec81.pl\\\/index.php\\\/represje-i-zycie-codzienne\\\/#article\",\"isPartOf\":{\"@id\":\"https:\\\/\\\/pamiec81.pl\\\/index.php\\\/represje-i-zycie-codzienne\\\/\"},\"author\":{\"name\":\"pamiec81\",\"@id\":\"https:\\\/\\\/pamiec81.pl\\\/#\\\/schema\\\/person\\\/47024abcf028b8fcf0ddfcf373c4c57e\"},\"headline\":\"Represje i \u017cycie codzienne\",\"datePublished\":\"2024-10-14T14:29:55+00:00\",\"dateModified\":\"2024-10-14T14:33:24+00:00\",\"mainEntityOfPage\":{\"@id\":\"https:\\\/\\\/pamiec81.pl\\\/index.php\\\/represje-i-zycie-codzienne\\\/\"},\"wordCount\":1099,\"publisher\":{\"@id\":\"https:\\\/\\\/pamiec81.pl\\\/#organization\"},\"image\":{\"@id\":\"https:\\\/\\\/pamiec81.pl\\\/index.php\\\/represje-i-zycie-codzienne\\\/#primaryimage\"},\"thumbnailUrl\":\"https:\\\/\\\/pamiec81.pl\\\/wp-content\\\/uploads\\\/2024\\\/10\\\/shutterstock_1411271714.jpg\",\"articleSection\":[\"\u017bYCIE CODZIENNE\"],\"inLanguage\":\"pl-PL\"},{\"@type\":\"WebPage\",\"@id\":\"https:\\\/\\\/pamiec81.pl\\\/index.php\\\/represje-i-zycie-codzienne\\\/\",\"url\":\"https:\\\/\\\/pamiec81.pl\\\/index.php\\\/represje-i-zycie-codzienne\\\/\",\"name\":\"Represje i \u017cycie codzienne - Grudzie\u0144 1981: Historia i Pami\u0119\u0107\",\"isPartOf\":{\"@id\":\"https:\\\/\\\/pamiec81.pl\\\/#website\"},\"primaryImageOfPage\":{\"@id\":\"https:\\\/\\\/pamiec81.pl\\\/index.php\\\/represje-i-zycie-codzienne\\\/#primaryimage\"},\"image\":{\"@id\":\"https:\\\/\\\/pamiec81.pl\\\/index.php\\\/represje-i-zycie-codzienne\\\/#primaryimage\"},\"thumbnailUrl\":\"https:\\\/\\\/pamiec81.pl\\\/wp-content\\\/uploads\\\/2024\\\/10\\\/shutterstock_1411271714.jpg\",\"datePublished\":\"2024-10-14T14:29:55+00:00\",\"dateModified\":\"2024-10-14T14:33:24+00:00\",\"breadcrumb\":{\"@id\":\"https:\\\/\\\/pamiec81.pl\\\/index.php\\\/represje-i-zycie-codzienne\\\/#breadcrumb\"},\"inLanguage\":\"pl-PL\",\"potentialAction\":[{\"@type\":\"ReadAction\",\"target\":[\"https:\\\/\\\/pamiec81.pl\\\/index.php\\\/represje-i-zycie-codzienne\\\/\"]}]},{\"@type\":\"ImageObject\",\"inLanguage\":\"pl-PL\",\"@id\":\"https:\\\/\\\/pamiec81.pl\\\/index.php\\\/represje-i-zycie-codzienne\\\/#primaryimage\",\"url\":\"https:\\\/\\\/pamiec81.pl\\\/wp-content\\\/uploads\\\/2024\\\/10\\\/shutterstock_1411271714.jpg\",\"contentUrl\":\"https:\\\/\\\/pamiec81.pl\\\/wp-content\\\/uploads\\\/2024\\\/10\\\/shutterstock_1411271714.jpg\",\"width\":1000,\"height\":746,\"caption\":\"Stan wojenny bohaterowie\"},{\"@type\":\"BreadcrumbList\",\"@id\":\"https:\\\/\\\/pamiec81.pl\\\/index.php\\\/represje-i-zycie-codzienne\\\/#breadcrumb\",\"itemListElement\":[{\"@type\":\"ListItem\",\"position\":1,\"name\":\"Strona g\u0142\u00f3wna\",\"item\":\"https:\\\/\\\/pamiec81.pl\\\/\"},{\"@type\":\"ListItem\",\"position\":2,\"name\":\"Represje i \u017cycie codzienne\"}]},{\"@type\":\"WebSite\",\"@id\":\"https:\\\/\\\/pamiec81.pl\\\/#website\",\"url\":\"https:\\\/\\\/pamiec81.pl\\\/\",\"name\":\"Grudzie\u0144 1981: Historia i Pami\u0119\u0107\",\"description\":\"Upami\u0119tnijmy stan wojenny grudnia 1981. Razem odkrywajmy histori\u0119, dzielmy si\u0119 wspomnieniami i refleksjami o walce o wolno\u015b\u0107 i prawd\u0119.\",\"publisher\":{\"@id\":\"https:\\\/\\\/pamiec81.pl\\\/#organization\"},\"potentialAction\":[{\"@type\":\"SearchAction\",\"target\":{\"@type\":\"EntryPoint\",\"urlTemplate\":\"https:\\\/\\\/pamiec81.pl\\\/?s={search_term_string}\"},\"query-input\":{\"@type\":\"PropertyValueSpecification\",\"valueRequired\":true,\"valueName\":\"search_term_string\"}}],\"inLanguage\":\"pl-PL\"},{\"@type\":\"Organization\",\"@id\":\"https:\\\/\\\/pamiec81.pl\\\/#organization\",\"name\":\"Grudzie\u0144 1981: Historia i Pami\u0119\u0107\",\"url\":\"https:\\\/\\\/pamiec81.pl\\\/\",\"logo\":{\"@type\":\"ImageObject\",\"inLanguage\":\"pl-PL\",\"@id\":\"https:\\\/\\\/pamiec81.pl\\\/#\\\/schema\\\/logo\\\/image\\\/\",\"url\":\"https:\\\/\\\/pamiec81.pl\\\/wp-content\\\/uploads\\\/2024\\\/10\\\/polskiemorsy.net__3_-removebg-preview.png\",\"contentUrl\":\"https:\\\/\\\/pamiec81.pl\\\/wp-content\\\/uploads\\\/2024\\\/10\\\/polskiemorsy.net__3_-removebg-preview.png\",\"width\":300,\"height\":100,\"caption\":\"Grudzie\u0144 1981: Historia i Pami\u0119\u0107\"},\"image\":{\"@id\":\"https:\\\/\\\/pamiec81.pl\\\/#\\\/schema\\\/logo\\\/image\\\/\"}},{\"@type\":\"Person\",\"@id\":\"https:\\\/\\\/pamiec81.pl\\\/#\\\/schema\\\/person\\\/47024abcf028b8fcf0ddfcf373c4c57e\",\"name\":\"pamiec81\",\"image\":{\"@type\":\"ImageObject\",\"inLanguage\":\"pl-PL\",\"@id\":\"https:\\\/\\\/secure.gravatar.com\\\/avatar\\\/8c6c8a6ddc98c0d8c18a4a687166a69e5fdbc0475752245205a512500cb18d08?s=96&d=mm&r=g\",\"url\":\"https:\\\/\\\/secure.gravatar.com\\\/avatar\\\/8c6c8a6ddc98c0d8c18a4a687166a69e5fdbc0475752245205a512500cb18d08?s=96&d=mm&r=g\",\"contentUrl\":\"https:\\\/\\\/secure.gravatar.com\\\/avatar\\\/8c6c8a6ddc98c0d8c18a4a687166a69e5fdbc0475752245205a512500cb18d08?s=96&d=mm&r=g\",\"caption\":\"pamiec81\"},\"sameAs\":[\"https:\\\/\\\/pamiec81.pl\"],\"url\":\"https:\\\/\\\/pamiec81.pl\\\/index.php\\\/author\\\/pamiec\\\/\"}]}<\/script>\n<!-- \/ Yoast SEO plugin. -->","yoast_head_json":{"title":"Represje i \u017cycie codzienne - Grudzie\u0144 1981: Historia i Pami\u0119\u0107","robots":{"index":"index","follow":"follow","max-snippet":"max-snippet:-1","max-image-preview":"max-image-preview:large","max-video-preview":"max-video-preview:-1"},"canonical":"https:\/\/pamiec81.pl\/index.php\/represje-i-zycie-codzienne\/","og_locale":"pl_PL","og_type":"article","og_title":"Represje i \u017cycie codzienne - Grudzie\u0144 1981: Historia i Pami\u0119\u0107","og_description":"Okres represji i \u017cycia codziennego w Polsce, zw\u0142aszcza w czasach stanu wojennego, to temat pe\u0142en dramatyzmu i trudnych wybor\u00f3w. Codzienno\u015b\u0107 ludzi w tamtych czasach by\u0142a naznaczona strachem, niepewno\u015bci\u0105 i licznymi ograniczeniami. W tym artykule przyjrzymy si\u0119, jak represje wp\u0142ywa\u0142y na \u017cycie codzienne mieszka\u0144c\u00f3w Polski oraz jakie by\u0142y ich codzienne troski i wyzwania. Stan wojenny: T\u0142o...","og_url":"https:\/\/pamiec81.pl\/index.php\/represje-i-zycie-codzienne\/","og_site_name":"Grudzie\u0144 1981: Historia i Pami\u0119\u0107","article_published_time":"2024-10-14T14:29:55+00:00","article_modified_time":"2024-10-14T14:33:24+00:00","og_image":[{"width":1000,"height":746,"url":"https:\/\/pamiec81.pl\/wp-content\/uploads\/2024\/10\/shutterstock_1411271714.jpg","type":"image\/jpeg"}],"author":"pamiec81","twitter_card":"summary_large_image","twitter_misc":{"Napisane przez":"pamiec81","Szacowany czas czytania":"5 minut"},"schema":{"@context":"https:\/\/schema.org","@graph":[{"@type":"Article","@id":"https:\/\/pamiec81.pl\/index.php\/represje-i-zycie-codzienne\/#article","isPartOf":{"@id":"https:\/\/pamiec81.pl\/index.php\/represje-i-zycie-codzienne\/"},"author":{"name":"pamiec81","@id":"https:\/\/pamiec81.pl\/#\/schema\/person\/47024abcf028b8fcf0ddfcf373c4c57e"},"headline":"Represje i \u017cycie codzienne","datePublished":"2024-10-14T14:29:55+00:00","dateModified":"2024-10-14T14:33:24+00:00","mainEntityOfPage":{"@id":"https:\/\/pamiec81.pl\/index.php\/represje-i-zycie-codzienne\/"},"wordCount":1099,"publisher":{"@id":"https:\/\/pamiec81.pl\/#organization"},"image":{"@id":"https:\/\/pamiec81.pl\/index.php\/represje-i-zycie-codzienne\/#primaryimage"},"thumbnailUrl":"https:\/\/pamiec81.pl\/wp-content\/uploads\/2024\/10\/shutterstock_1411271714.jpg","articleSection":["\u017bYCIE CODZIENNE"],"inLanguage":"pl-PL"},{"@type":"WebPage","@id":"https:\/\/pamiec81.pl\/index.php\/represje-i-zycie-codzienne\/","url":"https:\/\/pamiec81.pl\/index.php\/represje-i-zycie-codzienne\/","name":"Represje i \u017cycie codzienne - Grudzie\u0144 1981: Historia i Pami\u0119\u0107","isPartOf":{"@id":"https:\/\/pamiec81.pl\/#website"},"primaryImageOfPage":{"@id":"https:\/\/pamiec81.pl\/index.php\/represje-i-zycie-codzienne\/#primaryimage"},"image":{"@id":"https:\/\/pamiec81.pl\/index.php\/represje-i-zycie-codzienne\/#primaryimage"},"thumbnailUrl":"https:\/\/pamiec81.pl\/wp-content\/uploads\/2024\/10\/shutterstock_1411271714.jpg","datePublished":"2024-10-14T14:29:55+00:00","dateModified":"2024-10-14T14:33:24+00:00","breadcrumb":{"@id":"https:\/\/pamiec81.pl\/index.php\/represje-i-zycie-codzienne\/#breadcrumb"},"inLanguage":"pl-PL","potentialAction":[{"@type":"ReadAction","target":["https:\/\/pamiec81.pl\/index.php\/represje-i-zycie-codzienne\/"]}]},{"@type":"ImageObject","inLanguage":"pl-PL","@id":"https:\/\/pamiec81.pl\/index.php\/represje-i-zycie-codzienne\/#primaryimage","url":"https:\/\/pamiec81.pl\/wp-content\/uploads\/2024\/10\/shutterstock_1411271714.jpg","contentUrl":"https:\/\/pamiec81.pl\/wp-content\/uploads\/2024\/10\/shutterstock_1411271714.jpg","width":1000,"height":746,"caption":"Stan wojenny bohaterowie"},{"@type":"BreadcrumbList","@id":"https:\/\/pamiec81.pl\/index.php\/represje-i-zycie-codzienne\/#breadcrumb","itemListElement":[{"@type":"ListItem","position":1,"name":"Strona g\u0142\u00f3wna","item":"https:\/\/pamiec81.pl\/"},{"@type":"ListItem","position":2,"name":"Represje i \u017cycie codzienne"}]},{"@type":"WebSite","@id":"https:\/\/pamiec81.pl\/#website","url":"https:\/\/pamiec81.pl\/","name":"Grudzie\u0144 1981: Historia i Pami\u0119\u0107","description":"Upami\u0119tnijmy stan wojenny grudnia 1981. Razem odkrywajmy histori\u0119, dzielmy si\u0119 wspomnieniami i refleksjami o walce o wolno\u015b\u0107 i prawd\u0119.","publisher":{"@id":"https:\/\/pamiec81.pl\/#organization"},"potentialAction":[{"@type":"SearchAction","target":{"@type":"EntryPoint","urlTemplate":"https:\/\/pamiec81.pl\/?s={search_term_string}"},"query-input":{"@type":"PropertyValueSpecification","valueRequired":true,"valueName":"search_term_string"}}],"inLanguage":"pl-PL"},{"@type":"Organization","@id":"https:\/\/pamiec81.pl\/#organization","name":"Grudzie\u0144 1981: Historia i Pami\u0119\u0107","url":"https:\/\/pamiec81.pl\/","logo":{"@type":"ImageObject","inLanguage":"pl-PL","@id":"https:\/\/pamiec81.pl\/#\/schema\/logo\/image\/","url":"https:\/\/pamiec81.pl\/wp-content\/uploads\/2024\/10\/polskiemorsy.net__3_-removebg-preview.png","contentUrl":"https:\/\/pamiec81.pl\/wp-content\/uploads\/2024\/10\/polskiemorsy.net__3_-removebg-preview.png","width":300,"height":100,"caption":"Grudzie\u0144 1981: Historia i Pami\u0119\u0107"},"image":{"@id":"https:\/\/pamiec81.pl\/#\/schema\/logo\/image\/"}},{"@type":"Person","@id":"https:\/\/pamiec81.pl\/#\/schema\/person\/47024abcf028b8fcf0ddfcf373c4c57e","name":"pamiec81","image":{"@type":"ImageObject","inLanguage":"pl-PL","@id":"https:\/\/secure.gravatar.com\/avatar\/8c6c8a6ddc98c0d8c18a4a687166a69e5fdbc0475752245205a512500cb18d08?s=96&d=mm&r=g","url":"https:\/\/secure.gravatar.com\/avatar\/8c6c8a6ddc98c0d8c18a4a687166a69e5fdbc0475752245205a512500cb18d08?s=96&d=mm&r=g","contentUrl":"https:\/\/secure.gravatar.com\/avatar\/8c6c8a6ddc98c0d8c18a4a687166a69e5fdbc0475752245205a512500cb18d08?s=96&d=mm&r=g","caption":"pamiec81"},"sameAs":["https:\/\/pamiec81.pl"],"url":"https:\/\/pamiec81.pl\/index.php\/author\/pamiec\/"}]}},"_links":{"self":[{"href":"https:\/\/pamiec81.pl\/index.php\/wp-json\/wp\/v2\/posts\/1426","targetHints":{"allow":["GET"]}}],"collection":[{"href":"https:\/\/pamiec81.pl\/index.php\/wp-json\/wp\/v2\/posts"}],"about":[{"href":"https:\/\/pamiec81.pl\/index.php\/wp-json\/wp\/v2\/types\/post"}],"author":[{"embeddable":true,"href":"https:\/\/pamiec81.pl\/index.php\/wp-json\/wp\/v2\/users\/1"}],"replies":[{"embeddable":true,"href":"https:\/\/pamiec81.pl\/index.php\/wp-json\/wp\/v2\/comments?post=1426"}],"version-history":[{"count":1,"href":"https:\/\/pamiec81.pl\/index.php\/wp-json\/wp\/v2\/posts\/1426\/revisions"}],"predecessor-version":[{"id":1433,"href":"https:\/\/pamiec81.pl\/index.php\/wp-json\/wp\/v2\/posts\/1426\/revisions\/1433"}],"wp:featuredmedia":[{"embeddable":true,"href":"https:\/\/pamiec81.pl\/index.php\/wp-json\/wp\/v2\/media\/1365"}],"wp:attachment":[{"href":"https:\/\/pamiec81.pl\/index.php\/wp-json\/wp\/v2\/media?parent=1426"}],"wp:term":[{"taxonomy":"category","embeddable":true,"href":"https:\/\/pamiec81.pl\/index.php\/wp-json\/wp\/v2\/categories?post=1426"},{"taxonomy":"post_tag","embeddable":true,"href":"https:\/\/pamiec81.pl\/index.php\/wp-json\/wp\/v2\/tags?post=1426"}],"curies":[{"name":"wp","href":"https:\/\/api.w.org\/{rel}","templated":true}]}}