{"id":1425,"date":"2024-10-14T14:29:16","date_gmt":"2024-10-14T14:29:16","guid":{"rendered":"https:\/\/pamiec81.pl\/index.php\/kalendarium-stanu-wojennego-chronologia-wydarzen-od-grudnia-1981-do-lipca-1983-kiedy-stan-wojenny-zostal-oficjalnie-zniesiony\/"},"modified":"2024-10-14T14:33:54","modified_gmt":"2024-10-14T14:33:54","slug":"kalendarium-stanu-wojennego","status":"publish","type":"post","link":"https:\/\/pamiec81.pl\/index.php\/kalendarium-stanu-wojennego\/","title":{"rendered":"Kalendarium stanu wojennego"},"content":{"rendered":"<p><strong>Stan wojenny w Polsce, wprowadzony 13 grudnia 1981 roku, by\u0142 jednym z najbardziej dramatycznych i znacz\u0105cych okres\u00f3w w najnowszej historii kraju. Trwa\u0142 on a\u017c do 22 lipca 1983 roku, kiedy to zosta\u0142 oficjalnie zniesiony. Poni\u017cej przedstawiamy szczeg\u00f3\u0142owe kalendarium wydarze\u0144, kt\u00f3re mia\u0142y miejsce podczas tych burzliwych lat.<\/strong><\/p>\n<h2 id=\"przyczyny-wprowadzenia-stanu-wojennego\">Przyczyny wprowadzenia stanu wojennego<\/h2>\n<h3 id=\"napi\u0119cia-polityczne-i-spo\u0142eczne\">Napi\u0119cia polityczne i spo\u0142eczne<\/h3>\n<p>Prze\u0142om lat 70. i 80. XX wieku w Polsce charakteryzowa\u0142 si\u0119 rosn\u0105cymi napi\u0119ciami politycznymi i spo\u0142ecznymi. Niezadowolenie mieszka\u0144c\u00f3w rodzi\u0142o si\u0119 g\u0142\u00f3wnie na tle ekonomicznych trudno\u015bci, takich jak brak podstawowych towar\u00f3w, inflacja i stagnacja gospodarcza. R\u00f3wnocze\u015bnie ros\u0142y w si\u0142\u0119 ruchy opozycyjne, przede wszystkim NSZZ &quot;Solidarno\u015b\u0107&quot;, kt\u00f3re krytykowa\u0142y rz\u0105d i domaga\u0142y si\u0119 reform.<\/p>\n<h3 id=\"decyzja-w\u0142adz\">Decyzja w\u0142adz<\/h3>\n<p>W\u0142adze, obawiaj\u0105c si\u0119 utraty kontroli nad sytuacj\u0105, podj\u0119\u0142y decyzj\u0119 o wprowadzeniu stanu wojennego. Wojskowa Rada Ocalenia Narodowego (WRON) uzna\u0142a, \u017ce tylko drastyczne \u015brodki pozwol\u0105 na utrzymanie porz\u0105dku i zapewnienie &quot;normalno\u015bci&quot; w kraju. Oficjalnie og\u0142oszono, \u017ce stan wojenny ma na celu ochron\u0119 pa\u0144stwa przed &quot;dalsz\u0105 anarchizacj\u0105 i upadkiem moralnym&quot;.<\/p>\n<h2 id=\"grudzie\u0144-1981\">Grudzie\u0144 1981<\/h2>\n<h3 id=\"wprowadzenie-stanu-wojennego\">Wprowadzenie stanu wojennego<\/h3>\n<p>13 grudnia 1981 roku Wojsko Polskie i milicja wprowadzi\u0142y stan wojenny w ca\u0142ym kraju. Wzmo\u017cono represje, wygaszono wszelkie formy opozycji i wprowadzono godzin\u0119 policyjn\u0105. Komunikacja zosta\u0142a ograniczona, a media poddano \u015bcis\u0142ej cenzurze.<\/p>\n<h3 id=\"aresztowania-i-represje\">Aresztowania i represje<\/h3>\n<p>Ju\u017c pierwszej nocy stanu wojennego aresztowano oko\u0142o 5000 dzia\u0142aczy opozycji, w tym lider\u00f3w &quot;Solidarno\u015bci&quot;. Ludzi tych przewieziono do o\u015brodk\u00f3w internowania, gdzie byli przetrzymywani w ci\u0119\u017ckich warunkach. Mia\u0142o to na celu os\u0142abienie ruchu oporu i zniech\u0119cenie spo\u0142ecze\u0144stwa do dalszego protestowania.<\/p>\n<h2 id=\"stycze\u0144--marzec-1982\">Stycze\u0144 \u2013 Marzec 1982<\/h2>\n<h3 id=\"ci\u0105g-dalszy-represji\">Ci\u0105g dalszy represji<\/h3>\n<p>W pierwszych miesi\u0105cach 1982 roku represje by\u0142y kontynuowane. Dzia\u0142ania skierowane przeciwko opozycji nasila\u0142y si\u0119, a liczba internowanych zwi\u0119kszy\u0142a si\u0119 do oko\u0142o 10 000. W\u0142adze kontynuowa\u0142y intensywne kontrolowanie wszystkich aspekt\u00f3w \u017cycia spo\u0142ecznego.<\/p>\n<h3 id=\"strajki-i-protesty\">Strajki i protesty<\/h3>\n<p>Pomimo represji, opozycja nie podda\u0142a si\u0119 ca\u0142kowicie. Zorganizowano kilka strajk\u00f3w i protest\u00f3w. Jednym z najwa\u017cniejszych by\u0142o strajk w kopalni &quot;Wujek&quot;, kt\u00f3ry zacz\u0105\u0142 si\u0119 16 grudnia 1981 roku i zako\u0144czy\u0142 si\u0119 krwawo, gdy 9 g\u00f3rnik\u00f3w zosta\u0142o zastrzelonych przez ZOMO.<\/p>\n<h2 id=\"kwiecie\u0144--czerwiec-1982\">Kwiecie\u0144 \u2013 Czerwiec 1982<\/h2>\n<h3 id=\"zmiany-w-aparacie-w\u0142adzy\">Zmiany w aparacie w\u0142adzy<\/h3>\n<p>W\u0142adze PRL prowadzi\u0142y czystki we w\u0142asnych szeregach, wymieniaj\u0105c niewygodnych lub mniej lojalnych pracownik\u00f3w aparatu pa\u0144stwowego i milicji. Mia\u0142o to na celu wzmocnienie kontroli nad pa\u0144stwem oraz zapewnienie pos\u0142usze\u0144stwa.<\/p>\n<h3 id=\"reakcja-mi\u0119dzynarodowa\">Reakcja mi\u0119dzynarodowa<\/h3>\n<p>Stan wojenny spotka\u0142 si\u0119 z mi\u0119dzynarodow\u0105 krytyk\u0105. Organizacje mi\u0119dzynarodowe, w tym ameryka\u0144ski rz\u0105d, pot\u0119pi\u0142y dzia\u0142ania w\u0142adz PRL i na\u0142o\u017cy\u0142y sankcje ekonomiczne. Do Polski nap\u0142ywa\u0142a pomoc humanitarna, kt\u00f3rej celem by\u0142o wsparcie spo\u0142ecze\u0144stwa w trudnych warunkach.<\/p>\n<h2 id=\"lipiec--grudzie\u0144-1982\">Lipiec \u2013 Grudzie\u0144 1982<\/h2>\n<h3 id=\"karta-praw-i-dialog\">Karta praw i dialog<\/h3>\n<p>Pod koniec 1982 roku w\u0142adze PRL zacz\u0119\u0142y wprowadza\u0107 pewne ust\u0119pstwa, w tym tzw. kart\u0119 praw internowanych, kt\u00f3ra mia\u0142a poprawi\u0107 warunki ich przetrzymywania. Zorganizowano r\u00f3wnie\u017c kilka spotka\u0144 z przedstawicielami opozycji, kt\u00f3re jednak nie przynios\u0142y oczekiwanych rezultat\u00f3w.<\/p>\n<h3 id=\"powolny-powr\u00f3t-do-normalno\u015bci\">Powolny powr\u00f3t do &quot;normalno\u015bci&quot;<\/h3>\n<p>\u017bycie spo\u0142eczne powoli zaczyna\u0142o wraca\u0107 do normy. Chocia\u017c stan wojenny nadal obowi\u0105zywa\u0142, niekt\u00f3re restrykcje zosta\u0142y z\u0142agodzone, a cz\u0119\u015b\u0107 internowanych zacz\u0119\u0142a by\u0107 zwalniana.<\/p>\n<h2 id=\"stycze\u0144--lipiec-1983\">Stycze\u0144 \u2013 Lipiec 1983<\/h2>\n<h3 id=\"ostatnie-miesi\u0105ce-stanu-wojennego\">Ostatnie miesi\u0105ce stanu wojennego<\/h3>\n<p>Pierwsza po\u0142owa 1983 roku by\u0142a okresem, kiedy w\u0142adze PRL przygotowywa\u0142y si\u0119 do oficjalnego zniesienia stanu wojennego. Intensyfikowano dzia\u0142ania propagandowe maj\u0105ce na celu przekonanie spo\u0142ecze\u0144stwa i opinii mi\u0119dzynarodowej, \u017ce sytuacja w kraju jest ju\u017c stabilna.<\/p>\n<h3 id=\"wizyty-jana-paw\u0142a-ii\">Wizyty Jana Paw\u0142a II<\/h3>\n<p>Pod koniec czerwca 1983 roku papie\u017c Jan Pawe\u0142 II odwiedzi\u0142 Polsk\u0119, co mia\u0142o ogromne znaczenie dla morale spo\u0142ecze\u0144stwa. Jego przes\u0142anie o pokoju i sprawiedliwo\u015bci dodawa\u0142o si\u0142 i umacnia\u0142o wiar\u0119 w mo\u017cliwo\u015b\u0107 zmian.<\/p>\n<h3 id=\"oficjalne-zniesienie-stanu-wojennego\">Oficjalne zniesienie stanu wojennego<\/h3>\n<p>Stan wojenny zosta\u0142 oficjalnie zniesiony 22 lipca 1983 roku. Cho\u0107 formalne procedury wskazywa\u0142y na powr\u00f3t do stanu sprzed grudnia 1981 roku, w praktyce wiele ogranicze\u0144 i represji nadal si\u0119 utrzymywa\u0142o. Aparat pa\u0144stwowy stara\u0142 si\u0119 utrzyma\u0107 kontrol\u0119 za pomoc\u0105 rozbudowanej sieci agent\u00f3w i informator\u00f3w.<\/p>\n<h2 id=\"skutki-stanu-wojennego\">Skutki stanu wojennego<\/h2>\n<h3 id=\"spo\u0142eczne-i-ekonomiczne-konsekwencje\">Spo\u0142eczne i ekonomiczne konsekwencje<\/h3>\n<p>Stan wojenny wywar\u0142 ogromny wp\u0142yw na spo\u0142ecze\u0144stwo polskie. Z jednej strony wywo\u0142a\u0142 strach, rezygnacj\u0119 i dezorientacj\u0119, z drugiej strony by\u0142 katalizatorem dla dalszych ruch\u00f3w opozycyjnych. Gospodarka Polski w tym okresie uleg\u0142a dalszej degradacji, co mia\u0142o d\u0142ugofalowe skutki dla kraju.<\/p>\n<h3 id=\"zmiany-w-polityce\">Zmiany w polityce<\/h3>\n<p>Wprowadzenie stanu wojennego mia\u0142o tak\u017ce konsekwencje polityczne, kt\u00f3re wp\u0142yn\u0119\u0142y na przysz\u0142e transformacje systemowe w Polsce. W\u0142adze PRL straci\u0142y znaczn\u0105 cz\u0119\u015b\u0107 swojej wiarygodno\u015bci zar\u00f3wno w kraju, jak i na arenie mi\u0119dzynarodowej, co przyczyni\u0142o si\u0119 do dalszych reform i ostatecznego upadku systemu komunistycznego w Polsce w 1989 roku.<\/p>\n<p>Stan wojenny w Polsce by\u0142 okresem dramatycznym i pe\u0142nym napi\u0119\u0107, kt\u00f3ry wci\u0105\u017c wywo\u0142uje wiele emocji i kontrowersji. jego skutki odczuwalne s\u0105 do dzi\u015b, a badanie tego okresu pomaga lepiej zrozumie\u0107 wsp\u00f3\u0142czesn\u0105 histori\u0119 Polski.<\/p>\n","protected":false},"excerpt":{"rendered":"<p>Stan wojenny w Polsce, wprowadzony 13 grudnia 1981 roku, by\u0142 jednym z najbardziej dramatycznych i znacz\u0105cych okres\u00f3w w najnowszej historii kraju. Trwa\u0142 on a\u017c do 22 lipca 1983 roku, kiedy to zosta\u0142 oficjalnie zniesiony. Poni\u017cej przedstawiamy szczeg\u00f3\u0142owe kalendarium wydarze\u0144, kt\u00f3re mia\u0142y miejsce podczas tych burzliwych lat. Przyczyny wprowadzenia stanu wojennego Napi\u0119cia polityczne i spo\u0142eczne Prze\u0142om&#8230;<\/p>\n","protected":false},"author":1,"featured_media":1366,"comment_status":"closed","ping_status":"","sticky":false,"template":"","format":"standard","meta":{"_kadence_starter_templates_imported_post":false,"_kad_post_transparent":"","_kad_post_title":"","_kad_post_layout":"","_kad_post_sidebar_id":"","_kad_post_content_style":"","_kad_post_vertical_padding":"","_kad_post_feature":"","_kad_post_feature_position":"","_kad_post_header":false,"_kad_post_footer":false,"_kad_post_classname":"","footnotes":""},"categories":[14],"tags":[],"class_list":["post-1425","post","type-post","status-publish","format-standard","has-post-thumbnail","hentry","category-historia"],"yoast_head":"<!-- This site is optimized with the Yoast SEO plugin v27.5 - https:\/\/yoast.com\/product\/yoast-seo-wordpress\/ -->\n<title>Kalendarium stanu wojennego - Grudzie\u0144 1981: Historia i Pami\u0119\u0107<\/title>\n<meta name=\"robots\" content=\"index, follow, max-snippet:-1, max-image-preview:large, max-video-preview:-1\" \/>\n<link rel=\"canonical\" href=\"https:\/\/pamiec81.pl\/index.php\/kalendarium-stanu-wojennego\/\" \/>\n<meta property=\"og:locale\" content=\"pl_PL\" \/>\n<meta property=\"og:type\" content=\"article\" \/>\n<meta property=\"og:title\" content=\"Kalendarium stanu wojennego - Grudzie\u0144 1981: Historia i Pami\u0119\u0107\" \/>\n<meta property=\"og:description\" content=\"Stan wojenny w Polsce, wprowadzony 13 grudnia 1981 roku, by\u0142 jednym z najbardziej dramatycznych i znacz\u0105cych okres\u00f3w w najnowszej historii kraju. Trwa\u0142 on a\u017c do 22 lipca 1983 roku, kiedy to zosta\u0142 oficjalnie zniesiony. Poni\u017cej przedstawiamy szczeg\u00f3\u0142owe kalendarium wydarze\u0144, kt\u00f3re mia\u0142y miejsce podczas tych burzliwych lat. Przyczyny wprowadzenia stanu wojennego Napi\u0119cia polityczne i spo\u0142eczne Prze\u0142om...\" \/>\n<meta property=\"og:url\" content=\"https:\/\/pamiec81.pl\/index.php\/kalendarium-stanu-wojennego\/\" \/>\n<meta property=\"og:site_name\" content=\"Grudzie\u0144 1981: Historia i Pami\u0119\u0107\" \/>\n<meta property=\"article:published_time\" content=\"2024-10-14T14:29:16+00:00\" \/>\n<meta property=\"article:modified_time\" content=\"2024-10-14T14:33:54+00:00\" \/>\n<meta property=\"og:image\" content=\"https:\/\/pamiec81.pl\/wp-content\/uploads\/2024\/10\/shutterstock_430360183.jpg\" \/>\n\t<meta property=\"og:image:width\" content=\"1000\" \/>\n\t<meta property=\"og:image:height\" content=\"667\" \/>\n\t<meta property=\"og:image:type\" content=\"image\/jpeg\" \/>\n<meta name=\"author\" content=\"pamiec81\" \/>\n<meta name=\"twitter:card\" content=\"summary_large_image\" \/>\n<meta name=\"twitter:label1\" content=\"Napisane przez\" \/>\n\t<meta name=\"twitter:data1\" content=\"pamiec81\" \/>\n\t<meta name=\"twitter:label2\" content=\"Szacowany czas czytania\" \/>\n\t<meta name=\"twitter:data2\" content=\"4 minuty\" \/>\n<script type=\"application\/ld+json\" class=\"yoast-schema-graph\">{\"@context\":\"https:\\\/\\\/schema.org\",\"@graph\":[{\"@type\":\"Article\",\"@id\":\"https:\\\/\\\/pamiec81.pl\\\/index.php\\\/kalendarium-stanu-wojennego\\\/#article\",\"isPartOf\":{\"@id\":\"https:\\\/\\\/pamiec81.pl\\\/index.php\\\/kalendarium-stanu-wojennego\\\/\"},\"author\":{\"name\":\"pamiec81\",\"@id\":\"https:\\\/\\\/pamiec81.pl\\\/#\\\/schema\\\/person\\\/47024abcf028b8fcf0ddfcf373c4c57e\"},\"headline\":\"Kalendarium stanu wojennego\",\"datePublished\":\"2024-10-14T14:29:16+00:00\",\"dateModified\":\"2024-10-14T14:33:54+00:00\",\"mainEntityOfPage\":{\"@id\":\"https:\\\/\\\/pamiec81.pl\\\/index.php\\\/kalendarium-stanu-wojennego\\\/\"},\"wordCount\":862,\"publisher\":{\"@id\":\"https:\\\/\\\/pamiec81.pl\\\/#organization\"},\"image\":{\"@id\":\"https:\\\/\\\/pamiec81.pl\\\/index.php\\\/kalendarium-stanu-wojennego\\\/#primaryimage\"},\"thumbnailUrl\":\"https:\\\/\\\/pamiec81.pl\\\/wp-content\\\/uploads\\\/2024\\\/10\\\/shutterstock_430360183.jpg\",\"articleSection\":[\"HISTORIA\"],\"inLanguage\":\"pl-PL\"},{\"@type\":\"WebPage\",\"@id\":\"https:\\\/\\\/pamiec81.pl\\\/index.php\\\/kalendarium-stanu-wojennego\\\/\",\"url\":\"https:\\\/\\\/pamiec81.pl\\\/index.php\\\/kalendarium-stanu-wojennego\\\/\",\"name\":\"Kalendarium stanu wojennego - Grudzie\u0144 1981: Historia i Pami\u0119\u0107\",\"isPartOf\":{\"@id\":\"https:\\\/\\\/pamiec81.pl\\\/#website\"},\"primaryImageOfPage\":{\"@id\":\"https:\\\/\\\/pamiec81.pl\\\/index.php\\\/kalendarium-stanu-wojennego\\\/#primaryimage\"},\"image\":{\"@id\":\"https:\\\/\\\/pamiec81.pl\\\/index.php\\\/kalendarium-stanu-wojennego\\\/#primaryimage\"},\"thumbnailUrl\":\"https:\\\/\\\/pamiec81.pl\\\/wp-content\\\/uploads\\\/2024\\\/10\\\/shutterstock_430360183.jpg\",\"datePublished\":\"2024-10-14T14:29:16+00:00\",\"dateModified\":\"2024-10-14T14:33:54+00:00\",\"breadcrumb\":{\"@id\":\"https:\\\/\\\/pamiec81.pl\\\/index.php\\\/kalendarium-stanu-wojennego\\\/#breadcrumb\"},\"inLanguage\":\"pl-PL\",\"potentialAction\":[{\"@type\":\"ReadAction\",\"target\":[\"https:\\\/\\\/pamiec81.pl\\\/index.php\\\/kalendarium-stanu-wojennego\\\/\"]}]},{\"@type\":\"ImageObject\",\"inLanguage\":\"pl-PL\",\"@id\":\"https:\\\/\\\/pamiec81.pl\\\/index.php\\\/kalendarium-stanu-wojennego\\\/#primaryimage\",\"url\":\"https:\\\/\\\/pamiec81.pl\\\/wp-content\\\/uploads\\\/2024\\\/10\\\/shutterstock_430360183.jpg\",\"contentUrl\":\"https:\\\/\\\/pamiec81.pl\\\/wp-content\\\/uploads\\\/2024\\\/10\\\/shutterstock_430360183.jpg\",\"width\":1000,\"height\":667,\"caption\":\"Stan wojenny\"},{\"@type\":\"BreadcrumbList\",\"@id\":\"https:\\\/\\\/pamiec81.pl\\\/index.php\\\/kalendarium-stanu-wojennego\\\/#breadcrumb\",\"itemListElement\":[{\"@type\":\"ListItem\",\"position\":1,\"name\":\"Strona g\u0142\u00f3wna\",\"item\":\"https:\\\/\\\/pamiec81.pl\\\/\"},{\"@type\":\"ListItem\",\"position\":2,\"name\":\"Kalendarium stanu wojennego\"}]},{\"@type\":\"WebSite\",\"@id\":\"https:\\\/\\\/pamiec81.pl\\\/#website\",\"url\":\"https:\\\/\\\/pamiec81.pl\\\/\",\"name\":\"Grudzie\u0144 1981: Historia i Pami\u0119\u0107\",\"description\":\"Upami\u0119tnijmy stan wojenny grudnia 1981. Razem odkrywajmy histori\u0119, dzielmy si\u0119 wspomnieniami i refleksjami o walce o wolno\u015b\u0107 i prawd\u0119.\",\"publisher\":{\"@id\":\"https:\\\/\\\/pamiec81.pl\\\/#organization\"},\"potentialAction\":[{\"@type\":\"SearchAction\",\"target\":{\"@type\":\"EntryPoint\",\"urlTemplate\":\"https:\\\/\\\/pamiec81.pl\\\/?s={search_term_string}\"},\"query-input\":{\"@type\":\"PropertyValueSpecification\",\"valueRequired\":true,\"valueName\":\"search_term_string\"}}],\"inLanguage\":\"pl-PL\"},{\"@type\":\"Organization\",\"@id\":\"https:\\\/\\\/pamiec81.pl\\\/#organization\",\"name\":\"Grudzie\u0144 1981: Historia i Pami\u0119\u0107\",\"url\":\"https:\\\/\\\/pamiec81.pl\\\/\",\"logo\":{\"@type\":\"ImageObject\",\"inLanguage\":\"pl-PL\",\"@id\":\"https:\\\/\\\/pamiec81.pl\\\/#\\\/schema\\\/logo\\\/image\\\/\",\"url\":\"https:\\\/\\\/pamiec81.pl\\\/wp-content\\\/uploads\\\/2024\\\/10\\\/polskiemorsy.net__3_-removebg-preview.png\",\"contentUrl\":\"https:\\\/\\\/pamiec81.pl\\\/wp-content\\\/uploads\\\/2024\\\/10\\\/polskiemorsy.net__3_-removebg-preview.png\",\"width\":300,\"height\":100,\"caption\":\"Grudzie\u0144 1981: Historia i Pami\u0119\u0107\"},\"image\":{\"@id\":\"https:\\\/\\\/pamiec81.pl\\\/#\\\/schema\\\/logo\\\/image\\\/\"}},{\"@type\":\"Person\",\"@id\":\"https:\\\/\\\/pamiec81.pl\\\/#\\\/schema\\\/person\\\/47024abcf028b8fcf0ddfcf373c4c57e\",\"name\":\"pamiec81\",\"image\":{\"@type\":\"ImageObject\",\"inLanguage\":\"pl-PL\",\"@id\":\"https:\\\/\\\/secure.gravatar.com\\\/avatar\\\/8c6c8a6ddc98c0d8c18a4a687166a69e5fdbc0475752245205a512500cb18d08?s=96&d=mm&r=g\",\"url\":\"https:\\\/\\\/secure.gravatar.com\\\/avatar\\\/8c6c8a6ddc98c0d8c18a4a687166a69e5fdbc0475752245205a512500cb18d08?s=96&d=mm&r=g\",\"contentUrl\":\"https:\\\/\\\/secure.gravatar.com\\\/avatar\\\/8c6c8a6ddc98c0d8c18a4a687166a69e5fdbc0475752245205a512500cb18d08?s=96&d=mm&r=g\",\"caption\":\"pamiec81\"},\"sameAs\":[\"https:\\\/\\\/pamiec81.pl\"],\"url\":\"https:\\\/\\\/pamiec81.pl\\\/index.php\\\/author\\\/pamiec\\\/\"}]}<\/script>\n<!-- \/ Yoast SEO plugin. -->","yoast_head_json":{"title":"Kalendarium stanu wojennego - Grudzie\u0144 1981: Historia i Pami\u0119\u0107","robots":{"index":"index","follow":"follow","max-snippet":"max-snippet:-1","max-image-preview":"max-image-preview:large","max-video-preview":"max-video-preview:-1"},"canonical":"https:\/\/pamiec81.pl\/index.php\/kalendarium-stanu-wojennego\/","og_locale":"pl_PL","og_type":"article","og_title":"Kalendarium stanu wojennego - Grudzie\u0144 1981: Historia i Pami\u0119\u0107","og_description":"Stan wojenny w Polsce, wprowadzony 13 grudnia 1981 roku, by\u0142 jednym z najbardziej dramatycznych i znacz\u0105cych okres\u00f3w w najnowszej historii kraju. Trwa\u0142 on a\u017c do 22 lipca 1983 roku, kiedy to zosta\u0142 oficjalnie zniesiony. Poni\u017cej przedstawiamy szczeg\u00f3\u0142owe kalendarium wydarze\u0144, kt\u00f3re mia\u0142y miejsce podczas tych burzliwych lat. Przyczyny wprowadzenia stanu wojennego Napi\u0119cia polityczne i spo\u0142eczne Prze\u0142om...","og_url":"https:\/\/pamiec81.pl\/index.php\/kalendarium-stanu-wojennego\/","og_site_name":"Grudzie\u0144 1981: Historia i Pami\u0119\u0107","article_published_time":"2024-10-14T14:29:16+00:00","article_modified_time":"2024-10-14T14:33:54+00:00","og_image":[{"width":1000,"height":667,"url":"https:\/\/pamiec81.pl\/wp-content\/uploads\/2024\/10\/shutterstock_430360183.jpg","type":"image\/jpeg"}],"author":"pamiec81","twitter_card":"summary_large_image","twitter_misc":{"Napisane przez":"pamiec81","Szacowany czas czytania":"4 minuty"},"schema":{"@context":"https:\/\/schema.org","@graph":[{"@type":"Article","@id":"https:\/\/pamiec81.pl\/index.php\/kalendarium-stanu-wojennego\/#article","isPartOf":{"@id":"https:\/\/pamiec81.pl\/index.php\/kalendarium-stanu-wojennego\/"},"author":{"name":"pamiec81","@id":"https:\/\/pamiec81.pl\/#\/schema\/person\/47024abcf028b8fcf0ddfcf373c4c57e"},"headline":"Kalendarium stanu wojennego","datePublished":"2024-10-14T14:29:16+00:00","dateModified":"2024-10-14T14:33:54+00:00","mainEntityOfPage":{"@id":"https:\/\/pamiec81.pl\/index.php\/kalendarium-stanu-wojennego\/"},"wordCount":862,"publisher":{"@id":"https:\/\/pamiec81.pl\/#organization"},"image":{"@id":"https:\/\/pamiec81.pl\/index.php\/kalendarium-stanu-wojennego\/#primaryimage"},"thumbnailUrl":"https:\/\/pamiec81.pl\/wp-content\/uploads\/2024\/10\/shutterstock_430360183.jpg","articleSection":["HISTORIA"],"inLanguage":"pl-PL"},{"@type":"WebPage","@id":"https:\/\/pamiec81.pl\/index.php\/kalendarium-stanu-wojennego\/","url":"https:\/\/pamiec81.pl\/index.php\/kalendarium-stanu-wojennego\/","name":"Kalendarium stanu wojennego - Grudzie\u0144 1981: Historia i Pami\u0119\u0107","isPartOf":{"@id":"https:\/\/pamiec81.pl\/#website"},"primaryImageOfPage":{"@id":"https:\/\/pamiec81.pl\/index.php\/kalendarium-stanu-wojennego\/#primaryimage"},"image":{"@id":"https:\/\/pamiec81.pl\/index.php\/kalendarium-stanu-wojennego\/#primaryimage"},"thumbnailUrl":"https:\/\/pamiec81.pl\/wp-content\/uploads\/2024\/10\/shutterstock_430360183.jpg","datePublished":"2024-10-14T14:29:16+00:00","dateModified":"2024-10-14T14:33:54+00:00","breadcrumb":{"@id":"https:\/\/pamiec81.pl\/index.php\/kalendarium-stanu-wojennego\/#breadcrumb"},"inLanguage":"pl-PL","potentialAction":[{"@type":"ReadAction","target":["https:\/\/pamiec81.pl\/index.php\/kalendarium-stanu-wojennego\/"]}]},{"@type":"ImageObject","inLanguage":"pl-PL","@id":"https:\/\/pamiec81.pl\/index.php\/kalendarium-stanu-wojennego\/#primaryimage","url":"https:\/\/pamiec81.pl\/wp-content\/uploads\/2024\/10\/shutterstock_430360183.jpg","contentUrl":"https:\/\/pamiec81.pl\/wp-content\/uploads\/2024\/10\/shutterstock_430360183.jpg","width":1000,"height":667,"caption":"Stan wojenny"},{"@type":"BreadcrumbList","@id":"https:\/\/pamiec81.pl\/index.php\/kalendarium-stanu-wojennego\/#breadcrumb","itemListElement":[{"@type":"ListItem","position":1,"name":"Strona g\u0142\u00f3wna","item":"https:\/\/pamiec81.pl\/"},{"@type":"ListItem","position":2,"name":"Kalendarium stanu wojennego"}]},{"@type":"WebSite","@id":"https:\/\/pamiec81.pl\/#website","url":"https:\/\/pamiec81.pl\/","name":"Grudzie\u0144 1981: Historia i Pami\u0119\u0107","description":"Upami\u0119tnijmy stan wojenny grudnia 1981. Razem odkrywajmy histori\u0119, dzielmy si\u0119 wspomnieniami i refleksjami o walce o wolno\u015b\u0107 i prawd\u0119.","publisher":{"@id":"https:\/\/pamiec81.pl\/#organization"},"potentialAction":[{"@type":"SearchAction","target":{"@type":"EntryPoint","urlTemplate":"https:\/\/pamiec81.pl\/?s={search_term_string}"},"query-input":{"@type":"PropertyValueSpecification","valueRequired":true,"valueName":"search_term_string"}}],"inLanguage":"pl-PL"},{"@type":"Organization","@id":"https:\/\/pamiec81.pl\/#organization","name":"Grudzie\u0144 1981: Historia i Pami\u0119\u0107","url":"https:\/\/pamiec81.pl\/","logo":{"@type":"ImageObject","inLanguage":"pl-PL","@id":"https:\/\/pamiec81.pl\/#\/schema\/logo\/image\/","url":"https:\/\/pamiec81.pl\/wp-content\/uploads\/2024\/10\/polskiemorsy.net__3_-removebg-preview.png","contentUrl":"https:\/\/pamiec81.pl\/wp-content\/uploads\/2024\/10\/polskiemorsy.net__3_-removebg-preview.png","width":300,"height":100,"caption":"Grudzie\u0144 1981: Historia i Pami\u0119\u0107"},"image":{"@id":"https:\/\/pamiec81.pl\/#\/schema\/logo\/image\/"}},{"@type":"Person","@id":"https:\/\/pamiec81.pl\/#\/schema\/person\/47024abcf028b8fcf0ddfcf373c4c57e","name":"pamiec81","image":{"@type":"ImageObject","inLanguage":"pl-PL","@id":"https:\/\/secure.gravatar.com\/avatar\/8c6c8a6ddc98c0d8c18a4a687166a69e5fdbc0475752245205a512500cb18d08?s=96&d=mm&r=g","url":"https:\/\/secure.gravatar.com\/avatar\/8c6c8a6ddc98c0d8c18a4a687166a69e5fdbc0475752245205a512500cb18d08?s=96&d=mm&r=g","contentUrl":"https:\/\/secure.gravatar.com\/avatar\/8c6c8a6ddc98c0d8c18a4a687166a69e5fdbc0475752245205a512500cb18d08?s=96&d=mm&r=g","caption":"pamiec81"},"sameAs":["https:\/\/pamiec81.pl"],"url":"https:\/\/pamiec81.pl\/index.php\/author\/pamiec\/"}]}},"_links":{"self":[{"href":"https:\/\/pamiec81.pl\/index.php\/wp-json\/wp\/v2\/posts\/1425","targetHints":{"allow":["GET"]}}],"collection":[{"href":"https:\/\/pamiec81.pl\/index.php\/wp-json\/wp\/v2\/posts"}],"about":[{"href":"https:\/\/pamiec81.pl\/index.php\/wp-json\/wp\/v2\/types\/post"}],"author":[{"embeddable":true,"href":"https:\/\/pamiec81.pl\/index.php\/wp-json\/wp\/v2\/users\/1"}],"replies":[{"embeddable":true,"href":"https:\/\/pamiec81.pl\/index.php\/wp-json\/wp\/v2\/comments?post=1425"}],"version-history":[{"count":1,"href":"https:\/\/pamiec81.pl\/index.php\/wp-json\/wp\/v2\/posts\/1425\/revisions"}],"predecessor-version":[{"id":1432,"href":"https:\/\/pamiec81.pl\/index.php\/wp-json\/wp\/v2\/posts\/1425\/revisions\/1432"}],"wp:featuredmedia":[{"embeddable":true,"href":"https:\/\/pamiec81.pl\/index.php\/wp-json\/wp\/v2\/media\/1366"}],"wp:attachment":[{"href":"https:\/\/pamiec81.pl\/index.php\/wp-json\/wp\/v2\/media?parent=1425"}],"wp:term":[{"taxonomy":"category","embeddable":true,"href":"https:\/\/pamiec81.pl\/index.php\/wp-json\/wp\/v2\/categories?post=1425"},{"taxonomy":"post_tag","embeddable":true,"href":"https:\/\/pamiec81.pl\/index.php\/wp-json\/wp\/v2\/tags?post=1425"}],"curies":[{"name":"wp","href":"https:\/\/api.w.org\/{rel}","templated":true}]}}