{"id":1419,"date":"2024-10-14T14:25:58","date_gmt":"2024-10-14T14:25:58","guid":{"rendered":"https:\/\/pamiec81.pl\/index.php\/historia-stanu-wojennego\/"},"modified":"2024-10-14T14:26:55","modified_gmt":"2024-10-14T14:26:55","slug":"historia-stanu-wojennego","status":"publish","type":"post","link":"https:\/\/pamiec81.pl\/index.php\/historia-stanu-wojennego\/","title":{"rendered":"Historia stanu wojennego"},"content":{"rendered":"<p><strong>Stan wojenny, kt\u00f3ry zosta\u0142 wprowadzony w Polsce 13 grudnia 1981 roku, by\u0142 jednym z najwa\u017cniejszych wydarze\u0144 w najnowszej historii kraju. Ograniczenia swob\u00f3d obywatelskich, represje wobec opozycji i dzia\u0142ania maj\u0105ce na celu utrzymanie w\u0142adzy przez re\u017cim komunistyczny odcisn\u0119\u0142y swoje pi\u0119tno na polskim spo\u0142ecze\u0144stwie. W artykule przedstawimy szczeg\u00f3\u0142owy obraz wydarze\u0144 zwi\u0105zanych z og\u0142oszeniem stanu wojennego, jego przebiegiem oraz wp\u0142ywem na Polsk\u0119 i Polak\u00f3w.<\/strong><\/p>\n<h2 id=\"przyczyny-wprowadzenia-stanu-wojennego\">Przyczyny wprowadzenia stanu wojennego<\/h2>\n<p>Stan wojenny wprowadzono w odpowiedzi na rosn\u0105ce napi\u0119cia spo\u0142eczne i coraz silniejsze ruchy opozycyjne, kt\u00f3re zagra\u017ca\u0142y stabilno\u015bci komunistycznych w\u0142adz. G\u0142\u00f3wne przyczyny, kt\u00f3re przyczyni\u0142y si\u0119 do tej decyzji, to:<\/p>\n<h3 id=\"narastaj\u0105ce-protesty-spo\u0142eczne-i-strajki\">Narastaj\u0105ce protesty spo\u0142eczne i strajki<\/h3>\n<p>W latach 70. i 80. XX wieku w Polsce nasila\u0142y si\u0119 protesty spo\u0142eczne, kt\u00f3re wynika\u0142y m.in. z pogarszaj\u0105cych si\u0119 warunk\u00f3w \u017cycia i pracy oraz z niezadowolenia z polityki w\u0142adz. Strajki, organizowane przez robotnik\u00f3w, zyskiwa\u0142y na sile i poparciu spo\u0142ecznym.<\/p>\n<h3 id=\"powstanie-i-dzia\u0142alno\u015b\u0107-solidarno\u015bci\">Powstanie i dzia\u0142alno\u015b\u0107 Solidarno\u015bci<\/h3>\n<p>Solidarno\u015b\u0107, za\u0142o\u017cona w 1980 roku, szybko sta\u0142a si\u0119 pot\u0119\u017cnym ruchem opozycyjnym, kt\u00f3ry zrzesza\u0142 miliony cz\u0142onk\u00f3w. Jego dzia\u0142alno\u015b\u0107 stanowi\u0142a powa\u017cne zagro\u017cenie dla rz\u0105du komunistycznego, kt\u00f3ry ba\u0142 si\u0119 utraty kontroli nad krajem.<\/p>\n<h3 id=\"zagro\u017cenie-interwencj\u0105-ze-strony-zsrr\">Zagro\u017cenie interwencj\u0105 ze strony ZSRR<\/h3>\n<p>Strach przed potencjaln\u0105 interwencj\u0105 radzieck\u0105 by\u0142 jednym z kluczowych czynnik\u00f3w, kt\u00f3re sk\u0142oni\u0142y w\u0142adze PRL do og\u0142oszenia stanu wojennego. Moskwa oczekiwa\u0142a zdecydowanych dzia\u0142a\u0144, aby przywr\u00f3ci\u0107 porz\u0105dek w Polsce i zapobiec rozprzestrzenianiu si\u0119 opozycji na inne kraje bloku wschodniego.<\/p>\n<h2 id=\"przebieg-stanu-wojennego\">Przebieg stanu wojennego<\/h2>\n<p>Stan wojenny zosta\u0142 og\u0142oszony w nocy z 12 na 13 grudnia 1981 roku przez Wojciecha Jaruzelskiego. Polska sta\u0142a si\u0119 wtedy krajem, w kt\u00f3rym obowi\u0105zywa\u0142y surowe ograniczenia.<\/p>\n<h3 id=\"wojskowy-stan-nadzwyczajny\">Wojskowy stan nadzwyczajny<\/h3>\n<p>Na ulice polskich miast wyprowadzono jednostki wojskowe. Wprowadzono godzin\u0119 policyjn\u0105, zakaz zgromadze\u0144, a tak\u017ce ograniczono dzia\u0142alno\u015b\u0107 instytucji publicznych i medi\u00f3w.<\/p>\n<h3 id=\"internowanie-opozycjonist\u00f3w\">Internowanie opozycjonist\u00f3w<\/h3>\n<p>Jednym z pierwszych krok\u00f3w w\u0142adz by\u0142o internowanie oko\u0142o 10 tysi\u0119cy dzia\u0142aczy Solidarno\u015bci oraz innych opozycjonist\u00f3w. Byli oni przetrzymywani w specjalnie przygotowanych o\u015brodkach odosobnienia, nierzadko w trudnych warunkach.<\/p>\n<h3 id=\"represje-wobec-spo\u0142ecze\u0144stwa\">Represje wobec spo\u0142ecze\u0144stwa<\/h3>\n<p>W okresie stanu wojennego w\u0142adze stosowa\u0142y r\u00f3\u017cne formy represji wobec spo\u0142ecze\u0144stwa. Opr\u00f3cz internowania, przeprowadzano liczne rewizje, aresztowania, a tak\u017ce stosowano przemoc fizyczn\u0105 wobec os\u00f3b podejrzanych o dzia\u0142alno\u015b\u0107 opozycyjn\u0105.<\/p>\n<h2 id=\"reakcje-krajowe-i-mi\u0119dzynarodowe\">Reakcje krajowe i mi\u0119dzynarodowe<\/h2>\n<p>Stan wojenny w Polsce wywo\u0142a\u0142 liczne reakcje zar\u00f3wno wewn\u0105trz kraju, jak i na arenie mi\u0119dzynarodowej.<\/p>\n<h3 id=\"odpowied\u017a-opozycji\">Odpowied\u017a opozycji<\/h3>\n<p>Mimo surowych ogranicze\u0144, ruch opozycyjny nie zanik\u0142. Przeciwnie, niekt\u00f3re grupy opozycyjne, takie jak podziemne struktury Solidarno\u015bci, przyst\u0105pi\u0142y do dalszej dzia\u0142alno\u015bci, organizuj\u0105c demonstracje, strajki i wydawanie podziemnych publikacji.<\/p>\n<h3 id=\"reakcje-spo\u0142ecze\u0144stwa\">Reakcje spo\u0142ecze\u0144stwa<\/h3>\n<p>Spo\u0142ecze\u0144stwo polskie by\u0142o g\u0142\u0119boko podzielone w kwestii stanu wojennego. Cz\u0119\u015b\u0107 ludzi popiera\u0142a dzia\u0142ania w\u0142adz z obawy przed chaosem i radzieck\u0105 interwencj\u0105, podczas gdy inni wyra\u017cali otwarty sprzeciw i kontynuowali walk\u0119 o swoje prawa.<\/p>\n<h3 id=\"pot\u0119pienie-ze-strony-spo\u0142eczno\u015bci-mi\u0119dzynarodowej\">Pot\u0119pienie ze strony spo\u0142eczno\u015bci mi\u0119dzynarodowej<\/h3>\n<p>Stan wojenny spotka\u0142 si\u0119 z pot\u0119pieniem ze strony wielu pa\u0144stw zachodnich, kt\u00f3re na\u0142o\u017cy\u0142y sankcje gospodarcze na Polsk\u0119. Organizacje mi\u0119dzynarodowe, takie jak ONZ, oraz liczni politycy i dzia\u0142acze na ca\u0142ym \u015bwiecie apelowali o zaprzestanie represji i przywr\u00f3cenie swob\u00f3d obywatelskich.<\/p>\n<h2 id=\"zniesienie-stanu-wojennego-i-jego-skutki\">Zniesienie stanu wojennego i jego skutki<\/h2>\n<p>Stan wojenny zosta\u0142 formalnie zniesiony 22 lipca 1983 roku. Jednak jego konsekwencje by\u0142y odczuwalne przez d\u0142ugie lata.<\/p>\n<h3 id=\"trudne-lata-przej\u015bciowe\">Trudne lata przej\u015bciowe<\/h3>\n<p>Pomimo formalnego zako\u0144czenia stanu wojennego, represje wobec opozycjonist\u00f3w i ograniczenia wolno\u015bci obywatelskich trwa\u0142y jeszcze przez pewien czas. Deklaracje zniesienia stanu wojennego cz\u0119sto nie pokrywa\u0142y si\u0119 z rzeczywisto\u015bci\u0105, a walka o pe\u0142ne przywr\u00f3cenie demokracji by\u0142a kontynuowana.<\/p>\n<h3 id=\"wzrost-znaczenia-solidarno\u015bci\">Wzrost znaczenia Solidarno\u015bci<\/h3>\n<p>Stan wojenny, paradoksalnie, wzmocni\u0142 si\u0142\u0119 Solidarno\u015bci, kt\u00f3ra sta\u0142a si\u0119 symbolem oporu wobec re\u017cimu komunistycznego. W kolejnych latach organizacja ta odegra\u0142a kluczow\u0105 rol\u0119 w procesie zmiany systemu politycznego w Polsce.<\/p>\n<h3 id=\"transformacja-ustrojowa\">Transformacja ustrojowa<\/h3>\n<p>Wprowadzenie stanu wojennego i jego konsekwencje przygotowa\u0142y grunt pod demokratyczne przemiany, kt\u00f3re nast\u0105pi\u0142y na prze\u0142omie lat 80. i 90. XX wieku. Ostatecznie, pod wp\u0142ywem nacisk\u00f3w spo\u0142ecznych i mi\u0119dzynarodowych, komunistyczny re\u017cim zosta\u0142 zmuszony do negocjacji z opozycj\u0105, co doprowadzi\u0142o do pokojowej transformacji ustrojowej.<\/p>\n<h2 id=\"dziedzictwo-stanu-wojennego\">Dziedzictwo stanu wojennego<\/h2>\n<p>Do dzi\u015b stan wojenny pozostaje jednym z najbardziej kontrowersyjnych i traumatycznych epizod\u00f3w w najnowszej historii Polski.<\/p>\n<h3 id=\"pami\u0119\u0107-o-ofiarach\">Pami\u0119\u0107 o ofiarach<\/h3>\n<p>W wyniku dzia\u0142a\u0144 w\u0142adz komunistycznych \u017cycie straci\u0142o wielu ludzi, zar\u00f3wno bezpo\u015brednio wskutek represji, jak i po\u015brednio poprzez tragiczne warunki \u017cycia i pracy. Ich pami\u0119\u0107 jest honorowana przez liczne pomniki, tablice pami\u0105tkowe i obchody rocznicowe.<\/p>\n<h3 id=\"wp\u0142yw-na-to\u017csamo\u015b\u0107-narodow\u0105\">Wp\u0142yw na to\u017csamo\u015b\u0107 narodow\u0105<\/h3>\n<p>Stan wojenny wp\u0142yn\u0105\u0142 r\u00f3wnie\u017c na kszta\u0142towanie to\u017csamo\u015bci narodowej i \u015bwiadomo\u015bci historycznej Polak\u00f3w. Jest to czas, kt\u00f3ry uwidoczni\u0142 determinacj\u0119 i odwag\u0119 tysi\u0119cy ludzi, kt\u00f3rzy walczyli o wolno\u015b\u0107 i niepodleg\u0142o\u015b\u0107.<\/p>\n<h3 id=\"refleksje-i-przestrogi\">Refleksje i przestrogi<\/h3>\n<p>Tera\u017aniejsze badania historyczne i debaty publiczne na temat stanu wojennego stanowi\u0105 istotny element refleksji nad przyczynami totalitaryzmu oraz przestrogi przed naruszaniem demokracji i praw cz\u0142owieka.<\/p>\n<p>Stan wojenny z 1981 roku jest trudnym, cho\u0107 wa\u017cnym elementem polskiej historii, kt\u00f3ry wci\u0105\u017c budzi silne emocje i kontrowersje w\u015br\u00f3d Polak\u00f3w. Jego analiza i zrozumienie to klucz do pe\u0142niejszego rozumienia wsp\u00f3\u0142czesnej Polski i jej drogi do wolno\u015bci oraz demokracji.<\/p>\n","protected":false},"excerpt":{"rendered":"<p>Stan wojenny, kt\u00f3ry zosta\u0142 wprowadzony w Polsce 13 grudnia 1981 roku, by\u0142 jednym z najwa\u017cniejszych wydarze\u0144 w najnowszej historii kraju. Ograniczenia swob\u00f3d obywatelskich, represje wobec opozycji i dzia\u0142ania maj\u0105ce na celu utrzymanie w\u0142adzy przez re\u017cim komunistyczny odcisn\u0119\u0142y swoje pi\u0119tno na polskim spo\u0142ecze\u0144stwie. W artykule przedstawimy szczeg\u00f3\u0142owy obraz wydarze\u0144 zwi\u0105zanych z og\u0142oszeniem stanu wojennego, jego przebiegiem&#8230;<\/p>\n","protected":false},"author":1,"featured_media":1378,"comment_status":"closed","ping_status":"","sticky":false,"template":"","format":"standard","meta":{"_kadence_starter_templates_imported_post":false,"_kad_post_transparent":"","_kad_post_title":"","_kad_post_layout":"","_kad_post_sidebar_id":"","_kad_post_content_style":"","_kad_post_vertical_padding":"","_kad_post_feature":"","_kad_post_feature_position":"","_kad_post_header":false,"_kad_post_footer":false,"_kad_post_classname":"","footnotes":""},"categories":[14],"tags":[],"class_list":["post-1419","post","type-post","status-publish","format-standard","has-post-thumbnail","hentry","category-historia"],"yoast_head":"<!-- This site is optimized with the Yoast SEO plugin v27.5 - https:\/\/yoast.com\/product\/yoast-seo-wordpress\/ -->\n<title>Historia stanu wojennego - Grudzie\u0144 1981: Historia i Pami\u0119\u0107<\/title>\n<meta name=\"robots\" content=\"index, follow, max-snippet:-1, max-image-preview:large, max-video-preview:-1\" \/>\n<link rel=\"canonical\" href=\"https:\/\/pamiec81.pl\/index.php\/historia-stanu-wojennego\/\" \/>\n<meta property=\"og:locale\" content=\"pl_PL\" \/>\n<meta property=\"og:type\" content=\"article\" \/>\n<meta property=\"og:title\" content=\"Historia stanu wojennego - Grudzie\u0144 1981: Historia i Pami\u0119\u0107\" \/>\n<meta property=\"og:description\" content=\"Stan wojenny, kt\u00f3ry zosta\u0142 wprowadzony w Polsce 13 grudnia 1981 roku, by\u0142 jednym z najwa\u017cniejszych wydarze\u0144 w najnowszej historii kraju. Ograniczenia swob\u00f3d obywatelskich, represje wobec opozycji i dzia\u0142ania maj\u0105ce na celu utrzymanie w\u0142adzy przez re\u017cim komunistyczny odcisn\u0119\u0142y swoje pi\u0119tno na polskim spo\u0142ecze\u0144stwie. W artykule przedstawimy szczeg\u00f3\u0142owy obraz wydarze\u0144 zwi\u0105zanych z og\u0142oszeniem stanu wojennego, jego przebiegiem...\" \/>\n<meta property=\"og:url\" content=\"https:\/\/pamiec81.pl\/index.php\/historia-stanu-wojennego\/\" \/>\n<meta property=\"og:site_name\" content=\"Grudzie\u0144 1981: Historia i Pami\u0119\u0107\" \/>\n<meta property=\"article:published_time\" content=\"2024-10-14T14:25:58+00:00\" \/>\n<meta property=\"article:modified_time\" content=\"2024-10-14T14:26:55+00:00\" \/>\n<meta property=\"og:image\" content=\"https:\/\/pamiec81.pl\/wp-content\/uploads\/2024\/10\/shutterstock_2397257335.jpg\" \/>\n\t<meta property=\"og:image:width\" content=\"1000\" \/>\n\t<meta property=\"og:image:height\" content=\"667\" \/>\n\t<meta property=\"og:image:type\" content=\"image\/jpeg\" \/>\n<meta name=\"author\" content=\"pamiec81\" \/>\n<meta name=\"twitter:card\" content=\"summary_large_image\" \/>\n<meta name=\"twitter:label1\" content=\"Napisane przez\" \/>\n\t<meta name=\"twitter:data1\" content=\"pamiec81\" \/>\n\t<meta name=\"twitter:label2\" content=\"Szacowany czas czytania\" \/>\n\t<meta name=\"twitter:data2\" content=\"5 minut\" \/>\n<script type=\"application\/ld+json\" class=\"yoast-schema-graph\">{\"@context\":\"https:\\\/\\\/schema.org\",\"@graph\":[{\"@type\":\"Article\",\"@id\":\"https:\\\/\\\/pamiec81.pl\\\/index.php\\\/historia-stanu-wojennego\\\/#article\",\"isPartOf\":{\"@id\":\"https:\\\/\\\/pamiec81.pl\\\/index.php\\\/historia-stanu-wojennego\\\/\"},\"author\":{\"name\":\"pamiec81\",\"@id\":\"https:\\\/\\\/pamiec81.pl\\\/#\\\/schema\\\/person\\\/47024abcf028b8fcf0ddfcf373c4c57e\"},\"headline\":\"Historia stanu wojennego\",\"datePublished\":\"2024-10-14T14:25:58+00:00\",\"dateModified\":\"2024-10-14T14:26:55+00:00\",\"mainEntityOfPage\":{\"@id\":\"https:\\\/\\\/pamiec81.pl\\\/index.php\\\/historia-stanu-wojennego\\\/\"},\"wordCount\":925,\"publisher\":{\"@id\":\"https:\\\/\\\/pamiec81.pl\\\/#organization\"},\"image\":{\"@id\":\"https:\\\/\\\/pamiec81.pl\\\/index.php\\\/historia-stanu-wojennego\\\/#primaryimage\"},\"thumbnailUrl\":\"https:\\\/\\\/pamiec81.pl\\\/wp-content\\\/uploads\\\/2024\\\/10\\\/shutterstock_2397257335.jpg\",\"articleSection\":[\"HISTORIA\"],\"inLanguage\":\"pl-PL\"},{\"@type\":\"WebPage\",\"@id\":\"https:\\\/\\\/pamiec81.pl\\\/index.php\\\/historia-stanu-wojennego\\\/\",\"url\":\"https:\\\/\\\/pamiec81.pl\\\/index.php\\\/historia-stanu-wojennego\\\/\",\"name\":\"Historia stanu wojennego - Grudzie\u0144 1981: Historia i Pami\u0119\u0107\",\"isPartOf\":{\"@id\":\"https:\\\/\\\/pamiec81.pl\\\/#website\"},\"primaryImageOfPage\":{\"@id\":\"https:\\\/\\\/pamiec81.pl\\\/index.php\\\/historia-stanu-wojennego\\\/#primaryimage\"},\"image\":{\"@id\":\"https:\\\/\\\/pamiec81.pl\\\/index.php\\\/historia-stanu-wojennego\\\/#primaryimage\"},\"thumbnailUrl\":\"https:\\\/\\\/pamiec81.pl\\\/wp-content\\\/uploads\\\/2024\\\/10\\\/shutterstock_2397257335.jpg\",\"datePublished\":\"2024-10-14T14:25:58+00:00\",\"dateModified\":\"2024-10-14T14:26:55+00:00\",\"breadcrumb\":{\"@id\":\"https:\\\/\\\/pamiec81.pl\\\/index.php\\\/historia-stanu-wojennego\\\/#breadcrumb\"},\"inLanguage\":\"pl-PL\",\"potentialAction\":[{\"@type\":\"ReadAction\",\"target\":[\"https:\\\/\\\/pamiec81.pl\\\/index.php\\\/historia-stanu-wojennego\\\/\"]}]},{\"@type\":\"ImageObject\",\"inLanguage\":\"pl-PL\",\"@id\":\"https:\\\/\\\/pamiec81.pl\\\/index.php\\\/historia-stanu-wojennego\\\/#primaryimage\",\"url\":\"https:\\\/\\\/pamiec81.pl\\\/wp-content\\\/uploads\\\/2024\\\/10\\\/shutterstock_2397257335.jpg\",\"contentUrl\":\"https:\\\/\\\/pamiec81.pl\\\/wp-content\\\/uploads\\\/2024\\\/10\\\/shutterstock_2397257335.jpg\",\"width\":1000,\"height\":667,\"caption\":\"grudzie\u0144 81\"},{\"@type\":\"BreadcrumbList\",\"@id\":\"https:\\\/\\\/pamiec81.pl\\\/index.php\\\/historia-stanu-wojennego\\\/#breadcrumb\",\"itemListElement\":[{\"@type\":\"ListItem\",\"position\":1,\"name\":\"Strona g\u0142\u00f3wna\",\"item\":\"https:\\\/\\\/pamiec81.pl\\\/\"},{\"@type\":\"ListItem\",\"position\":2,\"name\":\"Historia stanu wojennego\"}]},{\"@type\":\"WebSite\",\"@id\":\"https:\\\/\\\/pamiec81.pl\\\/#website\",\"url\":\"https:\\\/\\\/pamiec81.pl\\\/\",\"name\":\"Grudzie\u0144 1981: Historia i Pami\u0119\u0107\",\"description\":\"Upami\u0119tnijmy stan wojenny grudnia 1981. Razem odkrywajmy histori\u0119, dzielmy si\u0119 wspomnieniami i refleksjami o walce o wolno\u015b\u0107 i prawd\u0119.\",\"publisher\":{\"@id\":\"https:\\\/\\\/pamiec81.pl\\\/#organization\"},\"potentialAction\":[{\"@type\":\"SearchAction\",\"target\":{\"@type\":\"EntryPoint\",\"urlTemplate\":\"https:\\\/\\\/pamiec81.pl\\\/?s={search_term_string}\"},\"query-input\":{\"@type\":\"PropertyValueSpecification\",\"valueRequired\":true,\"valueName\":\"search_term_string\"}}],\"inLanguage\":\"pl-PL\"},{\"@type\":\"Organization\",\"@id\":\"https:\\\/\\\/pamiec81.pl\\\/#organization\",\"name\":\"Grudzie\u0144 1981: Historia i Pami\u0119\u0107\",\"url\":\"https:\\\/\\\/pamiec81.pl\\\/\",\"logo\":{\"@type\":\"ImageObject\",\"inLanguage\":\"pl-PL\",\"@id\":\"https:\\\/\\\/pamiec81.pl\\\/#\\\/schema\\\/logo\\\/image\\\/\",\"url\":\"https:\\\/\\\/pamiec81.pl\\\/wp-content\\\/uploads\\\/2024\\\/10\\\/polskiemorsy.net__3_-removebg-preview.png\",\"contentUrl\":\"https:\\\/\\\/pamiec81.pl\\\/wp-content\\\/uploads\\\/2024\\\/10\\\/polskiemorsy.net__3_-removebg-preview.png\",\"width\":300,\"height\":100,\"caption\":\"Grudzie\u0144 1981: Historia i Pami\u0119\u0107\"},\"image\":{\"@id\":\"https:\\\/\\\/pamiec81.pl\\\/#\\\/schema\\\/logo\\\/image\\\/\"}},{\"@type\":\"Person\",\"@id\":\"https:\\\/\\\/pamiec81.pl\\\/#\\\/schema\\\/person\\\/47024abcf028b8fcf0ddfcf373c4c57e\",\"name\":\"pamiec81\",\"image\":{\"@type\":\"ImageObject\",\"inLanguage\":\"pl-PL\",\"@id\":\"https:\\\/\\\/secure.gravatar.com\\\/avatar\\\/8c6c8a6ddc98c0d8c18a4a687166a69e5fdbc0475752245205a512500cb18d08?s=96&d=mm&r=g\",\"url\":\"https:\\\/\\\/secure.gravatar.com\\\/avatar\\\/8c6c8a6ddc98c0d8c18a4a687166a69e5fdbc0475752245205a512500cb18d08?s=96&d=mm&r=g\",\"contentUrl\":\"https:\\\/\\\/secure.gravatar.com\\\/avatar\\\/8c6c8a6ddc98c0d8c18a4a687166a69e5fdbc0475752245205a512500cb18d08?s=96&d=mm&r=g\",\"caption\":\"pamiec81\"},\"sameAs\":[\"https:\\\/\\\/pamiec81.pl\"],\"url\":\"https:\\\/\\\/pamiec81.pl\\\/index.php\\\/author\\\/pamiec\\\/\"}]}<\/script>\n<!-- \/ Yoast SEO plugin. -->","yoast_head_json":{"title":"Historia stanu wojennego - Grudzie\u0144 1981: Historia i Pami\u0119\u0107","robots":{"index":"index","follow":"follow","max-snippet":"max-snippet:-1","max-image-preview":"max-image-preview:large","max-video-preview":"max-video-preview:-1"},"canonical":"https:\/\/pamiec81.pl\/index.php\/historia-stanu-wojennego\/","og_locale":"pl_PL","og_type":"article","og_title":"Historia stanu wojennego - Grudzie\u0144 1981: Historia i Pami\u0119\u0107","og_description":"Stan wojenny, kt\u00f3ry zosta\u0142 wprowadzony w Polsce 13 grudnia 1981 roku, by\u0142 jednym z najwa\u017cniejszych wydarze\u0144 w najnowszej historii kraju. Ograniczenia swob\u00f3d obywatelskich, represje wobec opozycji i dzia\u0142ania maj\u0105ce na celu utrzymanie w\u0142adzy przez re\u017cim komunistyczny odcisn\u0119\u0142y swoje pi\u0119tno na polskim spo\u0142ecze\u0144stwie. W artykule przedstawimy szczeg\u00f3\u0142owy obraz wydarze\u0144 zwi\u0105zanych z og\u0142oszeniem stanu wojennego, jego przebiegiem...","og_url":"https:\/\/pamiec81.pl\/index.php\/historia-stanu-wojennego\/","og_site_name":"Grudzie\u0144 1981: Historia i Pami\u0119\u0107","article_published_time":"2024-10-14T14:25:58+00:00","article_modified_time":"2024-10-14T14:26:55+00:00","og_image":[{"width":1000,"height":667,"url":"https:\/\/pamiec81.pl\/wp-content\/uploads\/2024\/10\/shutterstock_2397257335.jpg","type":"image\/jpeg"}],"author":"pamiec81","twitter_card":"summary_large_image","twitter_misc":{"Napisane przez":"pamiec81","Szacowany czas czytania":"5 minut"},"schema":{"@context":"https:\/\/schema.org","@graph":[{"@type":"Article","@id":"https:\/\/pamiec81.pl\/index.php\/historia-stanu-wojennego\/#article","isPartOf":{"@id":"https:\/\/pamiec81.pl\/index.php\/historia-stanu-wojennego\/"},"author":{"name":"pamiec81","@id":"https:\/\/pamiec81.pl\/#\/schema\/person\/47024abcf028b8fcf0ddfcf373c4c57e"},"headline":"Historia stanu wojennego","datePublished":"2024-10-14T14:25:58+00:00","dateModified":"2024-10-14T14:26:55+00:00","mainEntityOfPage":{"@id":"https:\/\/pamiec81.pl\/index.php\/historia-stanu-wojennego\/"},"wordCount":925,"publisher":{"@id":"https:\/\/pamiec81.pl\/#organization"},"image":{"@id":"https:\/\/pamiec81.pl\/index.php\/historia-stanu-wojennego\/#primaryimage"},"thumbnailUrl":"https:\/\/pamiec81.pl\/wp-content\/uploads\/2024\/10\/shutterstock_2397257335.jpg","articleSection":["HISTORIA"],"inLanguage":"pl-PL"},{"@type":"WebPage","@id":"https:\/\/pamiec81.pl\/index.php\/historia-stanu-wojennego\/","url":"https:\/\/pamiec81.pl\/index.php\/historia-stanu-wojennego\/","name":"Historia stanu wojennego - Grudzie\u0144 1981: Historia i Pami\u0119\u0107","isPartOf":{"@id":"https:\/\/pamiec81.pl\/#website"},"primaryImageOfPage":{"@id":"https:\/\/pamiec81.pl\/index.php\/historia-stanu-wojennego\/#primaryimage"},"image":{"@id":"https:\/\/pamiec81.pl\/index.php\/historia-stanu-wojennego\/#primaryimage"},"thumbnailUrl":"https:\/\/pamiec81.pl\/wp-content\/uploads\/2024\/10\/shutterstock_2397257335.jpg","datePublished":"2024-10-14T14:25:58+00:00","dateModified":"2024-10-14T14:26:55+00:00","breadcrumb":{"@id":"https:\/\/pamiec81.pl\/index.php\/historia-stanu-wojennego\/#breadcrumb"},"inLanguage":"pl-PL","potentialAction":[{"@type":"ReadAction","target":["https:\/\/pamiec81.pl\/index.php\/historia-stanu-wojennego\/"]}]},{"@type":"ImageObject","inLanguage":"pl-PL","@id":"https:\/\/pamiec81.pl\/index.php\/historia-stanu-wojennego\/#primaryimage","url":"https:\/\/pamiec81.pl\/wp-content\/uploads\/2024\/10\/shutterstock_2397257335.jpg","contentUrl":"https:\/\/pamiec81.pl\/wp-content\/uploads\/2024\/10\/shutterstock_2397257335.jpg","width":1000,"height":667,"caption":"grudzie\u0144 81"},{"@type":"BreadcrumbList","@id":"https:\/\/pamiec81.pl\/index.php\/historia-stanu-wojennego\/#breadcrumb","itemListElement":[{"@type":"ListItem","position":1,"name":"Strona g\u0142\u00f3wna","item":"https:\/\/pamiec81.pl\/"},{"@type":"ListItem","position":2,"name":"Historia stanu wojennego"}]},{"@type":"WebSite","@id":"https:\/\/pamiec81.pl\/#website","url":"https:\/\/pamiec81.pl\/","name":"Grudzie\u0144 1981: Historia i Pami\u0119\u0107","description":"Upami\u0119tnijmy stan wojenny grudnia 1981. Razem odkrywajmy histori\u0119, dzielmy si\u0119 wspomnieniami i refleksjami o walce o wolno\u015b\u0107 i prawd\u0119.","publisher":{"@id":"https:\/\/pamiec81.pl\/#organization"},"potentialAction":[{"@type":"SearchAction","target":{"@type":"EntryPoint","urlTemplate":"https:\/\/pamiec81.pl\/?s={search_term_string}"},"query-input":{"@type":"PropertyValueSpecification","valueRequired":true,"valueName":"search_term_string"}}],"inLanguage":"pl-PL"},{"@type":"Organization","@id":"https:\/\/pamiec81.pl\/#organization","name":"Grudzie\u0144 1981: Historia i Pami\u0119\u0107","url":"https:\/\/pamiec81.pl\/","logo":{"@type":"ImageObject","inLanguage":"pl-PL","@id":"https:\/\/pamiec81.pl\/#\/schema\/logo\/image\/","url":"https:\/\/pamiec81.pl\/wp-content\/uploads\/2024\/10\/polskiemorsy.net__3_-removebg-preview.png","contentUrl":"https:\/\/pamiec81.pl\/wp-content\/uploads\/2024\/10\/polskiemorsy.net__3_-removebg-preview.png","width":300,"height":100,"caption":"Grudzie\u0144 1981: Historia i Pami\u0119\u0107"},"image":{"@id":"https:\/\/pamiec81.pl\/#\/schema\/logo\/image\/"}},{"@type":"Person","@id":"https:\/\/pamiec81.pl\/#\/schema\/person\/47024abcf028b8fcf0ddfcf373c4c57e","name":"pamiec81","image":{"@type":"ImageObject","inLanguage":"pl-PL","@id":"https:\/\/secure.gravatar.com\/avatar\/8c6c8a6ddc98c0d8c18a4a687166a69e5fdbc0475752245205a512500cb18d08?s=96&d=mm&r=g","url":"https:\/\/secure.gravatar.com\/avatar\/8c6c8a6ddc98c0d8c18a4a687166a69e5fdbc0475752245205a512500cb18d08?s=96&d=mm&r=g","contentUrl":"https:\/\/secure.gravatar.com\/avatar\/8c6c8a6ddc98c0d8c18a4a687166a69e5fdbc0475752245205a512500cb18d08?s=96&d=mm&r=g","caption":"pamiec81"},"sameAs":["https:\/\/pamiec81.pl"],"url":"https:\/\/pamiec81.pl\/index.php\/author\/pamiec\/"}]}},"_links":{"self":[{"href":"https:\/\/pamiec81.pl\/index.php\/wp-json\/wp\/v2\/posts\/1419","targetHints":{"allow":["GET"]}}],"collection":[{"href":"https:\/\/pamiec81.pl\/index.php\/wp-json\/wp\/v2\/posts"}],"about":[{"href":"https:\/\/pamiec81.pl\/index.php\/wp-json\/wp\/v2\/types\/post"}],"author":[{"embeddable":true,"href":"https:\/\/pamiec81.pl\/index.php\/wp-json\/wp\/v2\/users\/1"}],"replies":[{"embeddable":true,"href":"https:\/\/pamiec81.pl\/index.php\/wp-json\/wp\/v2\/comments?post=1419"}],"version-history":[{"count":1,"href":"https:\/\/pamiec81.pl\/index.php\/wp-json\/wp\/v2\/posts\/1419\/revisions"}],"predecessor-version":[{"id":1421,"href":"https:\/\/pamiec81.pl\/index.php\/wp-json\/wp\/v2\/posts\/1419\/revisions\/1421"}],"wp:featuredmedia":[{"embeddable":true,"href":"https:\/\/pamiec81.pl\/index.php\/wp-json\/wp\/v2\/media\/1378"}],"wp:attachment":[{"href":"https:\/\/pamiec81.pl\/index.php\/wp-json\/wp\/v2\/media?parent=1419"}],"wp:term":[{"taxonomy":"category","embeddable":true,"href":"https:\/\/pamiec81.pl\/index.php\/wp-json\/wp\/v2\/categories?post=1419"},{"taxonomy":"post_tag","embeddable":true,"href":"https:\/\/pamiec81.pl\/index.php\/wp-json\/wp\/v2\/tags?post=1419"}],"curies":[{"name":"wp","href":"https:\/\/api.w.org\/{rel}","templated":true}]}}