{"id":1384,"date":"2024-10-08T11:02:23","date_gmt":"2024-10-08T11:02:23","guid":{"rendered":"https:\/\/pamiec81.pl\/?p=1384"},"modified":"2024-10-08T11:02:48","modified_gmt":"2024-10-08T11:02:48","slug":"drogowskazy-pozostawione-przez-kard-stefana-wyszynskiego-na-czas-kryzys","status":"publish","type":"post","link":"https:\/\/pamiec81.pl\/index.php\/drogowskazy-pozostawione-przez-kard-stefana-wyszynskiego-na-czas-kryzys\/","title":{"rendered":"Drogowskazy pozostawione przez kardyna\u0142a Stefana Wyszy\u0144skiego na czas kryzysu"},"content":{"rendered":"\n<p><strong>Kardyna\u0142 Stefan Wyszy\u0144ski, prymas Polski, to jedna z najwa\u017cniejszych postaci w historii Ko\u015bcio\u0142a katolickiego w Polsce oraz kluczowa figura w walce o prawa cz\u0142owieka i demokracj\u0119 w okresie PRL. Jego nauczanie i dzia\u0142alno\u015b\u0107 duszpasterska pozostawi\u0142y niezatarte \u015blady w polskim spo\u0142ecze\u0144stwie, a jego my\u015bli i przes\u0142ania wci\u0105\u017c s\u0105 aktualne, zw\u0142aszcza w obliczu wsp\u00f3\u0142czesnych kryzys\u00f3w.<\/strong><\/p>\n\n\n\n<h2 class=\"wp-block-heading\">Kto by\u0142 kardyna\u0142 Stefan Wyszy\u0144ski?<\/h2>\n\n\n\n<p>Stefan Wyszy\u0144ski urodzi\u0142 si\u0119 3 sierpnia 1901 roku w Zuzeli. Po uko\u0144czeniu studi\u00f3w teologicznych w Warszawie i uzyskaniu \u015bwi\u0119ce\u0144 kap\u0142a\u0144skich w 1924 roku, szybko zyska\u0142 uznanie jako wybitny duchowny i teolog. W 1948 roku zosta\u0142 mianowany arcybiskupem gnie\u017anie\u0144skim i prymasem Polski. W czasie swojej pos\u0142ugi nie tylko stawia\u0142 czo\u0142a totalitaryzmowi komunistycznemu, ale tak\u017ce inspirowa\u0142 Polak\u00f3w do walki o godno\u015b\u0107 i prawd\u0119.<\/p>\n\n\n\n<h2 class=\"wp-block-heading\">Kryzysy w historii Polski<\/h2>\n\n\n\n<p>Polska w XX wieku do\u015bwiadczy\u0142a wielu kryzys\u00f3w, zar\u00f3wno politycznych, jak i spo\u0142ecznych. Okres PRL by\u0142 czasem nieustannej walki o wolno\u015b\u0107, co zaowocowa\u0142o m.in. powstaniem ruchu Solidarno\u015b\u0107. W obliczu tych kryzys\u00f3w Wyszy\u0144ski sta\u0142 si\u0119 g\u0142osem nadziei i moralno\u015bci, oferuj\u0105c spo\u0142ecze\u0144stwu &#8222;drogowskazy&#8221;, kt\u00f3re mia\u0142y prowadzi\u0107 przez trudno\u015bci.<\/p>\n\n\n\n<h2 class=\"wp-block-heading\">Warto\u015bci i przes\u0142ania<\/h2>\n\n\n\n<p>Kardyna\u0142 Wyszy\u0144ski pozostawi\u0142 po sobie szereg warto\u015bci i przes\u0142a\u0144, kt\u00f3re s\u0105 szczeg\u00f3lnie wa\u017cne w kontek\u015bcie wsp\u00f3\u0142czesnych kryzys\u00f3w:<\/p>\n\n\n\n<ul class=\"wp-block-list\">\n<li><strong>Zasada prawdy:<\/strong> Wyszy\u0144ski podkre\u015bla\u0142, \u017ce prawda jest fundamentem ka\u017cdej relacji, zar\u00f3wno w \u017cyciu osobistym, jak i spo\u0142ecznym. W czasach kryzysu moralnego, apelowa\u0142 do Polak\u00f3w o poszukiwanie i g\u0142oszenie prawdy, nawet w obliczu represji.<\/li>\n\n\n\n<li><strong>Solidarno\u015b\u0107:<\/strong> W obliczu trudno\u015bci, Wyszy\u0144ski nawo\u0142ywa\u0142 do solidarno\u015bci spo\u0142ecznej. Uwa\u017ca\u0142, \u017ce tylko wsp\u00f3lne dzia\u0142ania, oparte na zaufaniu i wsp\u00f3\u0142pracy, mog\u0105 przynie\u015b\u0107 realn\u0105 zmian\u0119 i popraw\u0119 sytuacji w kraju.<\/li>\n\n\n\n<li><strong>Warto\u015b\u0107 rodziny:<\/strong> Kardyna\u0142 podkre\u015bla\u0142 znaczenie rodziny jako podstawowej kom\u00f3rki spo\u0142ecznej. W czasach kryzysu rodzinne wi\u0119zi staj\u0105 si\u0119 szczeg\u00f3lnie wa\u017cne, dlatego nawo\u0142ywa\u0142 do ich piel\u0119gnowania i wzmacniania.<\/li>\n\n\n\n<li><strong>Duchowa odnowa:<\/strong> W obliczu kryzys\u00f3w, Wyszy\u0144ski wzywa\u0142 do wewn\u0119trznej refleksji i duchowej odnowy. Uwa\u017ca\u0142, \u017ce tylko poprzez osobist\u0105 przemian\u0119 mo\u017cna wp\u0142ywa\u0107 na otaczaj\u0105cy \u015bwiat.<\/li>\n<\/ul>\n\n\n\n<h2 class=\"wp-block-heading\">Dziedzictwo kardyna\u0142a Wyszy\u0144skiego<\/h2>\n\n\n\n<p>Drogowskazy pozostawione przez kardyna\u0142a Wyszy\u0144skiego s\u0105 niezwykle aktualne w dzisiejszych czasach. W obliczu kryzys\u00f3w politycznych, spo\u0142ecznych i ekologicznych, jego przes\u0142ania mog\u0105 inspirowa\u0107 nowe pokolenia do dzia\u0142ania na rzecz lepszego jutra. Warto\u015bci, kt\u00f3re promowa\u0142, takie jak prawda, solidarno\u015b\u0107, rodzina i duchowo\u015b\u0107, mog\u0105 stanowi\u0107 fundament, na kt\u00f3rym zbudujemy zdrowsze spo\u0142ecze\u0144stwo.<\/p>\n\n\n\n<p>Kardyna\u0142 Stefan Wyszy\u0144ski pozostawi\u0142 po sobie nie tylko \u015blad w historii Ko\u015bcio\u0142a i Polski, ale r\u00f3wnie\u017c drogowskazy, kt\u00f3re wci\u0105\u017c prowadz\u0105 nas przez trudne czasy. Jego przes\u0142ania przypominaj\u0105 nam, jak wa\u017cne s\u0105 warto\u015bci, kt\u00f3re kszta\u0142tuj\u0105 nasze \u017cycie i nasz\u0105 spo\u0142eczno\u015b\u0107. W obliczu wsp\u00f3\u0142czesnych kryzys\u00f3w, warto si\u0119gn\u0105\u0107 po nauki Wyszy\u0144skiego, aby odnale\u017a\u0107 si\u0142\u0119 i nadziej\u0119 w walce o lepsze jutro.<\/p>\n","protected":false},"excerpt":{"rendered":"<p>Kardyna\u0142 Stefan Wyszy\u0144ski, prymas Polski, to jedna z najwa\u017cniejszych postaci w historii Ko\u015bcio\u0142a katolickiego w Polsce oraz kluczowa figura w walce o prawa cz\u0142owieka i demokracj\u0119 w okresie PRL. Jego nauczanie i dzia\u0142alno\u015b\u0107 duszpasterska pozostawi\u0142y niezatarte \u015blady w polskim spo\u0142ecze\u0144stwie, a jego my\u015bli i przes\u0142ania wci\u0105\u017c s\u0105 aktualne, zw\u0142aszcza w obliczu wsp\u00f3\u0142czesnych kryzys\u00f3w. Kto by\u0142&#8230;<\/p>\n","protected":false},"author":1,"featured_media":1368,"comment_status":"closed","ping_status":"closed","sticky":false,"template":"","format":"standard","meta":{"_kadence_starter_templates_imported_post":false,"_kad_post_transparent":"","_kad_post_title":"","_kad_post_layout":"","_kad_post_sidebar_id":"","_kad_post_content_style":"","_kad_post_vertical_padding":"","_kad_post_feature":"","_kad_post_feature_position":"","_kad_post_header":false,"_kad_post_footer":false,"_kad_post_classname":"","footnotes":""},"categories":[1],"tags":[],"class_list":["post-1384","post","type-post","status-publish","format-standard","has-post-thumbnail","hentry","category-blog"],"yoast_head":"<!-- This site is optimized with the Yoast SEO plugin v27.5 - https:\/\/yoast.com\/product\/yoast-seo-wordpress\/ -->\n<title>Drogowskazy pozostawione przez kardyna\u0142a Stefana Wyszy\u0144skiego na czas kryzysu - Grudzie\u0144 1981: Historia i Pami\u0119\u0107<\/title>\n<meta name=\"robots\" content=\"index, follow, max-snippet:-1, max-image-preview:large, max-video-preview:-1\" \/>\n<link rel=\"canonical\" href=\"https:\/\/pamiec81.pl\/index.php\/drogowskazy-pozostawione-przez-kard-stefana-wyszynskiego-na-czas-kryzys\/\" \/>\n<meta property=\"og:locale\" content=\"pl_PL\" \/>\n<meta property=\"og:type\" content=\"article\" \/>\n<meta property=\"og:title\" content=\"Drogowskazy pozostawione przez kardyna\u0142a Stefana Wyszy\u0144skiego na czas kryzysu - Grudzie\u0144 1981: Historia i Pami\u0119\u0107\" \/>\n<meta property=\"og:description\" content=\"Kardyna\u0142 Stefan Wyszy\u0144ski, prymas Polski, to jedna z najwa\u017cniejszych postaci w historii Ko\u015bcio\u0142a katolickiego w Polsce oraz kluczowa figura w walce o prawa cz\u0142owieka i demokracj\u0119 w okresie PRL. Jego nauczanie i dzia\u0142alno\u015b\u0107 duszpasterska pozostawi\u0142y niezatarte \u015blady w polskim spo\u0142ecze\u0144stwie, a jego my\u015bli i przes\u0142ania wci\u0105\u017c s\u0105 aktualne, zw\u0142aszcza w obliczu wsp\u00f3\u0142czesnych kryzys\u00f3w. Kto by\u0142...\" \/>\n<meta property=\"og:url\" content=\"https:\/\/pamiec81.pl\/index.php\/drogowskazy-pozostawione-przez-kard-stefana-wyszynskiego-na-czas-kryzys\/\" \/>\n<meta property=\"og:site_name\" content=\"Grudzie\u0144 1981: Historia i Pami\u0119\u0107\" \/>\n<meta property=\"article:published_time\" content=\"2024-10-08T11:02:23+00:00\" \/>\n<meta property=\"article:modified_time\" content=\"2024-10-08T11:02:48+00:00\" \/>\n<meta property=\"og:image\" content=\"https:\/\/pamiec81.pl\/wp-content\/uploads\/2024\/10\/shutterstock_2324819439.jpg\" \/>\n\t<meta property=\"og:image:width\" content=\"1000\" \/>\n\t<meta property=\"og:image:height\" content=\"667\" \/>\n\t<meta property=\"og:image:type\" content=\"image\/jpeg\" \/>\n<meta name=\"author\" content=\"pamiec81\" \/>\n<meta name=\"twitter:card\" content=\"summary_large_image\" \/>\n<meta name=\"twitter:label1\" content=\"Napisane przez\" \/>\n\t<meta name=\"twitter:data1\" content=\"pamiec81\" \/>\n\t<meta name=\"twitter:label2\" content=\"Szacowany czas czytania\" \/>\n\t<meta name=\"twitter:data2\" content=\"3 minuty\" \/>\n<script type=\"application\/ld+json\" class=\"yoast-schema-graph\">{\"@context\":\"https:\\\/\\\/schema.org\",\"@graph\":[{\"@type\":\"Article\",\"@id\":\"https:\\\/\\\/pamiec81.pl\\\/index.php\\\/drogowskazy-pozostawione-przez-kard-stefana-wyszynskiego-na-czas-kryzys\\\/#article\",\"isPartOf\":{\"@id\":\"https:\\\/\\\/pamiec81.pl\\\/index.php\\\/drogowskazy-pozostawione-przez-kard-stefana-wyszynskiego-na-czas-kryzys\\\/\"},\"author\":{\"name\":\"pamiec81\",\"@id\":\"https:\\\/\\\/pamiec81.pl\\\/#\\\/schema\\\/person\\\/47024abcf028b8fcf0ddfcf373c4c57e\"},\"headline\":\"Drogowskazy pozostawione przez kardyna\u0142a Stefana Wyszy\u0144skiego na czas kryzysu\",\"datePublished\":\"2024-10-08T11:02:23+00:00\",\"dateModified\":\"2024-10-08T11:02:48+00:00\",\"mainEntityOfPage\":{\"@id\":\"https:\\\/\\\/pamiec81.pl\\\/index.php\\\/drogowskazy-pozostawione-przez-kard-stefana-wyszynskiego-na-czas-kryzys\\\/\"},\"wordCount\":529,\"publisher\":{\"@id\":\"https:\\\/\\\/pamiec81.pl\\\/#organization\"},\"image\":{\"@id\":\"https:\\\/\\\/pamiec81.pl\\\/index.php\\\/drogowskazy-pozostawione-przez-kard-stefana-wyszynskiego-na-czas-kryzys\\\/#primaryimage\"},\"thumbnailUrl\":\"https:\\\/\\\/pamiec81.pl\\\/wp-content\\\/uploads\\\/2024\\\/10\\\/shutterstock_2324819439.jpg\",\"articleSection\":[\"Blog\"],\"inLanguage\":\"pl-PL\"},{\"@type\":\"WebPage\",\"@id\":\"https:\\\/\\\/pamiec81.pl\\\/index.php\\\/drogowskazy-pozostawione-przez-kard-stefana-wyszynskiego-na-czas-kryzys\\\/\",\"url\":\"https:\\\/\\\/pamiec81.pl\\\/index.php\\\/drogowskazy-pozostawione-przez-kard-stefana-wyszynskiego-na-czas-kryzys\\\/\",\"name\":\"Drogowskazy pozostawione przez kardyna\u0142a Stefana Wyszy\u0144skiego na czas kryzysu - Grudzie\u0144 1981: Historia i Pami\u0119\u0107\",\"isPartOf\":{\"@id\":\"https:\\\/\\\/pamiec81.pl\\\/#website\"},\"primaryImageOfPage\":{\"@id\":\"https:\\\/\\\/pamiec81.pl\\\/index.php\\\/drogowskazy-pozostawione-przez-kard-stefana-wyszynskiego-na-czas-kryzys\\\/#primaryimage\"},\"image\":{\"@id\":\"https:\\\/\\\/pamiec81.pl\\\/index.php\\\/drogowskazy-pozostawione-przez-kard-stefana-wyszynskiego-na-czas-kryzys\\\/#primaryimage\"},\"thumbnailUrl\":\"https:\\\/\\\/pamiec81.pl\\\/wp-content\\\/uploads\\\/2024\\\/10\\\/shutterstock_2324819439.jpg\",\"datePublished\":\"2024-10-08T11:02:23+00:00\",\"dateModified\":\"2024-10-08T11:02:48+00:00\",\"breadcrumb\":{\"@id\":\"https:\\\/\\\/pamiec81.pl\\\/index.php\\\/drogowskazy-pozostawione-przez-kard-stefana-wyszynskiego-na-czas-kryzys\\\/#breadcrumb\"},\"inLanguage\":\"pl-PL\",\"potentialAction\":[{\"@type\":\"ReadAction\",\"target\":[\"https:\\\/\\\/pamiec81.pl\\\/index.php\\\/drogowskazy-pozostawione-przez-kard-stefana-wyszynskiego-na-czas-kryzys\\\/\"]}]},{\"@type\":\"ImageObject\",\"inLanguage\":\"pl-PL\",\"@id\":\"https:\\\/\\\/pamiec81.pl\\\/index.php\\\/drogowskazy-pozostawione-przez-kard-stefana-wyszynskiego-na-czas-kryzys\\\/#primaryimage\",\"url\":\"https:\\\/\\\/pamiec81.pl\\\/wp-content\\\/uploads\\\/2024\\\/10\\\/shutterstock_2324819439.jpg\",\"contentUrl\":\"https:\\\/\\\/pamiec81.pl\\\/wp-content\\\/uploads\\\/2024\\\/10\\\/shutterstock_2324819439.jpg\",\"width\":1000,\"height\":667,\"caption\":\"Historia Polski\"},{\"@type\":\"BreadcrumbList\",\"@id\":\"https:\\\/\\\/pamiec81.pl\\\/index.php\\\/drogowskazy-pozostawione-przez-kard-stefana-wyszynskiego-na-czas-kryzys\\\/#breadcrumb\",\"itemListElement\":[{\"@type\":\"ListItem\",\"position\":1,\"name\":\"Strona g\u0142\u00f3wna\",\"item\":\"https:\\\/\\\/pamiec81.pl\\\/\"},{\"@type\":\"ListItem\",\"position\":2,\"name\":\"Drogowskazy pozostawione przez kardyna\u0142a Stefana Wyszy\u0144skiego na czas kryzysu\"}]},{\"@type\":\"WebSite\",\"@id\":\"https:\\\/\\\/pamiec81.pl\\\/#website\",\"url\":\"https:\\\/\\\/pamiec81.pl\\\/\",\"name\":\"Grudzie\u0144 1981: Historia i Pami\u0119\u0107\",\"description\":\"Upami\u0119tnijmy stan wojenny grudnia 1981. Razem odkrywajmy histori\u0119, dzielmy si\u0119 wspomnieniami i refleksjami o walce o wolno\u015b\u0107 i prawd\u0119.\",\"publisher\":{\"@id\":\"https:\\\/\\\/pamiec81.pl\\\/#organization\"},\"potentialAction\":[{\"@type\":\"SearchAction\",\"target\":{\"@type\":\"EntryPoint\",\"urlTemplate\":\"https:\\\/\\\/pamiec81.pl\\\/?s={search_term_string}\"},\"query-input\":{\"@type\":\"PropertyValueSpecification\",\"valueRequired\":true,\"valueName\":\"search_term_string\"}}],\"inLanguage\":\"pl-PL\"},{\"@type\":\"Organization\",\"@id\":\"https:\\\/\\\/pamiec81.pl\\\/#organization\",\"name\":\"Grudzie\u0144 1981: Historia i Pami\u0119\u0107\",\"url\":\"https:\\\/\\\/pamiec81.pl\\\/\",\"logo\":{\"@type\":\"ImageObject\",\"inLanguage\":\"pl-PL\",\"@id\":\"https:\\\/\\\/pamiec81.pl\\\/#\\\/schema\\\/logo\\\/image\\\/\",\"url\":\"https:\\\/\\\/pamiec81.pl\\\/wp-content\\\/uploads\\\/2024\\\/10\\\/polskiemorsy.net__3_-removebg-preview.png\",\"contentUrl\":\"https:\\\/\\\/pamiec81.pl\\\/wp-content\\\/uploads\\\/2024\\\/10\\\/polskiemorsy.net__3_-removebg-preview.png\",\"width\":300,\"height\":100,\"caption\":\"Grudzie\u0144 1981: Historia i Pami\u0119\u0107\"},\"image\":{\"@id\":\"https:\\\/\\\/pamiec81.pl\\\/#\\\/schema\\\/logo\\\/image\\\/\"}},{\"@type\":\"Person\",\"@id\":\"https:\\\/\\\/pamiec81.pl\\\/#\\\/schema\\\/person\\\/47024abcf028b8fcf0ddfcf373c4c57e\",\"name\":\"pamiec81\",\"image\":{\"@type\":\"ImageObject\",\"inLanguage\":\"pl-PL\",\"@id\":\"https:\\\/\\\/secure.gravatar.com\\\/avatar\\\/8c6c8a6ddc98c0d8c18a4a687166a69e5fdbc0475752245205a512500cb18d08?s=96&d=mm&r=g\",\"url\":\"https:\\\/\\\/secure.gravatar.com\\\/avatar\\\/8c6c8a6ddc98c0d8c18a4a687166a69e5fdbc0475752245205a512500cb18d08?s=96&d=mm&r=g\",\"contentUrl\":\"https:\\\/\\\/secure.gravatar.com\\\/avatar\\\/8c6c8a6ddc98c0d8c18a4a687166a69e5fdbc0475752245205a512500cb18d08?s=96&d=mm&r=g\",\"caption\":\"pamiec81\"},\"sameAs\":[\"https:\\\/\\\/pamiec81.pl\"],\"url\":\"https:\\\/\\\/pamiec81.pl\\\/index.php\\\/author\\\/pamiec\\\/\"}]}<\/script>\n<!-- \/ Yoast SEO plugin. -->","yoast_head_json":{"title":"Drogowskazy pozostawione przez kardyna\u0142a Stefana Wyszy\u0144skiego na czas kryzysu - Grudzie\u0144 1981: Historia i Pami\u0119\u0107","robots":{"index":"index","follow":"follow","max-snippet":"max-snippet:-1","max-image-preview":"max-image-preview:large","max-video-preview":"max-video-preview:-1"},"canonical":"https:\/\/pamiec81.pl\/index.php\/drogowskazy-pozostawione-przez-kard-stefana-wyszynskiego-na-czas-kryzys\/","og_locale":"pl_PL","og_type":"article","og_title":"Drogowskazy pozostawione przez kardyna\u0142a Stefana Wyszy\u0144skiego na czas kryzysu - Grudzie\u0144 1981: Historia i Pami\u0119\u0107","og_description":"Kardyna\u0142 Stefan Wyszy\u0144ski, prymas Polski, to jedna z najwa\u017cniejszych postaci w historii Ko\u015bcio\u0142a katolickiego w Polsce oraz kluczowa figura w walce o prawa cz\u0142owieka i demokracj\u0119 w okresie PRL. Jego nauczanie i dzia\u0142alno\u015b\u0107 duszpasterska pozostawi\u0142y niezatarte \u015blady w polskim spo\u0142ecze\u0144stwie, a jego my\u015bli i przes\u0142ania wci\u0105\u017c s\u0105 aktualne, zw\u0142aszcza w obliczu wsp\u00f3\u0142czesnych kryzys\u00f3w. Kto by\u0142...","og_url":"https:\/\/pamiec81.pl\/index.php\/drogowskazy-pozostawione-przez-kard-stefana-wyszynskiego-na-czas-kryzys\/","og_site_name":"Grudzie\u0144 1981: Historia i Pami\u0119\u0107","article_published_time":"2024-10-08T11:02:23+00:00","article_modified_time":"2024-10-08T11:02:48+00:00","og_image":[{"width":1000,"height":667,"url":"https:\/\/pamiec81.pl\/wp-content\/uploads\/2024\/10\/shutterstock_2324819439.jpg","type":"image\/jpeg"}],"author":"pamiec81","twitter_card":"summary_large_image","twitter_misc":{"Napisane przez":"pamiec81","Szacowany czas czytania":"3 minuty"},"schema":{"@context":"https:\/\/schema.org","@graph":[{"@type":"Article","@id":"https:\/\/pamiec81.pl\/index.php\/drogowskazy-pozostawione-przez-kard-stefana-wyszynskiego-na-czas-kryzys\/#article","isPartOf":{"@id":"https:\/\/pamiec81.pl\/index.php\/drogowskazy-pozostawione-przez-kard-stefana-wyszynskiego-na-czas-kryzys\/"},"author":{"name":"pamiec81","@id":"https:\/\/pamiec81.pl\/#\/schema\/person\/47024abcf028b8fcf0ddfcf373c4c57e"},"headline":"Drogowskazy pozostawione przez kardyna\u0142a Stefana Wyszy\u0144skiego na czas kryzysu","datePublished":"2024-10-08T11:02:23+00:00","dateModified":"2024-10-08T11:02:48+00:00","mainEntityOfPage":{"@id":"https:\/\/pamiec81.pl\/index.php\/drogowskazy-pozostawione-przez-kard-stefana-wyszynskiego-na-czas-kryzys\/"},"wordCount":529,"publisher":{"@id":"https:\/\/pamiec81.pl\/#organization"},"image":{"@id":"https:\/\/pamiec81.pl\/index.php\/drogowskazy-pozostawione-przez-kard-stefana-wyszynskiego-na-czas-kryzys\/#primaryimage"},"thumbnailUrl":"https:\/\/pamiec81.pl\/wp-content\/uploads\/2024\/10\/shutterstock_2324819439.jpg","articleSection":["Blog"],"inLanguage":"pl-PL"},{"@type":"WebPage","@id":"https:\/\/pamiec81.pl\/index.php\/drogowskazy-pozostawione-przez-kard-stefana-wyszynskiego-na-czas-kryzys\/","url":"https:\/\/pamiec81.pl\/index.php\/drogowskazy-pozostawione-przez-kard-stefana-wyszynskiego-na-czas-kryzys\/","name":"Drogowskazy pozostawione przez kardyna\u0142a Stefana Wyszy\u0144skiego na czas kryzysu - Grudzie\u0144 1981: Historia i Pami\u0119\u0107","isPartOf":{"@id":"https:\/\/pamiec81.pl\/#website"},"primaryImageOfPage":{"@id":"https:\/\/pamiec81.pl\/index.php\/drogowskazy-pozostawione-przez-kard-stefana-wyszynskiego-na-czas-kryzys\/#primaryimage"},"image":{"@id":"https:\/\/pamiec81.pl\/index.php\/drogowskazy-pozostawione-przez-kard-stefana-wyszynskiego-na-czas-kryzys\/#primaryimage"},"thumbnailUrl":"https:\/\/pamiec81.pl\/wp-content\/uploads\/2024\/10\/shutterstock_2324819439.jpg","datePublished":"2024-10-08T11:02:23+00:00","dateModified":"2024-10-08T11:02:48+00:00","breadcrumb":{"@id":"https:\/\/pamiec81.pl\/index.php\/drogowskazy-pozostawione-przez-kard-stefana-wyszynskiego-na-czas-kryzys\/#breadcrumb"},"inLanguage":"pl-PL","potentialAction":[{"@type":"ReadAction","target":["https:\/\/pamiec81.pl\/index.php\/drogowskazy-pozostawione-przez-kard-stefana-wyszynskiego-na-czas-kryzys\/"]}]},{"@type":"ImageObject","inLanguage":"pl-PL","@id":"https:\/\/pamiec81.pl\/index.php\/drogowskazy-pozostawione-przez-kard-stefana-wyszynskiego-na-czas-kryzys\/#primaryimage","url":"https:\/\/pamiec81.pl\/wp-content\/uploads\/2024\/10\/shutterstock_2324819439.jpg","contentUrl":"https:\/\/pamiec81.pl\/wp-content\/uploads\/2024\/10\/shutterstock_2324819439.jpg","width":1000,"height":667,"caption":"Historia Polski"},{"@type":"BreadcrumbList","@id":"https:\/\/pamiec81.pl\/index.php\/drogowskazy-pozostawione-przez-kard-stefana-wyszynskiego-na-czas-kryzys\/#breadcrumb","itemListElement":[{"@type":"ListItem","position":1,"name":"Strona g\u0142\u00f3wna","item":"https:\/\/pamiec81.pl\/"},{"@type":"ListItem","position":2,"name":"Drogowskazy pozostawione przez kardyna\u0142a Stefana Wyszy\u0144skiego na czas kryzysu"}]},{"@type":"WebSite","@id":"https:\/\/pamiec81.pl\/#website","url":"https:\/\/pamiec81.pl\/","name":"Grudzie\u0144 1981: Historia i Pami\u0119\u0107","description":"Upami\u0119tnijmy stan wojenny grudnia 1981. Razem odkrywajmy histori\u0119, dzielmy si\u0119 wspomnieniami i refleksjami o walce o wolno\u015b\u0107 i prawd\u0119.","publisher":{"@id":"https:\/\/pamiec81.pl\/#organization"},"potentialAction":[{"@type":"SearchAction","target":{"@type":"EntryPoint","urlTemplate":"https:\/\/pamiec81.pl\/?s={search_term_string}"},"query-input":{"@type":"PropertyValueSpecification","valueRequired":true,"valueName":"search_term_string"}}],"inLanguage":"pl-PL"},{"@type":"Organization","@id":"https:\/\/pamiec81.pl\/#organization","name":"Grudzie\u0144 1981: Historia i Pami\u0119\u0107","url":"https:\/\/pamiec81.pl\/","logo":{"@type":"ImageObject","inLanguage":"pl-PL","@id":"https:\/\/pamiec81.pl\/#\/schema\/logo\/image\/","url":"https:\/\/pamiec81.pl\/wp-content\/uploads\/2024\/10\/polskiemorsy.net__3_-removebg-preview.png","contentUrl":"https:\/\/pamiec81.pl\/wp-content\/uploads\/2024\/10\/polskiemorsy.net__3_-removebg-preview.png","width":300,"height":100,"caption":"Grudzie\u0144 1981: Historia i Pami\u0119\u0107"},"image":{"@id":"https:\/\/pamiec81.pl\/#\/schema\/logo\/image\/"}},{"@type":"Person","@id":"https:\/\/pamiec81.pl\/#\/schema\/person\/47024abcf028b8fcf0ddfcf373c4c57e","name":"pamiec81","image":{"@type":"ImageObject","inLanguage":"pl-PL","@id":"https:\/\/secure.gravatar.com\/avatar\/8c6c8a6ddc98c0d8c18a4a687166a69e5fdbc0475752245205a512500cb18d08?s=96&d=mm&r=g","url":"https:\/\/secure.gravatar.com\/avatar\/8c6c8a6ddc98c0d8c18a4a687166a69e5fdbc0475752245205a512500cb18d08?s=96&d=mm&r=g","contentUrl":"https:\/\/secure.gravatar.com\/avatar\/8c6c8a6ddc98c0d8c18a4a687166a69e5fdbc0475752245205a512500cb18d08?s=96&d=mm&r=g","caption":"pamiec81"},"sameAs":["https:\/\/pamiec81.pl"],"url":"https:\/\/pamiec81.pl\/index.php\/author\/pamiec\/"}]}},"_links":{"self":[{"href":"https:\/\/pamiec81.pl\/index.php\/wp-json\/wp\/v2\/posts\/1384","targetHints":{"allow":["GET"]}}],"collection":[{"href":"https:\/\/pamiec81.pl\/index.php\/wp-json\/wp\/v2\/posts"}],"about":[{"href":"https:\/\/pamiec81.pl\/index.php\/wp-json\/wp\/v2\/types\/post"}],"author":[{"embeddable":true,"href":"https:\/\/pamiec81.pl\/index.php\/wp-json\/wp\/v2\/users\/1"}],"replies":[{"embeddable":true,"href":"https:\/\/pamiec81.pl\/index.php\/wp-json\/wp\/v2\/comments?post=1384"}],"version-history":[{"count":1,"href":"https:\/\/pamiec81.pl\/index.php\/wp-json\/wp\/v2\/posts\/1384\/revisions"}],"predecessor-version":[{"id":1385,"href":"https:\/\/pamiec81.pl\/index.php\/wp-json\/wp\/v2\/posts\/1384\/revisions\/1385"}],"wp:featuredmedia":[{"embeddable":true,"href":"https:\/\/pamiec81.pl\/index.php\/wp-json\/wp\/v2\/media\/1368"}],"wp:attachment":[{"href":"https:\/\/pamiec81.pl\/index.php\/wp-json\/wp\/v2\/media?parent=1384"}],"wp:term":[{"taxonomy":"category","embeddable":true,"href":"https:\/\/pamiec81.pl\/index.php\/wp-json\/wp\/v2\/categories?post=1384"},{"taxonomy":"post_tag","embeddable":true,"href":"https:\/\/pamiec81.pl\/index.php\/wp-json\/wp\/v2\/tags?post=1384"}],"curies":[{"name":"wp","href":"https:\/\/api.w.org\/{rel}","templated":true}]}}